{"id":41926,"date":"2011-11-03T18:41:55","date_gmt":"2011-11-03T16:41:55","guid":{"rendered":"http:\/\/www.korhanyilmaz.com\/?p=41926"},"modified":"2011-11-04T06:39:14","modified_gmt":"2011-11-04T04:39:14","slug":"deprem-savcisi-kararli-sorumlular-hesap-verecek","status":"publish","type":"post","link":"http:\/\/www.korhanyilmaz.com\/?p=41926","title":{"rendered":"Deprem savc\u0131s\u0131 kararl\u0131: Sorumlular hesap verecek"},"content":{"rendered":"<p style=\"text-align: center;\"><a href=\"http:\/\/www.korhanyilmaz.com\/wp-content\/uploads\/2011\/11\/3090.jpg\"  class=\"lightview\"><img loading=\"lazy\" decoding=\"async\" class=\"aligncenter  wp-image-41927\" src=\"http:\/\/www.korhanyilmaz.com\/wp-content\/uploads\/2011\/11\/3090.jpg\" alt=\"\" width=\"320\" height=\"214\" \/><\/a><\/p>\n<p style=\"text-align: justify;\">Erci\u015f Cumhuriyet Ba\u015fsavc\u0131s\u0131 Kemal Arabac\u0131, depremde y\u0131k\u0131lan binalarla ilgili ba\u015flat\u0131lan soru\u015fturman\u0131n kapsaml\u0131 olarak devam etti\u011fini belirterek, &#8220;Kamuoyunun \u015f\u00fcphesi olmas\u0131n ki sorumlular ve kusuru bulunanlar adalet \u00f6n\u00fcnde hesap verecektir&#8221; dedi.<!--more--><\/p>\n<p style=\"text-align: justify;\">Van&#8217;da 23 Ekim&#8217;de meydana gelen 7.2 b\u00fcy\u00fckl\u00fc\u011f\u00fcndeki depremden sonra Van ve Erci\u015f cumhuriyet ba\u015fsavc\u0131l\u0131klar\u0131nca, y\u0131k\u0131lan binalarla ilgili ba\u015flat\u0131lan soru\u015fturma devam ediyor. Erci\u015f Adliyesi \u00f6n\u00fcnde gazetecilere a\u00e7\u0131klama yapan Erci\u015f Cumhuriyet Ba\u015fsavc\u0131s\u0131 Kemal Arabac\u0131, enkazlar\u0131n kald\u0131r\u0131lmas\u0131na y\u00f6nelik bir yasak getirmediklerini s\u00f6yledi. Sadece deliller toplan\u0131ncaya kadar enkazlar\u0131n muhafazas\u0131n\u0131 sa\u011flad\u0131klar\u0131n\u0131 vurgulayan Arabac\u0131, \u201c\u00d6nceki g\u00fcn itibar\u0131yla delil toplama i\u015flemini bitirdik. Enkaz kald\u0131rma i\u015flemini Kriz Masas\u0131 yapacak. Bu konuda bir yasak yok\u201d dedi.<\/p>\n<p style=\"text-align: justify;\">Soru\u015fturman\u0131n gizlilik i\u00e7inde y\u00fcr\u00fct\u00fcld\u00fc\u011f\u00fcne dikkati \u00e7eken Arabac\u0131, \u015f\u00fcphelilerin bir k\u0131sm\u0131n\u0131n kimlik tespitini yapt\u0131klar\u0131n\u0131 belirtti. Kemal Arabac\u0131, soru\u015fturman\u0131n kapsaml\u0131 bir \u015fekilde y\u00fcr\u00fct\u00fcld\u00fc\u011f\u00fcn\u00fc dile getirerek, \u015funlar\u0131 kaydetti:<\/p>\n<p style=\"text-align: justify;\">\u201cEnkazlardan numune al\u0131nmas\u0131 s\u0131ras\u0131nda bilirki\u015fi olu\u015ftururken ve delilleri toplarken bilimsel \u00e7al\u0131\u015ft\u0131k. Bu i\u015flemimiz netice almaya y\u00f6nelik. Kamuoyu bunu ileride takdir edecek. Belediyenin fen i\u015fleri m\u00fcd\u00fcrl\u00fc\u011f\u00fcne yap\u0131lan operasyon, delillerin toplanmas\u0131na y\u00f6nelik bir i\u015flem. Enkazlardan al\u0131nan numuneleri inceleyecek bilirki\u015fi heyetinden gelecek raporla birlikte bu soru\u015fturma neticelenecek. Soru\u015fturman\u0131n safahat\u0131yla ilgili kamuoyunu bilgilendirmeye devam edece\u011fiz. \u00c7ok ayr\u0131nt\u0131ya girmek istemiyorum. Safahatlar\u0131 konusunda bilgilendirme yapaca\u011f\u0131z. Soru\u015fturma bir s\u00fcre\u00e7 alacak. Kamuoyunun \u015f\u00fcphesi olmas\u0131n ki sorumlular ve kusura olanlar adalet \u00f6n\u00fcnde hesap vereceklerdir.\u201d<\/p>\n<p style=\"text-align: justify;\">\u015e\u00fcphelilere, hangi su\u00e7tan dava a\u00e7\u0131laca\u011f\u0131 y\u00f6n\u00fcndeki soruya Ba\u015fsavc\u0131 Arabac\u0131, bilirki\u015fi raporlar\u0131n\u0131n da dikkate al\u0131narak su\u00e7 maddesinin \u00f6nem kazanaca\u011f\u0131n\u0131 bildirdi.<\/p>\n<p style=\"text-align: justify;\">Arabac\u0131, \u015fu an itibar\u0131yla su\u00e7un, \u201cTaksirle adam \u00f6ld\u00fcrme, olas\u0131 kastla adam \u00f6ld\u00fcrme\u201d kapsam\u0131na girebilece\u011fine i\u015faret ederek, soru\u015fturman\u0131n i\u00e7eri\u011findeki bilgi ve belgelerin bunun belirleyicisi olaca\u011f\u0131n\u0131 vurgulad\u0131.<\/p>\n<p style=\"text-align: justify;\"><a href=\"http:\/\/www.radikal.com.tr\/Radikal.aspx?aType=RadikalDetayV3&amp;ArticleID=1068433&amp;Date=04.11.2011&amp;CategoryID=77\" target=\"_blank\">Kaynak : Radikal.com.tr<\/a><\/p>\n","protected":false},"excerpt":{"rendered":"<p style=\"text-align: center;\">\n<p style=\"text-align: justify;\">Erci\u015f Cumhuriyet Ba\u015fsavc\u0131s\u0131 Kemal Arabac\u0131, depremde y\u0131k\u0131lan binalarla ilgili ba\u015flat\u0131lan soru\u015fturman\u0131n kapsaml\u0131 olarak devam etti\u011fini belirterek, &#8220;Kamuoyunun \u015f\u00fcphesi olmas\u0131n ki sorumlular ve kusuru bulunanlar adalet \u00f6n\u00fcnde hesap verecektir&#8221; dedi.<\/p>\n","protected":false},"author":1,"featured_media":0,"comment_status":"open","ping_status":"open","sticky":false,"template":"","format":"standard","meta":{"footnotes":""},"categories":[105],"tags":[],"class_list":["post-41926","post","type-post","status-publish","format-standard","hentry","category-gundem","odd"],"_links":{"self":[{"href":"http:\/\/www.korhanyilmaz.com\/index.php?rest_route=\/wp\/v2\/posts\/41926","targetHints":{"allow":["GET"]}}],"collection":[{"href":"http:\/\/www.korhanyilmaz.com\/index.php?rest_route=\/wp\/v2\/posts"}],"about":[{"href":"http:\/\/www.korhanyilmaz.com\/index.php?rest_route=\/wp\/v2\/types\/post"}],"author":[{"embeddable":true,"href":"http:\/\/www.korhanyilmaz.com\/index.php?rest_route=\/wp\/v2\/users\/1"}],"replies":[{"embeddable":true,"href":"http:\/\/www.korhanyilmaz.com\/index.php?rest_route=%2Fwp%2Fv2%2Fcomments&post=41926"}],"version-history":[{"count":0,"href":"http:\/\/www.korhanyilmaz.com\/index.php?rest_route=\/wp\/v2\/posts\/41926\/revisions"}],"wp:attachment":[{"href":"http:\/\/www.korhanyilmaz.com\/index.php?rest_route=%2Fwp%2Fv2%2Fmedia&parent=41926"}],"wp:term":[{"taxonomy":"category","embeddable":true,"href":"http:\/\/www.korhanyilmaz.com\/index.php?rest_route=%2Fwp%2Fv2%2Fcategories&post=41926"},{"taxonomy":"post_tag","embeddable":true,"href":"http:\/\/www.korhanyilmaz.com\/index.php?rest_route=%2Fwp%2Fv2%2Ftags&post=41926"}],"curies":[{"name":"wp","href":"https:\/\/api.w.org\/{rel}","templated":true}]}}