{"id":41918,"date":"2011-11-03T20:47:37","date_gmt":"2011-11-03T18:47:37","guid":{"rendered":"http:\/\/www.korhanyilmaz.com\/?p=41918"},"modified":"2011-11-04T00:44:58","modified_gmt":"2011-11-03T22:44:58","slug":"basbakan-erdogan-g-20-zirvesinde","status":"publish","type":"post","link":"http:\/\/www.korhanyilmaz.com\/?p=41918","title":{"rendered":"Ba\u015fbakan Erdo\u011fan G-20 Zirvesi&#8217;nde"},"content":{"rendered":"<p style=\"text-align: center;\"><a href=\"http:\/\/www.korhanyilmaz.com\/wp-content\/uploads\/2011\/11\/3088.jpg\"  class=\"lightview\"><img loading=\"lazy\" decoding=\"async\" class=\"aligncenter  wp-image-41919\" src=\"http:\/\/www.korhanyilmaz.com\/wp-content\/uploads\/2011\/11\/3088.jpg\" alt=\"\" width=\"307\" height=\"236\" \/><\/a><\/p>\n<p style=\"text-align: justify;\">D\u00fcnyan\u0131n \u00f6nde gelen 20 ekonomisinin olu\u015fturdu\u011fu G-20 Zirvesi, d\u00f6nem ba\u015fkan\u0131 Fransa&#8217;n\u0131n g\u00fcneyindeki Cannes kentinde ba\u015flad\u0131. ABD Ba\u015fkan\u0131 Barack Obama, Ba\u015fbakan Recep Tayyip Erdo\u011fan&#8217;\u0131n yan\u0131na giderek bir m\u00fcddet sohbet etti. Erdo\u011fan yapt\u0131\u011f\u0131 konu\u015fmada Somali&#8217;ye yapt\u0131\u011f\u0131 ziyareti anlatt\u0131.<!--more--><\/p>\n<p style=\"text-align: justify;\">\u0130ki g\u00fcn s\u00fcrecek zirvede T\u00fcrkiye&#8217;yi, Ba\u015fbakan Recep Tayyip Erdo\u011fan, Ba\u015fbakan Yard\u0131mc\u0131s\u0131 Ali Babacan ile Maliye Bakan\u0131 Mehmet \u015eim\u015fek temsil edecek.<\/p>\n<p style=\"text-align: justify;\">Fransa Cumhurba\u015fkan\u0131 Nicolas Sarkozy, zirve \u00f6ncesi liderleri, toplant\u0131n\u0131n yap\u0131laca\u011f\u0131 festival saray\u0131n\u0131n kap\u0131s\u0131nda kar\u015f\u0131lad\u0131.<\/p>\n<p style=\"text-align: justify;\">Toplant\u0131n\u0131n ilk oturumunda, &#8220;k\u00fcresel ekonomik durum, b\u00fcy\u00fcme ve istihdam i\u00e7in eylem plan\u0131&#8221; masaya yat\u0131r\u0131ld\u0131.<\/p>\n<p style=\"text-align: justify;\"><strong>Erdo\u011fan-Obama sohbeti\u00a0<\/strong><\/p>\n<p style=\"text-align: justify;\">Bu oturumun ba\u015flamas\u0131ndan \u00f6nce ABD Ba\u015fkan\u0131 Barack Obama, Ba\u015fbakan Recep Tayyip Erdo\u011fan&#8217;\u0131n yan\u0131na giderek bir m\u00fcddet sohbet etti. Bu sohbete daha sonra AB Komisyonu Ba\u015fkan\u0131 Jose Manuel Barroso ve AB Konseyi Ba\u015fkan\u0131 Haerman Van Rampuy da kat\u0131ld\u0131.<\/p>\n<p style=\"text-align: justify;\">Yine zirve \u00f6ncesi Sarkozy, Almanya Ba\u015fbakan\u0131 Angela Merkel, ABD Ba\u015fkan\u0131 Barack Obama ve \u0130ngiltere Ba\u015fbakan\u0131 David Cameron ile sohbet etti.<\/p>\n<p style=\"text-align: justify;\">Avro b\u00f6lgesindeki bor\u00e7 krizinin a\u015f\u0131lmas\u0131, iki g\u00fcn s\u00fcrecek zirveye damgas\u0131n\u0131 vuracak.<\/p>\n<p style=\"text-align: justify;\">Sarkozy ve Merkel, d\u00fcn ak\u015fam Yunanistan Ba\u015fbakan\u0131 Yorgo Papandreu ile yapt\u0131klar\u0131 g\u00f6r\u00fc\u015fmenin ard\u0131ndan, Atina&#8217;ya sert uyar\u0131larda bulunmu\u015ftu.<\/p>\n<p style=\"text-align: justify;\">\u0130ki lider, Yunanistan&#8217;\u0131n avro para biriminde kalabilmesi i\u00e7in referandumda mutlaka &#8220;evet&#8217; oyu \u00e7\u0131kmas\u0131 gerekti\u011fini vurgu yaparak, aksi takdirde Yunanistan&#8217;a mali yard\u0131m yap\u0131lmayaca\u011f\u0131 uyar\u0131s\u0131nda bulunmu\u015flard\u0131.<\/p>\n<p style=\"text-align: justify;\">Zirve dolay\u0131s\u0131yla Frans\u0131z polisi, Cannes kentinde \u00e7ok s\u0131k\u0131 g\u00fcvenlik \u00f6nlemi ald\u0131. Zirvenin g\u00fcvenli\u011fi i\u00e7in Fransa&#8217;n\u0131n \u00e7e\u015fitli b\u00f6lgelerinden yakla\u015f\u0131k 12 bin jandarma ve polis getirildi.<\/p>\n<p style=\"text-align: justify;\"><strong>Erdo\u011fan Somali&#8217;yi anlatt\u0131\u00a0<\/strong><\/p>\n<p style=\"text-align: justify;\">Erdo\u011fan, bas\u0131na kapal\u0131 ger\u00e7ekle\u015fen G-20 Liderler Zirvesi kapsam\u0131nda d\u00fczenlenen, &#8220;Kalk\u0131nma ve Ticaret&#8221; ba\u015fl\u0131kl\u0131 oturuma kat\u0131ld\u0131.<\/p>\n<p style=\"text-align: justify;\">Oturumda Ba\u015fbakan Yard\u0131mc\u0131s\u0131 Ali Babacan, Maliye Bakan\u0131 Mehmet \u015eim\u015fek ve Hazine M\u00fcste\u015far\u0131 \u0130brahim \u00c7anak\u00e7\u0131&#8217;n\u0131n da e\u015flik etti\u011fi Ba\u015fbakan Erdo\u011fan, yapt\u0131\u011f\u0131 konu\u015fmada, 2011 y\u0131l\u0131nda kalk\u0131nma ba\u015fl\u0131\u011f\u0131 alt\u0131nda yer alan, altyap\u0131 ve g\u0131da g\u00fcvenli\u011fi alanlar\u0131nda y\u00fcr\u00fct\u00fclen \u00e7al\u0131\u015fmalar\u0131 memnuniyetle kar\u015f\u0131lad\u0131klar\u0131n\u0131 bildirdi.<\/p>\n<p style=\"text-align: justify;\">Bu \u00e7er\u00e7evede, Sahra Alt\u0131 Afrika&#8217;s\u0131 ba\u015fta olmak \u00fczere d\u00fc\u015f\u00fck gelirli \u00fclkelerdeki altyap\u0131 yat\u0131r\u0131mlar\u0131 a\u00e7\u0131\u011f\u0131n\u0131n giderilmesine y\u00f6nelik eylem plan\u0131 i\u00e7in te\u015fekk\u00fcrler eden Ba\u015fbakan Erdo\u011fan, s\u00f6zlerini \u015f\u00f6yle s\u00fcrd\u00fcrd\u00fc:<\/p>\n<p style=\"text-align: justify;\">&#8220;Bu eylem plan\u0131nda altyap\u0131 yat\u0131r\u0131mlar\u0131na \u00f6zel sekt\u00f6r\u00fcn kat\u0131l\u0131m\u0131n\u0131 art\u0131racak uygun kurumsal ortam\u0131n tesis edilmesine y\u00f6nelik tavsiyeleri \u00e7ok olumlu buluyoruz. G\u0131da g\u00fcvenli\u011fi, kalk\u0131nma alan\u0131nda \u00f6nemli bir yer tutuyor. Bu konuyla yak\u0131ndan ilgili oldu\u011funu d\u00fc\u015f\u00fcnd\u00fc\u011f\u00fcm i\u00e7in ge\u00e7ti\u011fimiz A\u011fustos ay\u0131nda Somali&#8217;ye ge\u00e7ekle\u015ftirdi\u011fim ziyaretten k\u0131saca bahsetmek isterim.<\/p>\n<p style=\"text-align: justify;\">Bu ziyarette toplumun \u00e7e\u015fitli kesimlerinden geni\u015f bir heyet de bana e\u015flik etti. Somali&#8217;de kamplar\u0131 ve hastaneleri dola\u015ft\u0131k. \u0130nsanlar\u0131n yetersiz g\u0131da ve temiz su eksikli\u011finden kaynaklanan s\u0131k\u0131nt\u0131lar\u0131n\u0131 yak\u0131ndan g\u00f6rd\u00fck. Orada ya\u015fananlar \u00fclkemiz medyas\u0131nda geni\u015f yer buldu. Ba\u015flat\u0131lan yard\u0131m kampanyalar\u0131 sayesinde \u00fclkemizde 300 milyon dolara yak\u0131n bir tutar topland\u0131. G\u0131da g\u00fcvenli\u011fi sorununun en a\u011f\u0131r hissedildi\u011fi Afrika Boynuzu&#8217;na y\u00f6nelik \u00e7ok tarafl\u0131 ve ikili \u00e7abalar\u0131m\u0131z\u0131 h\u0131zland\u0131rmal\u0131y\u0131z.&#8221;<\/p>\n<p style=\"text-align: justify;\"><strong>Ticaret\u00a0<\/strong><\/p>\n<p style=\"text-align: justify;\">Ticaretin \u00f6n\u00fcndeki engellerin kald\u0131r\u0131lmas\u0131 ve uluslararas\u0131 ticaretin desteklenmesinin, hem k\u00fcresel krizin olumsuz etkilerini bertaraf etmede hem de istihdam\u0131n art\u0131r\u0131lmas\u0131nda kritik bir \u00f6nem ta\u015f\u0131d\u0131\u011f\u0131na i\u015faret eden Erdo\u011fan, \u015f\u00f6yle devam etti: &#8220;G-20 liderleri olarak bizlere ticaret alan\u0131nda \u00f6nemli sorumluluk d\u00fc\u015fmektedir. Ticarette korumac\u0131l\u0131ktan ka\u00e7\u0131n\u0131lmas\u0131na ve ihracat k\u0131s\u0131tlamalar\u0131na gidilmemesine ve D\u00fcnya Ticaret \u00d6rg\u00fct\u00fc kurallar\u0131 d\u0131\u015f\u0131na \u00e7\u0131k\u0131lmamas\u0131na y\u00f6nelik taahh\u00fcd\u00fcm\u00fcz\u00fc bu zirvede g\u00fc\u00e7l\u00fc bir \u015fekilde yinelemeliyiz.<\/p>\n<p style=\"text-align: justify;\">Doha m\u00fczakereleri s\u00fcrecinin bir an \u00f6nce ve ba\u015far\u0131yla tamamlanmas\u0131 i\u00e7in siyasi irademizi bir kez daha net bir bi\u00e7imde ortaya koymal\u0131y\u0131z. T\u00fcrkiye olarak, En Az Geli\u015fmi\u015f \u00dclkelerin \u00e7ok tarafl\u0131 ticaret sistemine daha fazla dahil edilmesine y\u00f6nelik \u00e7al\u0131\u015fmalara \u00f6nemli destek sa\u011fl\u0131yoruz. Bu kapsamda, i\u00e7inde bulundu\u011fumuz y\u0131l\u0131n May\u0131s ay\u0131nda \u0130stanbul&#8217;da Birle\u015fmi\u015f Milletler d\u00f6rd\u00fcnc\u00fc En Az Geli\u015fmi\u015f \u00dclkeler Konferans\u0131&#8217;na ev sahipli\u011fi yapt\u0131k. Konferansta, bu \u00fclkelere y\u00f6nelik olarak 2012 y\u0131l\u0131ndan itibaren ba\u015flamak \u00fczere 200 milyon dolarl\u0131k ekonomik ve teknik i\u015fbirli\u011fi paketi a\u00e7\u0131klad\u0131k. Bu \u00fclkelerdeki \u00f6zel sekt\u00f6r yat\u0131r\u0131mlar\u0131m\u0131z\u0131 2015 y\u0131l\u0131 itibar\u0131yla 5 milyar dolara, 2020 y\u0131l\u0131 itibar\u0131yla da 10 milyar dolara \u00e7\u0131kartmay\u0131 hedefliyoruz.&#8221;<\/p>\n<p style=\"text-align: justify;\"><strong>T\u00fcrk bayra\u011f\u0131n\u0131 yerden ald\u0131\u00a0<\/strong><\/p>\n<p style=\"text-align: justify;\">Bu arada, oturumlardan \u00f6nce liderlerin \u00e7ektirdi\u011fi aile foto\u011fraf\u0131 s\u0131ras\u0131nda, \u00fclke temsilcilerinin duracaklar\u0131 yeri zemindeki \u00fclke bayraklar\u0131 belirlerken, Ba\u015fbakan Erdo\u011fan, kendisinin duraca\u011f\u0131 yerde bulunan T\u00fcrk bayra\u011f\u0131n\u0131 yerden ald\u0131 ve katlayarak cebine koydu.<\/p>\n<p style=\"text-align: justify;\"><a href=\"http:\/\/www.cnnturk.com\/2011\/dunya\/11\/03\/basbakan.erdogan.g.20.zirvesinde\/635576.0\/index.html\" target=\"_blank\">Kaynak : CNN T\u00dcRK<\/a><\/p>\n","protected":false},"excerpt":{"rendered":"<p style=\"text-align: center;\">\n<p style=\"text-align: justify;\">D\u00fcnyan\u0131n \u00f6nde gelen 20 ekonomisinin olu\u015fturdu\u011fu G-20 Zirvesi, d\u00f6nem ba\u015fkan\u0131 Fransa&#8217;n\u0131n g\u00fcneyindeki Cannes kentinde ba\u015flad\u0131. ABD Ba\u015fkan\u0131 Barack Obama, Ba\u015fbakan Recep Tayyip Erdo\u011fan&#8217;\u0131n yan\u0131na giderek bir m\u00fcddet sohbet etti. Erdo\u011fan yapt\u0131\u011f\u0131 konu\u015fmada Somali&#8217;ye yapt\u0131\u011f\u0131 ziyareti anlatt\u0131.<\/p>\n","protected":false},"author":1,"featured_media":0,"comment_status":"open","ping_status":"open","sticky":false,"template":"","format":"standard","meta":{"footnotes":""},"categories":[105],"tags":[],"class_list":["post-41918","post","type-post","status-publish","format-standard","hentry","category-gundem","odd"],"_links":{"self":[{"href":"http:\/\/www.korhanyilmaz.com\/index.php?rest_route=\/wp\/v2\/posts\/41918","targetHints":{"allow":["GET"]}}],"collection":[{"href":"http:\/\/www.korhanyilmaz.com\/index.php?rest_route=\/wp\/v2\/posts"}],"about":[{"href":"http:\/\/www.korhanyilmaz.com\/index.php?rest_route=\/wp\/v2\/types\/post"}],"author":[{"embeddable":true,"href":"http:\/\/www.korhanyilmaz.com\/index.php?rest_route=\/wp\/v2\/users\/1"}],"replies":[{"embeddable":true,"href":"http:\/\/www.korhanyilmaz.com\/index.php?rest_route=%2Fwp%2Fv2%2Fcomments&post=41918"}],"version-history":[{"count":0,"href":"http:\/\/www.korhanyilmaz.com\/index.php?rest_route=\/wp\/v2\/posts\/41918\/revisions"}],"wp:attachment":[{"href":"http:\/\/www.korhanyilmaz.com\/index.php?rest_route=%2Fwp%2Fv2%2Fmedia&parent=41918"}],"wp:term":[{"taxonomy":"category","embeddable":true,"href":"http:\/\/www.korhanyilmaz.com\/index.php?rest_route=%2Fwp%2Fv2%2Fcategories&post=41918"},{"taxonomy":"post_tag","embeddable":true,"href":"http:\/\/www.korhanyilmaz.com\/index.php?rest_route=%2Fwp%2Fv2%2Ftags&post=41918"}],"curies":[{"name":"wp","href":"https:\/\/api.w.org\/{rel}","templated":true}]}}