{"id":41914,"date":"2011-11-03T18:03:48","date_gmt":"2011-11-03T16:03:48","guid":{"rendered":"http:\/\/www.korhanyilmaz.com\/?p=41914"},"modified":"2011-11-03T19:00:44","modified_gmt":"2011-11-03T17:00:44","slug":"yunan-hukumeti-karisti","status":"publish","type":"post","link":"http:\/\/www.korhanyilmaz.com\/?p=41914","title":{"rendered":"Yunan h\u00fck\u00fcmeti kar\u0131\u015ft\u0131!"},"content":{"rendered":"<p style=\"text-align: center;\"><a href=\"http:\/\/www.korhanyilmaz.com\/wp-content\/uploads\/2011\/11\/3087.jpg\"  class=\"lightview\"><img loading=\"lazy\" decoding=\"async\" class=\"aligncenter  wp-image-41915\" src=\"http:\/\/www.korhanyilmaz.com\/wp-content\/uploads\/2011\/11\/3087.jpg\" alt=\"\" width=\"322\" height=\"241\" \/><\/a><\/p>\n<p style=\"text-align: justify;\">Yunanistan&#8217;da h\u00fck\u00fcmet \u00e7\u00f6kmenin e\u015fi\u011finde. Ba\u015fbakan Yorgo Papandreu, be\u015f milletvekilinin yar\u0131n yap\u0131lacak g\u00fcvenoyu oylamas\u0131nda h\u00fck\u00fcmete oy vermeyece\u011fini a\u00e7\u0131k\u00e7a belirtmesiyle parlamentodaki \u00e7o\u011funlu\u011fu kaybetti. Papandreu, AB mali yard\u0131m\u0131n\u0131 referanduma g\u00f6t\u00fcrme tutumunu yumu\u015fatarak, siyasi krizin \u00e7\u00f6z\u00fcm\u00fc i\u00e7in muhalefetle g\u00f6r\u00fc\u015fece\u011fini s\u00f6yledi.<!--more--><\/p>\n<p style=\"text-align: justify;\">\u0130stanbul- Yunanistan&#8217;da, iktidardaki PASOK i\u00e7erisinde referandum konusunda ortaya \u00e7\u0131kan g\u00f6r\u00fc\u015f ayr\u0131l\u0131\u011f\u0131 s\u00fcrerken, yar\u0131n yap\u0131lacak g\u00fcvenoyu oylamas\u0131nda h\u00fck\u00fcmete oy vermeyece\u011fini a\u00e7\u0131k\u00e7a belirten milletvekili say\u0131s\u0131 be\u015fe \u00e7\u0131kt\u0131.<\/p>\n<p style=\"text-align: justify;\">PASOK milletvekilleri Milena Apostolaki ile Eva Kayli&#8217;nin istifalar\u0131n\u0131n ard\u0131ndan Sula Merenditi ve Elena Panariti de Papandreu h\u00fck\u00fcmetine g\u00fcvenoyu vermeyece\u011fini a\u00e7\u0131klad\u0131.<\/p>\n<p style=\"text-align: justify;\">Di\u011fer yandan, PASOK milletvekilleri Dimitris Linceris ile Kostas Gitonas ve Nikos Salayannis de yapt\u0131klar\u0131 a\u00e7\u0131klamalar\u0131nda, Papandreu&#8217;nun halkoylamas\u0131 karar\u0131na kar\u015f\u0131 olduklar\u0131n\u0131 belirtmi\u015flerdi. PASOK milletvekilleri g\u00fcven oylamas\u0131nda tav\u0131rlar\u0131n\u0131n ne \u015fekilde olaca\u011f\u0131na dair bilgi vermezken, Salayannis a\u00e7\u0131klamas\u0131nda, &#8220;Referandum \u00f6ld\u00fc&#8221; ifadesini kullanm\u0131\u015ft\u0131. Linceris ise, &#8220;Papandreu&#8217;nun art\u0131k bir tarih oldu\u011funu&#8221; s\u00f6ylemi\u015fti.<\/p>\n<p style=\"text-align: justify;\">Bu durumda milletvekili say\u0131s\u0131 en \u00e7ok 149 olarak hesaplanan Papandreu h\u00fck\u00fcmetinin yar\u0131n Yunan parlamentosunda g\u00fcvenoyu almas\u0131n\u0131n m\u00fcmk\u00fcn olmad\u0131\u011f\u0131 de\u011ferlendiriliyor.<\/p>\n<p style=\"text-align: justify;\">Bu arada, Yunan medyas\u0131, aralar\u0131nda PASOK&#8217;un baz\u0131 \u00fcst d\u00fczey y\u00f6neticilerinin de bulundu\u011fu bir grup milletvekilinin, Papandreu&#8217;ya g\u00f6nderdikleri bir mektupta, h\u00fck\u00fcmetin istifa ederek, Avrupa Merkez Bankas\u0131&#8217;n\u0131n eski Ba\u015fkan Yard\u0131mc\u0131s\u0131 Lukas Papadimos ba\u015fkanl\u0131\u011f\u0131nda bir ulusal birlik h\u00fck\u00fcmeti kurulmas\u0131n\u0131 istedikleri bildirildi.<\/p>\n<p style=\"text-align: justify;\">Yunanistan&#8217;\u0131n Avro&#8217;ya kat\u0131l\u0131m\u0131nda \u00f6nemli rol oynamakla tan\u0131nan Papadimos, Massachusetts Institute of Technology&#8217;de (MIT) fizik ve ekonomi okudu. Papadimos, 2010 y\u0131l\u0131ndan bu yana Papandreu&#8217;nun \u00fccretsiz dan\u0131\u015fmanl\u0131\u011f\u0131n\u0131 yap\u0131yor.<\/p>\n<p style=\"text-align: justify;\"><strong>Muhalefetten ge\u00e7ici h\u00fck\u00fcmet \u00e7a\u011fr\u0131s\u0131\u00a0<\/strong><\/p>\n<p style=\"text-align: justify;\">Yunanistan&#8217;da muhalefetteki Yeni Demokrasi Partisi (YDP) Ba\u015fkan\u0131 Andonis Samaras, ge\u00e7ici h\u00fck\u00fcmet kurulmas\u0131 \u00e7a\u011fr\u0131s\u0131nda bulundu.<\/p>\n<p style=\"text-align: justify;\">Samaras yapt\u0131\u011f\u0131 yaz\u0131l\u0131 a\u00e7\u0131klamada, mevcut parlamentonun ge\u00e7en hafta Br\u00fcksel&#8217;deki zirvede Yunanistan i\u00e7in kabul edilen 130 milyar Avro&#8217;luk kurtarma paketini onaylamas\u0131 ve genel se\u00e7imler yap\u0131l\u0131ncaya kadar \u00fclkeyi bir ge\u00e7ici h\u00fck\u00fcmetin y\u00f6netmesi gerekti\u011fini bildirdi.<\/p>\n<p style=\"text-align: justify;\">AB ve IMF&#8217;nin Yunanistan i\u00e7in kabul etti\u011fi 110 milyar Avro&#8217;luk kurtarma paketinin 8 milyar avroluk 6&#8217;\u0131nc\u0131 diliminin se\u00e7imler yap\u0131lmadan \u00f6nce ve m\u00fcmk\u00fcn olan en k\u0131sa zamanda serbest b\u0131rak\u0131lmas\u0131 gerekti\u011fini belirten Samaras, erken se\u00e7im yap\u0131lmas\u0131 talebinden vazge\u00e7medi\u011fini kaydetti.<\/p>\n<p style=\"text-align: justify;\">Yunanistan Ba\u015fbakan\u0131 Yorgo Papandreu&#8217;nun AB mali yard\u0131m\u0131n\u0131 referanduma g\u00f6t\u00fcrece\u011fi a\u00e7\u0131klamas\u0131na iktidar partisi PASOK&#8217;daki milletvekillerinin tepki vermesi h\u00fck\u00fcmeti \u00e7\u00f6kmenin e\u015fi\u011fine getirmi\u015f g\u00f6r\u00fcn\u00fcyor.<\/p>\n<p style=\"text-align: justify;\"><strong>BBC&#8217;den istifa iddias\u0131\u00a0<\/strong><\/p>\n<p style=\"text-align: justify;\">Yunanistan Ba\u015fbakan\u0131 Yorgo Papandreu&#8217;nun istifa edece\u011fini bildiren \u0130ngiliz yay\u0131n kurulu\u015fu BBC, bu iddias\u0131n\u0131n Yunan devlet televizyonu taraf\u0131ndan yalanland\u0131\u011f\u0131n\u0131 kaydetti.<\/p>\n<p style=\"text-align: justify;\">Atina&#8217;daki kaynaklar\u0131na dayand\u0131rarak Papandreu&#8217;nun istifa edece\u011fini b\u00fcltenlerinde aktaran BBC, bu iddian\u0131n yalanlanmas\u0131n\u0131n ard\u0131ndan &#8220;konuyla ilgili bir kar\u0131\u015f\u0131kl\u0131k oldu\u011funu&#8221; bildirdi.<\/p>\n<p style=\"text-align: justify;\">BBC internet sayfas\u0131nda konuya ili\u015fkin haberinde kulland\u0131\u011f\u0131 &#8220;Papandreu istifa edecek&#8221; ba\u015fl\u0131\u011f\u0131n\u0131, &#8220;Papandreu&#8217;nun istifa etmesi i\u00e7in \u00e7a\u011fr\u0131da bulunuluyor&#8221; diye de\u011fi\u015ftirdi.<\/p>\n<p style=\"text-align: justify;\">Papandreu&#8217;nun, partisinin \u00fcst d\u00fczey yetkilileri taraf\u0131ndan istifa etmeye \u00e7a\u011fr\u0131ld\u0131\u011f\u0131n\u0131 aktaran BBC daha \u00f6nceki haberinde ise, &#8220;Papandreu&#8217;nun ola\u011fan\u00fcst\u00fc bakanlar kurulu toplant\u0131s\u0131n\u0131n ard\u0131ndan Cumhurba\u015fkan\u0131 Karolos Papulyas&#8217;a istifas\u0131n\u0131 sunaca\u011f\u0131n\u0131&#8221; bildirmi\u015fti.<\/p>\n<p style=\"text-align: justify;\"><strong>H\u00fck\u00fcmetin istifa etmesi durumunda ne olacak?\u00a0<\/strong><\/p>\n<p style=\"text-align: justify;\">Yunanl\u0131 hukuk\u00e7ulara g\u00f6re, Yunanistan anayasas\u0131 gere\u011fince izlenecek prosed\u00fcr \u015f\u00f6yle:<\/p>\n<p style=\"text-align: justify;\">&#8220;H\u00fck\u00fcmetin istifa etmesi ya da meclisin g\u00fcvenoyu vermemesi durumunda, Cumhurba\u015fkan\u0131, anayasan\u0131n 38. maddesinin 1. paragraf\u0131na g\u00f6re, h\u00fck\u00fcmeti feshederek, yeniden h\u00fck\u00fcmet kurulmas\u0131 g\u00f6revi verme yoluna gidecek.<\/p>\n<p style=\"text-align: justify;\">Bu durumda, Cumhurba\u015fkan\u0131, (madde 37) h\u00fck\u00fcmeti kurma g\u00f6revini mecliste ikinci en \u00e7ok milletvekili olan partiye, bu da olmazsa \u00fc\u00e7\u00fcnc\u00fc partiye verecek. G\u00f6revi alan ikinci ve \u00fc\u00e7\u00fcnc\u00fc partiler aras\u0131nda milletvekili say\u0131s\u0131nda e\u015fitlik olmas\u0131 durumunda, h\u00fck\u00fcmeti kurma g\u00f6revi en \u00e7ok d\u00f6rt kez tekrarlanabilecek. Bu s\u00fcre\u00e7 sonunda sonu\u00e7 al\u0131nmamas\u0131 durumunda, Cumhurba\u015fkan\u0131, se\u00e7ime gidilmesi i\u00e7in, \u00fclkenin \u00fc\u00e7 b\u00fcy\u00fck mahkeme ba\u015fkanlar\u0131ndan birinin ba\u015fkanl\u0131\u011f\u0131nda ge\u00e7ici bir h\u00fck\u00fcmet kurulmas\u0131 i\u00e7in parti liderlerini toplayacak.<\/p>\n<p style=\"text-align: justify;\">Ba\u015fbakan\u0131n kendisinin istifa etmesi durumunda da iktidardaki parti mecliste \u00e7o\u011funlu\u011fu (151 milletvekili) olu\u015fturuyor ise, Cumhurba\u015fkan\u0131 istifa edenin meclis grubu taraf\u0131ndan \u00f6nerilen bir ki\u015fiyi ba\u015fbakan olarak atayacak. \u0130ktidardaki partinin milletvekili say\u0131s\u0131 151&#8217;in alt\u0131nda olmas\u0131 durumunda bu atama yap\u0131lmayacak.<\/p>\n<p style=\"text-align: justify;\">Mecliste hi\u00e7 bir partinin \u00e7o\u011funlu\u011fu sa\u011flamamas\u0131 durumunda ise, Cumhurba\u015fkan\u0131n\u0131n, mecliste en \u00e7ok milletvekili olan partinin \u00f6nerece\u011fi bir ki\u015fiye h\u00fck\u00fcmeti kurma g\u00f6revi verme hakk\u0131 bulunuyor.<\/p>\n<p style=\"text-align: justify;\">Bu madde, anayasada a\u00e7\u0131k\u00e7a belirtilmemesine ra\u011fmen, Yunanl\u0131 hukuk\u00e7ular taraf\u0131ndan, bu a\u015famada Cumhurba\u015fkan\u0131&#8217;n\u0131n meclis d\u0131\u015f\u0131nda bir ki\u015fiye de h\u00fck\u00fcmeti kurma g\u00f6revi verebilece\u011fi \u015feklinde yorumlan\u0131yor.&#8221;<\/p>\n<p style=\"text-align: justify;\"><strong>Muhalefet ile g\u00f6r\u00fc\u015fecek\u00a0<\/strong><\/p>\n<p style=\"text-align: justify;\">Ba\u015fbakanl\u0131ktan yap\u0131lan yaz\u0131l\u0131 a\u00e7\u0131klamaya g\u00f6re, Papandreu, bakanlar kurulu toplant\u0131s\u0131nda yapt\u0131\u011f\u0131 konu\u015fmada, muhalefetin AB kurtarma paketine destek vermesinden memnuniyet duydu\u011funu, muhalefetle g\u00f6r\u00fc\u015fmeleri s\u00fcrd\u00fcrmek i\u00e7in Ula\u015ft\u0131rma Bakan\u0131 Dimitris Reppas ve dan\u0131\u015fman\u0131 Nikos Athanassakis&#8217;i g\u00f6revlendirdi\u011fini belirtti.<\/p>\n<p style=\"text-align: justify;\">Muhalefetin parlamentoda AB kurtarma paketini desteklemeyi kabul etmesi halinde, referandumun yap\u0131lmayaca\u011f\u0131n\u0131 ifade eden Papandreu, &#8221;Hi\u00e7bir zaman bir ama\u00e7 olmayan referanduma gitmesek bile muhalefetin 27 Ekim kararlar\u0131n\u0131n parlamentoda onaylanmas\u0131na haz\u0131r oldu\u011funu a\u00e7\u0131klamas\u0131ndan memnuniyet duyuyorum&#8221; dedi.<\/p>\n<p style=\"text-align: justify;\">Papandreu, &#8221;(Muhalefet lideri Andonis) Samaras ile geni\u015f uzla\u015fma temelinde bir sonraki ad\u0131mlar\u0131 de\u011ferlendirmek i\u00e7in g\u00f6r\u00fc\u015fece\u011fim. Muhalefet kurtarma paketini desteklemek i\u00e7in masaya gelirse, referandum gerekli de\u011fil&#8221; ifadelerini kulland\u0131.<\/p>\n<p style=\"text-align: justify;\">Yunanistan&#8217;\u0131n Avro B\u00f6lgesi \u00fcyeli\u011finin sorgulanmad\u0131\u011f\u0131n\u0131 belirten Papandreu, hemen se\u00e7imlere gitmenin Yunanistan&#8217;\u0131n iflas\u0131 konusunda b\u00fcy\u00fck riske yol a\u00e7aca\u011f\u0131n\u0131 ifade etti.<\/p>\n<p style=\"text-align: justify;\">Papandreu&#8217;ya yak\u0131n iki yetkili, muhalefetteki Yeni Demokrasi Partisi (YDP) Ba\u015fkan\u0131 Andonis Samaras&#8217;\u0131n AB&#8217;nin mali yard\u0131m\u0131n\u0131 parlamentoda destekleyece\u011fi i\u015fareti vermesinden sonra referandum fikrinin ortadan kalkt\u0131\u011f\u0131n\u0131 s\u00f6ylemi\u015flerdi.<\/p>\n<p style=\"text-align: justify;\">Samaras, mevcut parlamentonun ge\u00e7en hafta Br\u00fcksel&#8217;deki zirvede Yunanistan i\u00e7in kabul edilen 130 milyar avroluk kurtarma paketini onaylamas\u0131 ve genel se\u00e7imler yap\u0131l\u0131ncaya kadar \u00fclkeyi bir ge\u00e7ici h\u00fck\u00fcmetin y\u00f6netmesi gerekti\u011fini a\u00e7\u0131klam\u0131\u015ft\u0131.<\/p>\n<p style=\"text-align: justify;\"><strong>&#8220;Referandumun, Yunanistan&#8217;\u0131n Avro&#8217;dan \u00e7\u0131kmas\u0131 dahil t\u00fcm anormalliklere kararl\u0131 ve belirleyici bir yan\u0131t oldu\u011funa inan\u0131yorum&#8221;<\/strong><\/p>\n<p style=\"text-align: justify;\">Papandreu, bug\u00fcn ger\u00e7ekle\u015ftirilen ola\u011fan\u00fcst\u00fc bakanlar kurulunda yapt\u0131\u011f\u0131 konu\u015fmada, anamuhalefet Yeni Demokrasi Partisi&#8217;nin (ND) yeni yard\u0131m paketini destekleme karar\u0131n\u0131n &#8220;b\u00fcy\u00fck bir karar&#8221; oldu\u011funu belirterek, &#8220;Referandum&#8217;a gitmesek bile, ki ama\u00e7 bu de\u011fildi, bu tart\u0131\u015fmalar\u0131n bir\u00e7ok ki\u015fiyi mant\u0131k dahiline getirdi\u011fine seviniyorum. \u00d6nemli olan, Yunanistan&#8217;\u0131n yarar\u0131na olan bir program\u0131n m\u00fcmk\u00fcn oldu\u011funca geni\u015f bir kat\u0131l\u0131mla uygulanmas\u0131d\u0131r&#8221; dedi.<\/p>\n<p style=\"text-align: justify;\">Bu konuda at\u0131lacak ad\u0131mlar\u0131n belirlenmesi i\u00e7in ND lideri Andonis Samaras ile g\u00f6r\u00fc\u015fece\u011fini a\u00e7\u0131klayan Papandreu, &#8220;Bunu aram\u0131zda konu\u015fabiliriz. Ancak, i\u015fbirli\u011fine gitsek bile sorunun s\u00fcrd\u00fc\u011f\u00fcn\u00fc bilmeliyiz. Her t\u00fcrl\u00fc anla\u015fma, bizim a\u00e7\u0131m\u0131zdan ciddiyet ve milli \u00e7\u0131kar temelinde olacakt\u0131r&#8221; diye konu\u015ftu.<\/p>\n<p style=\"text-align: justify;\">Papandreu, Yunanistan&#8217;\u0131n Avro&#8217;da kalabilmesi i\u00e7in yegane yolun, var\u0131lan anla\u015fmalar\u0131n, i\u00e7te ve d\u0131\u015fta s\u00fcrd\u00fcr\u00fclecek m\u00fczakerelerle tam olarak uygulanmas\u0131 oldu\u011funu belirtti.<\/p>\n<p style=\"text-align: justify;\">Referandumda ortaya konulacak sorunun 26 Ekim anla\u015fmas\u0131yla ilgili oldu\u011funu belirten Papandreu, &#8220;Referandumun, Yunanistan&#8217;\u0131n Avro&#8217;dan \u00e7\u0131kmas\u0131 dahil t\u00fcm anormalliklere kararl\u0131 ve belirleyici bir yan\u0131t oldu\u011funa inan\u0131yorum. Ve bu konuda Yunan halk\u0131n\u0131n bilgeli\u011fine ve olgunlu\u011funa g\u00fcveniyorum. Referandumda ortaya konulacak soruyu belirlemek de bizim hakk\u0131m\u0131zd\u0131r. Biz referandumda 26 Ekim anla\u015fmas\u0131n\u0131 ortaya koyacakt\u0131k. 26 Ekim anla\u015fmas\u0131n\u0131n reddedilmesi, ister referandum ile ister meclis arac\u0131l\u0131\u011f\u0131yla olsun, ister uygulanma a\u015famas\u0131nda olsun, Avro&#8217;dan \u00e7\u0131kmam\u0131z anlam\u0131na gelir&#8221; dedi.<\/p>\n<p style=\"text-align: justify;\">Papandreu, Yunanistan&#8217;\u0131n AB&#8217;deki ortaklar\u0131n\u0131n referandum karar\u0131na neden \u015fa\u015f\u0131rd\u0131klar\u0131n\u0131 anlayamad\u0131\u011f\u0131n\u0131 belirtti ve \u015f\u00f6yle dedi:<\/p>\n<p style=\"text-align: justify;\">&#8220;Ortaklar\u0131m\u0131z\u0131n \u015fa\u015f\u0131rd\u0131\u011f\u0131n\u0131 duydum. Ben de neden \u015fa\u015f\u0131rd\u0131klar\u0131na \u015fa\u015f\u0131rd\u0131m. Ben ve daha bir\u00e7oklar\u0131 s\u00f6zkonusu olan \u015feyin Avro&#8217;ya kat\u0131l\u0131m\u0131m\u0131z oldu\u011funu s\u00f6ylemi\u015ftik. Bunu biz s\u00f6ylemiyoruz. Geli\u015fmeler sonunda ortaya \u00e7\u0131kan budur. Biz buna i\u015faret ederken, baz\u0131lar\u0131 bizim \u015fantaj yapt\u0131\u011f\u0131m\u0131z\u0131 s\u00f6yl\u00fcyorlard\u0131. D\u00fcn biz s\u00f6ylediklerimizde hakl\u0131 \u00e7\u0131kt\u0131k&#8221; diye konu\u015ftu.<\/p>\n<p style=\"text-align: justify;\">Ba\u015fbakan Papandreu&#8217;nun, ak\u015fam saatlerinde de parti meclis grubunda bir konu\u015fma yapmas\u0131 bekleniyor. Yunan bas\u0131n-yay\u0131n organlar\u0131, Papandreu&#8217;nun burada yapaca\u011f\u0131 konu\u015fmas\u0131n\u0131n Atina&#8217;da \u00f6n\u00fcm\u00fczdeki saatlerdeki siyasi geli\u015fmelerin habercisi olaca\u011f\u0131 de\u011ferlendirmesinde bulundu.<\/p>\n<p style=\"text-align: justify;\"><a href=\"http:\/\/www.cumhuriyet.com.tr\/?hn=290450&amp;kw=Yunan+h%FCk%FCmeti+kar%FD%FEt%FD!\" target=\"_blank\">Kaynak : Cumhuriyet Haber Portal\u0131<\/a><\/p>\n","protected":false},"excerpt":{"rendered":"<p style=\"text-align: center;\">\n<p style=\"text-align: justify;\">Yunanistan&#8217;da h\u00fck\u00fcmet \u00e7\u00f6kmenin e\u015fi\u011finde. Ba\u015fbakan Yorgo Papandreu, be\u015f milletvekilinin yar\u0131n yap\u0131lacak g\u00fcvenoyu oylamas\u0131nda h\u00fck\u00fcmete oy vermeyece\u011fini a\u00e7\u0131k\u00e7a belirtmesiyle parlamentodaki \u00e7o\u011funlu\u011fu kaybetti. Papandreu, AB mali yard\u0131m\u0131n\u0131 referanduma g\u00f6t\u00fcrme tutumunu yumu\u015fatarak, siyasi krizin \u00e7\u00f6z\u00fcm\u00fc i\u00e7in muhalefetle g\u00f6r\u00fc\u015fece\u011fini s\u00f6yledi.<\/p>\n","protected":false},"author":1,"featured_media":0,"comment_status":"open","ping_status":"open","sticky":false,"template":"","format":"standard","meta":{"footnotes":""},"categories":[105],"tags":[],"class_list":["post-41914","post","type-post","status-publish","format-standard","hentry","category-gundem","odd"],"_links":{"self":[{"href":"http:\/\/www.korhanyilmaz.com\/index.php?rest_route=\/wp\/v2\/posts\/41914","targetHints":{"allow":["GET"]}}],"collection":[{"href":"http:\/\/www.korhanyilmaz.com\/index.php?rest_route=\/wp\/v2\/posts"}],"about":[{"href":"http:\/\/www.korhanyilmaz.com\/index.php?rest_route=\/wp\/v2\/types\/post"}],"author":[{"embeddable":true,"href":"http:\/\/www.korhanyilmaz.com\/index.php?rest_route=\/wp\/v2\/users\/1"}],"replies":[{"embeddable":true,"href":"http:\/\/www.korhanyilmaz.com\/index.php?rest_route=%2Fwp%2Fv2%2Fcomments&post=41914"}],"version-history":[{"count":0,"href":"http:\/\/www.korhanyilmaz.com\/index.php?rest_route=\/wp\/v2\/posts\/41914\/revisions"}],"wp:attachment":[{"href":"http:\/\/www.korhanyilmaz.com\/index.php?rest_route=%2Fwp%2Fv2%2Fmedia&parent=41914"}],"wp:term":[{"taxonomy":"category","embeddable":true,"href":"http:\/\/www.korhanyilmaz.com\/index.php?rest_route=%2Fwp%2Fv2%2Fcategories&post=41914"},{"taxonomy":"post_tag","embeddable":true,"href":"http:\/\/www.korhanyilmaz.com\/index.php?rest_route=%2Fwp%2Fv2%2Ftags&post=41914"}],"curies":[{"name":"wp","href":"https:\/\/api.w.org\/{rel}","templated":true}]}}