{"id":41904,"date":"2011-11-03T16:13:29","date_gmt":"2011-11-03T14:13:29","guid":{"rendered":"http:\/\/www.korhanyilmaz.com\/?p=41904"},"modified":"2011-11-03T18:24:02","modified_gmt":"2011-11-03T16:24:02","slug":"bdpden-icisleri-bakanina-suc-duyurusu","status":"publish","type":"post","link":"http:\/\/www.korhanyilmaz.com\/?p=41904","title":{"rendered":"BDP&#8217;den \u0130\u00e7i\u015fleri Bakan\u0131&#8217;na su\u00e7 duyurusu"},"content":{"rendered":"<p style=\"text-align: center;\"><a href=\"http:\/\/www.korhanyilmaz.com\/wp-content\/uploads\/2011\/11\/3085.jpg\"  class=\"lightview\"><img loading=\"lazy\" decoding=\"async\" class=\"aligncenter size-full wp-image-41905\" src=\"http:\/\/www.korhanyilmaz.com\/wp-content\/uploads\/2011\/11\/3085.jpg\" alt=\"\" width=\"292\" height=\"219\" \/><\/a><\/p>\n<p style=\"text-align: justify;\">BDP Genel Ba\u015fkan Yard\u0131mc\u0131s\u0131 Meral Dan\u0131\u015f Be\u015fta\u015f, \u0130\u00e7i\u015fleri Bakan\u0131 \u0130dris Naim \u015eahin hakk\u0131nda su\u00e7 duyurusunda bulunacaklar\u0131n\u0131 bildirdi.<\/p>\n<p style=\"text-align: justify;\">(AA) &#8212; Be\u015fta\u015f, bas\u0131n toplant\u0131s\u0131n\u0131n ard\u0131ndan gazetecilerin sorular\u0131n\u0131 yan\u0131tlad\u0131.\u00a0<!--more--><\/p>\n<p style=\"text-align: justify;\">Be\u015fta\u015f, PKK ter\u00f6r \u00f6rg\u00fct\u00fcn\u00fcn \u015fehir yap\u0131lanmas\u0131 KCK&#8217;ya y\u00f6nelik operasyon kapsam\u0131nda Prof. Dr. B\u00fc\u015fra Ersanl\u0131, Belge Yay\u0131nevi yetkilisi Rag\u0131p Zarakolu ve BDP MerkezY\u00fcr\u00fctme Kurulu \u00dcyesi Mustafa Avc\u0131&#8217;n\u0131n da aralar\u0131nda bulundu\u011fu 44 ki\u015finin tutukland\u0131\u011f\u0131n\u0131 hat\u0131rlatarak, g\u00f6zalt\u0131lar\u0131n ger\u00e7ekle\u015fmesinin ard\u0131ndan baz\u0131 bas\u0131n yay\u0131n organlar\u0131nda iddialara ili\u015fkin a\u00e7\u0131klamalar ve belgelerin yer ald\u0131\u011f\u0131n\u0131 ifade etti.<\/p>\n<p style=\"text-align: justify;\">\u0130\u00e7i\u015fleri Bakan\u0131 \u0130dris Naim \u015eahin&#8217;in de konuya ili\u015fkin a\u00e7\u0131klamalar yapt\u0131\u011f\u0131n\u0131 belirten Be\u015fta\u015f, &#8220;yarg\u0131s\u0131z infaz yap\u0131ld\u0131\u011f\u0131n\u0131&#8221; iddia etti.<\/p>\n<p style=\"text-align: justify;\">Yarg\u0131ba\u011f\u0131ms\u0131zl\u0131\u011f\u0131 ve kuvvetler ayr\u0131l\u0131\u011f\u0131 prensiplerinin a\u00e7\u0131k\u00e7a ihlal edildi\u011fini ve su\u00e7 i\u015flendi\u011fini ileri s\u00fcren Be\u015fta\u015f, &#8220;Masumiyet karinesi, yarg\u0131n\u0131n ba\u011f\u0131ms\u0131zl\u0131\u011f\u0131 ve benzeri anayasal kurum ve ilkelerin t\u00fcm\u00fc ihlal ediliyor. Bu su\u00e7tur. D\u00fcnyan\u0131n hi\u00e7bir yerinde su\u00e7 i\u015fleme \u00f6zg\u00fcrl\u00fc\u011f\u00fc yoktur. Bu bakan da ba\u015fbakan da olabilir ba\u015fs\u0131fatlara haiz ki\u015filer de olabilirler. Biz bu nedenle \u0130\u00e7i\u015fleri Bakan\u0131 hakk\u0131ndasu\u00e7 duyurusunda bulunaca\u011f\u0131z, hi\u00e7 kimsenin su\u00e7 i\u015fleme \u00f6zg\u00fcrl\u00fc\u011f\u00fc olmad\u0131\u011f\u0131 gerek\u00e7esiyle&#8221; diye konu\u015ftu.<\/p>\n<p style=\"text-align: justify;\">\u015eahin&#8217;in KCK&#8217;ya y\u00f6nelik operasyonlar kapsam\u0131nda tutuklananlar\u0131n say\u0131s\u0131na ili\u015fkin BDP taraf\u0131ndan yap\u0131lan a\u00e7\u0131klamalar\u0131n da yanl\u0131\u015f oldu\u011funu s\u00f6yledi\u011fini ifade eden Be\u015fta\u015f, bunun kabul edilemez oldu\u011funu, kendilerinin belge, bilgi veger\u00e7eklerden hareketle bu rakamlar\u0131 a\u00e7\u0131klad\u0131klar\u0131n\u0131 s\u00f6yledi.<\/p>\n<p style=\"text-align: justify;\">Be\u015fta\u015f, 2009&#8217;dan bu yana yap\u0131lan tutuklamalar\u0131 g\u00fcnl\u00fck olarak takip ettiklerini kaydederek, &#8220;Kendisinin verdi\u011fi rakam 752. Ger\u00e7ekten \u00e7ok merak ediyoruz. Bu 752 kimdir, nedir? \u015eu an davalar\u0131 sayarak 752&#8217;nin \u00e7ok \u00e7ok \u00fcst\u00fcnde bir rakam toplayabilirim&#8221; diye konu\u015ftu.<\/p>\n<p style=\"text-align: justify;\">BDP ile KCK ba\u011flant\u0131s\u0131na y\u00f6nelik a\u00e7\u0131klamalar\u0131 da de\u011ferlendiren Be\u015fta\u015f,&#8221;Bizim b\u00fct\u00fcn i\u015flemlerimiz Yarg\u0131tay\u0131n denetimindedir. Ba\u015fsavc\u0131l\u0131k bunu zaten gerekli g\u00f6rd\u00fc\u011f\u00fcnde yapar ama bu oyunun, bu mizansenin partiyi kapatt\u0131rmak ama\u00e7l\u0131 oldu\u011funu da g\u00f6rebilecek durumday\u0131z&#8221; ifadelerini kulland\u0131.<\/p>\n<p style=\"text-align: justify;\"><strong>Gensoru \u00f6nergesi de yeniden\u00a0<\/strong><\/p>\n<p style=\"text-align: justify;\">Bu arada BDP, Van depremi dolay\u0131s\u0131yla geri \u00e7ekti\u011fini \u0130dris Naim \u015eahin hakk\u0131ndaki gensoru \u00f6nergesini TBMM Ba\u015fkanl\u0131\u011f\u0131&#8217;na yeniden sundu.<\/p>\n<p style=\"text-align: justify;\">Kaplan, d\u00fczenledi\u011fi bas\u0131n toplant\u0131s\u0131nda, \u015eahin hakk\u0131nda gensoru \u00f6nergesini iyi niyetle geri \u00e7ekmelerine ra\u011fmen, Van depremi, KCK kapsam\u0131ndaki son g\u00f6zalt\u0131lar ve \u015eahin&#8217;in a\u00e7\u0131klamalar\u0131n\u0131n ard\u0131ndan gensoru \u00f6nergesini bir an \u00f6nce vermenin \u015fart oldu\u011funu kaydetti.<\/p>\n<p style=\"text-align: justify;\">Gensoru \u00f6nergesini g\u00fcncelle\u015ftirdiklerini belirten Kaplan, \u015eahin&#8217;in d\u00fcn yapt\u0131\u011f\u0131 a\u00e7\u0131klamayla kendilerini &#8220;KCK&#8217;l\u0131 olarak itham eti\u011fini&#8221; savundu.<\/p>\n<p style=\"text-align: justify;\">\u015eahin&#8217;in &#8220;B\u00fc\u015fra Ersanl\u0131 b\u00f6l\u00fcc\u00fck yap\u0131yorsa, halk\u0131 isyana, sava\u015fak\u0131\u015fk\u0131rt\u0131yorsa elbette gere\u011fi yap\u0131lacakt\u0131r&#8217; dedi\u011fini belirten Kaplan, s\u00f6zlerini \u015f\u00f6yle s\u00fcrd\u00fcrd\u00fc:<\/p>\n<p style=\"text-align: justify;\">&#8220;Avukatlar\u0131n bile hen\u00fcz eri\u015femedi\u011fi su\u00e7lamalar\u0131 say\u0131n bakan \u00e7arp\u0131tarakkamuoyuna yans\u0131t\u0131yor. Say\u0131n Ersanl\u0131 ile ilgili ortaya att\u0131\u011f\u0131 iddialar\u0131 ispatlayam\u0131yorsa, bu belgeleri 24 saat i\u00e7inde kamuoyuna a\u00e7\u0131klayam\u0131yorsa, yapaca\u011f\u0131en onurlu davran\u0131\u015f istifa etmektir. \u015eu an itibariyle davet ediyorum. Say\u0131n Ersanl\u0131, nerede, hangi akademide b\u00f6l\u00fcc\u00fcl\u00fck dersi verdi, halk\u0131 isyana te\u015fvik edene\u011fitim verdi. L\u00fctfen belgeleriyle a\u00e7\u0131kla. 24 saat i\u00e7inde bunu a\u00e7\u0131klam\u0131yorsan m\u00fcfterisin. Yoksa pe\u015fini b\u0131rakmayaca\u011f\u0131z. Bu bakan a\u011fz\u0131n\u0131 a\u00e7t\u0131\u011f\u0131 her anda gafbakan\u0131 olmaya ba\u015flad\u0131. Devlet adam\u0131 ciddiyetini zerre kadar ta\u015f\u0131mayan bir yakla\u015f\u0131m i\u00e7inde. En son Meclisin i\u00e7inde dahi dinleme yapan bir bakanla kar\u015f\u0131 kar\u015f\u0131yay\u0131z. Cumhuriyet tarihi b\u00f6ylesi bir bakan g\u00f6rmemi\u015ftir. Bu bakan\u0131n gitmesi T\u00fcrkiye&#8217;nin bar\u0131\u015f\u0131, parlamenter rejim, hukuk devleti, insan haklar\u0131 ve demokrasi i\u00e7in elzemdir.&#8221;<\/p>\n<p style=\"text-align: justify;\"><a href=\"http:\/\/www.cnnturk.com\/2011\/turkiye\/11\/03\/bdpden.icisleri.bakanina.suc.duyurusu\/635546.0\/index.html\" target=\"_blank\">Kaynak : CNN T\u00dcRK<\/a><\/p>\n","protected":false},"excerpt":{"rendered":"<p style=\"text-align: center;\">\n<p style=\"text-align: justify;\">BDP Genel Ba\u015fkan Yard\u0131mc\u0131s\u0131 Meral Dan\u0131\u015f Be\u015fta\u015f, \u0130\u00e7i\u015fleri Bakan\u0131 \u0130dris Naim \u015eahin hakk\u0131nda su\u00e7 duyurusunda bulunacaklar\u0131n\u0131 bildirdi.<\/p>\n<p style=\"text-align: justify;\">(AA) &#8212; Be\u015fta\u015f, bas\u0131n toplant\u0131s\u0131n\u0131n ard\u0131ndan gazetecilerin sorular\u0131n\u0131 yan\u0131tlad\u0131. <\/p>\n","protected":false},"author":1,"featured_media":0,"comment_status":"open","ping_status":"open","sticky":false,"template":"","format":"standard","meta":{"footnotes":""},"categories":[105],"tags":[],"class_list":["post-41904","post","type-post","status-publish","format-standard","hentry","category-gundem","odd"],"_links":{"self":[{"href":"http:\/\/www.korhanyilmaz.com\/index.php?rest_route=\/wp\/v2\/posts\/41904","targetHints":{"allow":["GET"]}}],"collection":[{"href":"http:\/\/www.korhanyilmaz.com\/index.php?rest_route=\/wp\/v2\/posts"}],"about":[{"href":"http:\/\/www.korhanyilmaz.com\/index.php?rest_route=\/wp\/v2\/types\/post"}],"author":[{"embeddable":true,"href":"http:\/\/www.korhanyilmaz.com\/index.php?rest_route=\/wp\/v2\/users\/1"}],"replies":[{"embeddable":true,"href":"http:\/\/www.korhanyilmaz.com\/index.php?rest_route=%2Fwp%2Fv2%2Fcomments&post=41904"}],"version-history":[{"count":0,"href":"http:\/\/www.korhanyilmaz.com\/index.php?rest_route=\/wp\/v2\/posts\/41904\/revisions"}],"wp:attachment":[{"href":"http:\/\/www.korhanyilmaz.com\/index.php?rest_route=%2Fwp%2Fv2%2Fmedia&parent=41904"}],"wp:term":[{"taxonomy":"category","embeddable":true,"href":"http:\/\/www.korhanyilmaz.com\/index.php?rest_route=%2Fwp%2Fv2%2Fcategories&post=41904"},{"taxonomy":"post_tag","embeddable":true,"href":"http:\/\/www.korhanyilmaz.com\/index.php?rest_route=%2Fwp%2Fv2%2Ftags&post=41904"}],"curies":[{"name":"wp","href":"https:\/\/api.w.org\/{rel}","templated":true}]}}