{"id":41891,"date":"2011-11-03T11:37:05","date_gmt":"2011-11-03T09:37:05","guid":{"rendered":"http:\/\/www.korhanyilmaz.com\/?p=41891"},"modified":"2011-11-03T15:35:52","modified_gmt":"2011-11-03T13:35:52","slug":"konyada-askeri-ucak-dustu-2-sehit","status":"publish","type":"post","link":"http:\/\/www.korhanyilmaz.com\/?p=41891","title":{"rendered":"Konya&#8217;da askeri u\u00e7ak d\u00fc\u015ft\u00fc: 2 \u015fehit"},"content":{"rendered":"<p style=\"text-align: center;\"><a href=\"http:\/\/www.korhanyilmaz.com\/wp-content\/uploads\/2011\/11\/3082.jpg\"  class=\"lightview\"><img loading=\"lazy\" decoding=\"async\" class=\"aligncenter  wp-image-41892\" src=\"http:\/\/www.korhanyilmaz.com\/wp-content\/uploads\/2011\/11\/3082.jpg\" alt=\"\" width=\"320\" height=\"214\" \/><\/a><\/p>\n<p style=\"text-align: justify;\"><strong>Konya&#8217;da saat 11.15 s\u0131ralar\u0131nda bir askeri u\u00e7ak d\u00fc\u015ft\u00fc.<\/strong><\/p>\n<p style=\"text-align: justify;\">T\u00fcrk Hava Kuvvetleri&#8217;ne ait sava\u015f u\u00e7a\u011f\u0131, bug\u00fcn Konya&#8217;da e\u011fitim u\u00e7u\u015fu s\u0131ras\u0131nda d\u00fc\u015ft\u00fc, 2 pilot \u015fehit oldu.1&#8217;inci Hava Kuvvet Komutanl\u0131\u011f\u0131&#8217;na ba\u011fl\u0131 Konya&#8217;daki 3&#8217;\u00fcnc\u00fc Ana Jet \u00dcss\u00fc&#8217;nden e\u011fitim u\u00e7u\u015fu i\u00e7in havalanan F-4E tipi u\u00e7a\u011f\u0131, saat 10.38&#8217;de kent merkezine 21 kilometre uzakl\u0131ktaki Karakaya K\u00f6y\u00fc semalar\u0131na geldi\u011finde hen\u00fcz bilinmeyen nedenle irtifa kaybetmeye ba\u015flad\u0131. Konya B\u00fcy\u00fck\u015fehir Belediyesi&#8217;nin at\u0131k su kanal\u0131n\u0131n ge\u00e7ti\u011fi kesimde tarlaya \u00e7ak\u0131larak alev topuna d\u00f6nen u\u00e7a\u011f\u0131n par\u00e7alar\u0131 geni\u015f alana da\u011f\u0131ld\u0131.\u00a0<!--more--><\/p>\n<p style=\"text-align: justify;\"><strong>P\u0130LOTLAR KURTULAMADI<\/strong><\/p>\n<p style=\"text-align: justify;\">Kazan\u0131n hemen ard\u0131ndan 3&#8217;\u00fcnc\u00fc Ana Jet \u00dcs Komutanl\u0131\u011f\u0131&#8217;ndan havalanan arama- kurtarma helikopteri k\u0131sa s\u00fcrede enkaz\u0131n bulundu\u011fu yere ula\u015ft\u0131. Yap\u0131lan ilk incelemede u\u00e7aktaki binba\u015f\u0131 ve \u00fcste\u011fmen r\u00fctbesindeki 2 pilotun da para\u015f\u00fctle atlamaya f\u0131rsat bulamadan \u015fehit oldu\u011fu belirlendi.Jandarma u\u00e7a\u011f\u0131n enkaz\u0131n\u0131 g\u00fcvenlik \u00e7emberine al\u0131rken, teknik ara\u015ft\u0131rma yapmak \u00fczere kaz\u0131 k\u0131r\u0131m ekibi b\u00f6lgeye sevk edildi. \u015eehit pilotlar\u0131n cenazeleri de enkazdan al\u0131narak helikopterle \u00fcsse g\u00f6t\u00fcr\u00fcld\u00fc.<\/p>\n<p style=\"text-align: justify;\"><strong>P\u0130LOTLARIN K\u0130ML\u0130KLER\u0130 BEL\u0130RLEND\u0130<\/strong><\/p>\n<p style=\"text-align: justify;\">Konya\u2019da merkeze ba\u011fl\u0131 Karakaya K\u00f6y\u00fc yak\u0131nlar\u0131nda d\u00fc\u015fen u\u00e7akta Pilot Binba\u015f\u0131 Serdar Kandemir ve Pilot \u00dcste\u011fmen Engin Kayadibi\u2019nin \u015fehit oldu\u011fu a\u00e7\u0131kland\u0131. D\u00fc\u015fen u\u00e7a\u011f\u0131n Malatya Erha\u00e7\u2019taki 7\u2019nci Ana Jet \u00dcss\u00fc Komutanl\u0131\u011f\u0131 173\u2019\u00fcnc\u00fc Filo\u2019ya ba\u011fl\u0131 RF- 4E tipi ke\u015fif u\u00e7a\u011f\u0131 oldu\u011fu, Konya\u2019ya EHTES olarak adland\u0131r\u0131lan Elektronik Harp Test ve E\u011fitim Sahas\u0131\u2019nda tatbikat i\u00e7in geldi\u011fi belirtildi.<\/p>\n<p style=\"text-align: justify;\"><strong>G\u00d6RG\u00dc TANIKLARI ANLATIYOR<\/strong><\/p>\n<p style=\"text-align: justify;\">Tarlas\u0131na bu\u011fday ekerken u\u00e7a\u011f\u0131n d\u00fc\u015ft\u00fc\u011f\u00fcn\u00fc g\u00f6rd\u00fc\u011f\u00fcn\u00fc s\u00f6yleyen k\u00f6yl\u00fclerden Fuat Keskin, &#8220;Birden g\u00fcr\u00fclt\u00fc duyduk. U\u00e7ak adeta alev topu gibiydi. Par\u00e7alar\u0131 etrafa sa\u00e7\u0131lm\u0131\u015ft\u0131. Hemen jandarmaya bildirdik. K\u0131sa bir s\u00fcre sonra askeri helikopter olay yerine geldi&#8221; dedi.\u00c7ift s\u00fcrerken olay\u0131 g\u00f6rd\u00fc\u011f\u00fcn\u00fc s\u00f6yleyen Celal Karap\u0131nar da, &#8220;Birden bir g\u00fcr\u00fclt\u00fc duydum. Ard\u0131ndan toz bulutu g\u00f6rd\u00fcm. \u0130lk etapta korkup uzakla\u015ft\u0131m. Ard\u0131ndan enkaz al\u0131na gitti\u011fimde u\u00e7a\u011f\u0131n par\u00e7aland\u0131\u011f\u0131n\u0131 ve pilotlar\u0131n \u015fehit oldu\u011funu g\u00f6rd\u00fcm&#8221; diye konu\u015ftu.<\/p>\n<p style=\"text-align: justify;\"><strong>GENELKURMAY A\u00c7IKLAMASI<\/strong><\/p>\n<p style=\"text-align: justify;\">Genelkurmay Ba\u015fkanl\u0131\u011f\u0131&#8217;ndan kazayla ilgili a\u00e7\u0131klamada \u015f\u00f6yle denildi:&#8221;Hava Kuvvetleri Komutanl\u0131\u011f\u0131na ait bir F-4 u\u00e7a\u011f\u0131 03 Kas\u0131m 2011 Per\u015fembe g\u00fcn\u00fc saat 10:38&#8217;de e\u011fitim u\u00e7u\u015fu esnas\u0131nda, Konya&#8217;n\u0131n 21 kilometre kuzeydo\u011fusunda hen\u00fcz bilinmeyen bir nedenle d\u00fc\u015fm\u00fc\u015ft\u00fcr. Kazada, u\u00e7akta bulunan iki pilot subay\u0131m\u0131z \u015fehit olmu\u015ftur. Olay\u0131n meydana geli\u015f nedeni, kaza k\u0131r\u0131m heyeti incelemesi sonucunda a\u00e7\u0131kl\u0131\u011fa kavu\u015facakt\u0131r. \u015eehitlerimize Allah&#8217;tan rahmet, de\u011ferli aileleri, silah arkada\u015flar\u0131 ve y\u00fcce milletimize ba\u015fsa\u011fl\u0131\u011f\u0131 dileriz.<\/p>\n<p style=\"text-align: justify;\"><a href=\"http:\/\/www.radikal.com.tr\/Radikal.aspx?aType=RadikalDetayV3&amp;ArticleID=1068392&amp;Date=03.11.2011&amp;CategoryID=77\" target=\"_blank\">Kaynak : Radikal.com.tr<\/a><\/p>\n","protected":false},"excerpt":{"rendered":"<p style=\"text-align: center;\">\n<p style=\"text-align: justify;\">Konya&#8217;da saat 11.15 s\u0131ralar\u0131nda bir askeri u\u00e7ak d\u00fc\u015ft\u00fc.<\/p>\n<p style=\"text-align: justify;\">T\u00fcrk Hava Kuvvetleri&#8217;ne ait sava\u015f u\u00e7a\u011f\u0131, bug\u00fcn Konya&#8217;da e\u011fitim u\u00e7u\u015fu s\u0131ras\u0131nda d\u00fc\u015ft\u00fc, 2 pilot \u015fehit oldu.1&#8217;inci Hava Kuvvet Komutanl\u0131\u011f\u0131&#8217;na ba\u011fl\u0131 Konya&#8217;daki 3&#8217;\u00fcnc\u00fc Ana Jet \u00dcss\u00fc&#8217;nden e\u011fitim u\u00e7u\u015fu i\u00e7in havalanan F-4E tipi u\u00e7a\u011f\u0131, saat 10.38&#8217;de kent merkezine 21 kilometre uzakl\u0131ktaki Karakaya <\/p>\n","protected":false},"author":1,"featured_media":0,"comment_status":"open","ping_status":"open","sticky":false,"template":"","format":"standard","meta":{"footnotes":""},"categories":[105],"tags":[],"class_list":["post-41891","post","type-post","status-publish","format-standard","hentry","category-gundem","odd"],"_links":{"self":[{"href":"http:\/\/www.korhanyilmaz.com\/index.php?rest_route=\/wp\/v2\/posts\/41891","targetHints":{"allow":["GET"]}}],"collection":[{"href":"http:\/\/www.korhanyilmaz.com\/index.php?rest_route=\/wp\/v2\/posts"}],"about":[{"href":"http:\/\/www.korhanyilmaz.com\/index.php?rest_route=\/wp\/v2\/types\/post"}],"author":[{"embeddable":true,"href":"http:\/\/www.korhanyilmaz.com\/index.php?rest_route=\/wp\/v2\/users\/1"}],"replies":[{"embeddable":true,"href":"http:\/\/www.korhanyilmaz.com\/index.php?rest_route=%2Fwp%2Fv2%2Fcomments&post=41891"}],"version-history":[{"count":0,"href":"http:\/\/www.korhanyilmaz.com\/index.php?rest_route=\/wp\/v2\/posts\/41891\/revisions"}],"wp:attachment":[{"href":"http:\/\/www.korhanyilmaz.com\/index.php?rest_route=%2Fwp%2Fv2%2Fmedia&parent=41891"}],"wp:term":[{"taxonomy":"category","embeddable":true,"href":"http:\/\/www.korhanyilmaz.com\/index.php?rest_route=%2Fwp%2Fv2%2Fcategories&post=41891"},{"taxonomy":"post_tag","embeddable":true,"href":"http:\/\/www.korhanyilmaz.com\/index.php?rest_route=%2Fwp%2Fv2%2Ftags&post=41891"}],"curies":[{"name":"wp","href":"https:\/\/api.w.org\/{rel}","templated":true}]}}