{"id":41886,"date":"2011-11-03T02:02:43","date_gmt":"2011-11-03T00:02:43","guid":{"rendered":"http:\/\/www.korhanyilmaz.com\/?p=41886"},"modified":"2011-11-03T15:32:10","modified_gmt":"2011-11-03T13:32:10","slug":"olum-listesinden-cikmak-icin-para-odediler","status":"publish","type":"post","link":"http:\/\/www.korhanyilmaz.com\/?p=41886","title":{"rendered":"\u00d6l\u00fcm listesinden \u00e7\u0131kmak i\u00e7in para \u00f6dediler"},"content":{"rendered":"<p style=\"text-align: center;\"><a href=\"http:\/\/www.korhanyilmaz.com\/wp-content\/uploads\/2011\/11\/30811.jpg\"  class=\"lightview\"><img loading=\"lazy\" decoding=\"async\" class=\"aligncenter  wp-image-41888\" src=\"http:\/\/www.korhanyilmaz.com\/wp-content\/uploads\/2011\/11\/30811.jpg\" alt=\"\" width=\"320\" height=\"214\" \/><\/a><\/p>\n<p style=\"text-align: justify;\">Faili me\u00e7hul cinayetler kapsam\u0131nda ifade veren Peker, &#8220;Eken, \u00f6l\u00fcm listesinden \u00e7\u0131kmak isteyen Hamo\u011flu&#8217;ndan para ald\u0131&#8221; dedi.<\/p>\n<p style=\"text-align: justify;\">ANKARA- \u00dcnl\u00fc mafya lideri Sedat Peker, Ankara\u2019da devam eden faili me\u00e7hul cinayetler soru\u015fturmas\u0131nda d\u00fcn ifade verdi. Peker ifadesinde K\u00fcrt i\u015fadamlar\u0131na y\u00f6nelik \u00f6l\u00fcm listelerine dair \u00f6nemli a\u00e7\u0131klamalarda bulundu. Peker, i\u015fadam\u0131 Ahmet Hamo\u011flu\u2019nun listeden \u00e7\u0131kmak i\u00e7in Korkut Eken\u2019e para \u00f6dedi\u011fini ileri s\u00fcrd\u00fc.<!--more--><\/p>\n<p style=\"text-align: justify;\">Faili me\u00e7hul cinayetler soru\u015fturmas\u0131n\u0131 y\u00fcr\u00fcten Savc\u0131 Hakan Y\u00fcksel, Ergenekon davas\u0131 san\u0131klar\u0131ndan Sedat Peker\u2019in de ifadesini ald\u0131. 9 sayfay\u0131 bulan ifadesinde Peker, Eken ile 1995\u2019te tan\u0131\u015ft\u0131\u011f\u0131n\u0131 anlatarak, \u201cTan\u0131\u015ft\u0131\u011f\u0131m zaman K\u00fcrt i\u015f adamlar\u0131na y\u00f6nelik faili me\u00e7hul zaten ger\u00e7ekle\u015fmi\u015fti\u201d dedi. Susurluk kazas\u0131nda sonra tutuklanarak cezaevine konulan Eken\u2019i ziyaret etti\u011fini s\u00f6yleyen Peker \u015f\u00f6yle devam etti: \u201cEken, Aya\u015f Cezaevi\u2019nde yat\u0131yordu. O zaman Ka\u00e7ak\u00e7\u0131l\u0131k Organize Su\u00e7larla M\u00fccadele Daire Ba\u015fkan\u0131 olan Mehmet Emin Aslan\u2019\u0131 benim yan\u0131mda cezaevinden arayarak samimi konu\u015fmalar yapt\u0131.\u201d<\/p>\n<p style=\"text-align: justify;\"><strong>\u2018Hamo\u011flu para verdi\u2019<\/strong><\/p>\n<p style=\"text-align: justify;\">\u0130fadesinde K\u00fcrt i\u015fadamlar\u0131na y\u00f6nelik olarak tutulan \u00f6l\u00fcm listelerine de de\u011finen Peker, bu konuda da \u015fu bilgileri verdi: \u201cCinayetlerin MGK taraf\u0131ndan yetkilendirilen ekip taraf\u0131ndan ger\u00e7ekle\u015ftirildi\u011fini duyuyordum. Ye\u015fil isimli \u015fahs, Do\u011fu\u2019da bir zamanlar J\u0130TEM taraf\u0131ndan kullan\u0131ld\u0131ktan sonra M\u0130T ile birlikte \u00e7al\u0131\u015fmaya ba\u015flad\u0131. M\u0130T\u2019te Mehmet Eym\u00fcr\u2019\u00fcn kadrosunda oldu\u011fu, \u015fehirlerde eylem ger\u00e7ekle\u015ftirdi\u011fini duyuyorduk.\u201d<\/p>\n<p style=\"text-align: justify;\">Ergenekon iddianamesinde yer alan ve Eken\u2019in i\u015f adamlar\u0131ndan para ald\u0131\u011f\u0131n\u0131 belirten telefon konu\u015fmas\u0131na da a\u00e7\u0131kl\u0131k getiren Peker \u015funlar\u0131 anlatt\u0131: \u201cAtilla Y\u0131ld\u0131r\u0131m\u2019a bu konuyu anlatt\u0131m. Bunun \u00fczerine g\u00fclerek, \u2018Olay bildi\u011fin gibi de\u011fil. Ben Korkut abiyi i\u015fadam\u0131 Ahmet Hamo\u011flu ile tan\u0131\u015ft\u0131rd\u0131m. Hamo\u011flu\u2019nun yan\u0131na \u00e7antas\u0131z geldik. Giderken Korkut abinin elinde bir James Bond \u00e7anta vard\u0131\u2019 dedi. Bunun \u00fczerine \u00e7ok \u015fa\u015f\u0131rm\u0131\u015ft\u0131m. Eken\u2019in, Hamo\u011flu\u2019ndan bir \u00e7anta dolusu para ald\u0131\u011f\u0131n\u0131 biliyorum. O d\u00f6nemde PKK\u2019ya yard\u0131m eden i\u015f adamlar\u0131na y\u00f6nelik haz\u0131rlanan listedeki baz\u0131 \u015fah\u0131slar\u0131n \u00f6ld\u00fcr\u00fcld\u00fc\u011f\u00fcn\u00fc herkes konu\u015fuyordu. Bence Hamo\u011flu da para verdi. O d\u00f6nemde kesinlikle devlet yoktu.\u201d<\/p>\n<p style=\"text-align: justify;\"><strong>Halis Toprak da vard\u0131<\/strong><\/p>\n<p style=\"text-align: justify;\">\u0130nsanlarda o zamanlar korku i\u00e7inde oldu\u011funu \u00e7\u00fcnk\u00fc polisler e\u015fli\u011finde al\u0131n\u0131p sorgusuz sualsiz \u00f6ld\u00fcr\u00fcld\u00fcklerini ifade eden Peker, Yakup K\u00fcr\u015fat Y\u0131lmaz\u2019\u0131n kendisine Halis Toprak\u2019\u0131 \u00f6ld\u00fcr\u00fclmesi i\u00e7in devlette g\u00f6revli baz\u0131 ki\u015filerin teklifte bulundu\u011funu ama bunu kabul etmedi\u011fini anlatt\u0131\u011f\u0131n\u0131 da aktard\u0131. Peker, \u201cBu ret olay\u0131ndan sonra a\u00e7\u0131k cezaevinde kapal\u0131 cezaevine \u00e7\u0131kt\u0131\u011f\u0131n\u0131 s\u00f6ylemi\u015fti. Kendi isteklerini yapmayan ki\u015filer bu \u015fekilde s\u0131k\u0131nt\u0131ya sokuyorlard\u0131. Ama cezaevinde ama poliste i\u015fkence yapt\u0131rarak istediklerini al\u0131yorlard\u0131. K\u00fcr\u015fat Y\u0131lmaz\u2019\u0131n Diyarbak\u0131r cezaevine sevki s\u0131ras\u0131nda Mehmet A\u011far Adalet Bakan\u0131yd\u0131\u201d diye konu\u015ftu.<\/p>\n<p style=\"text-align: justify;\">Peker, Tansu \u00c7iller\u2019in ba\u015fbakan olmas\u0131ndan sonra Mehmet Eym\u00fcr\u2019\u00fcn y\u0131ld\u0131z\u0131n\u0131n parlad\u0131\u011f\u0131na da dikkat \u00e7ekti.<\/p>\n<p style=\"text-align: justify;\"><strong>Dev-Sol\u2019cular\u0131 \u00f6ld\u00fcrd\u00fcler<\/strong><\/p>\n<p style=\"text-align: justify;\">Eski Emniyet M\u00fcd\u00fcr\u00fc Hanefi Avc\u0131 hakk\u0131nda da iddialarda bulunan Peker \u201cHanefi Avc\u0131 Diyarbak\u0131r\u2019daki itiraf\u00e7\u0131lardan S\u00fcleyman \u00d6ger, Hidayet Bozyi\u011fit, \u0130brahim Babat, H\u00fcseyin Tilki gibi ki\u015fileri \u0130stanbul\u2019a getirmi\u015f istihbarat \u015fube g\u00f6revlisi \u2018pala\u2019 lakapl\u0131 ba\u015f komiser taraf\u0131ndan bana emanet edilmi\u015fti. Bu konuyla ilgili bildiklerimi Ergenekon soru\u015fturmas\u0131na y\u00fcr\u00fcten savc\u0131ya anlatt\u0131m. Dev-Sol\u2019da Bedri Ya\u011fan grubuna y\u00f6nelik yap\u0131lan operasyonlarda temizlik diye nitelendirilen eylemlerde bu itiraf\u00e7\u0131lar\u0131n g\u00f6revlendirildi\u011fini kalan sa\u011flar\u0131 en son bunlar\u0131n \u00f6ld\u00fcrd\u00fc\u011f\u00fcn\u00fc anlatt\u0131lar.\u201d<\/p>\n<p style=\"text-align: justify;\"><strong>Eken Ye\u015fil\u2019in kaburgas\u0131n\u0131 k\u0131rd\u0131rd\u0131<\/strong><\/p>\n<p style=\"text-align: justify;\">Korkut Eken\u2019in, Ye\u015fil ile aras\u0131n\u0131 bozmaya \u00e7al\u0131\u015ft\u0131\u011f\u0131n\u0131 s\u00f6yleyen Sedat Peker \u015f\u00f6yle dedi: \u201cAma aram\u0131z bozulmad\u0131. Konuyu Korkut Eken\u2019e anlatt\u0131m. K\u0131sa bir s\u00fcre sonra \u0130stanbul Asayi\u015f M\u00fcd\u00fcrl\u00fc\u011f\u00fc\u2019ne \u00e7ay i\u00e7meye \u00e7a\u011fr\u0131ld\u0131m. Yan kesicilikten g\u00f6zalt\u0131na ald\u0131lar \u00c7ok feci i\u015fkence g\u00f6rd\u00fcm. \u00c7\u0131plak soyup foto\u011fraflar\u0131m\u0131 \u00e7ektiler. Ben bu olaydan sonra Ye\u015fil\u2019i, Sedat Demir\u2019in Ankara Asayi\u015f M\u00fcd\u00fcr\u00fc oldu\u011fu zamanda g\u00f6zalt\u0131na al\u0131p i\u015fkence yaparak kaburgas\u0131n\u0131 k\u0131rd\u0131\u011f\u0131n\u0131 \u00f6\u011frendim. Bunu isteyen ki\u015finin de Korkut Eken oldu\u011funu \u00e7ok sonradan duydum.\u201d<\/p>\n<p style=\"text-align: justify;\"><span style=\"font-size: medium; color: #993300;\"><strong>Susurluk\u2019un 15 y\u0131l\u0131&#8230;\u00a0<\/strong><\/span><\/p>\n<p style=\"text-align: justify;\"><strong>1990 :\u00a0<\/strong>1990\u2019l\u0131 y\u0131llar\u0131n ba\u015f\u0131 T\u00fcrkiye i\u00e7in \u00e7ok karanl\u0131k g\u00fcnlerdi. \u0130\u015fkencede \u00f6l\u00fcmler, yarg\u0131s\u0131z infazlar ya\u015fan\u0131yordu. Hen\u00fcz derin devlet kimsenin g\u00f6z\u00fcnde somutlanmam\u0131\u015ft\u0131. Ama karanl\u0131k olaylar ya\u015fan\u0131yordu.<\/p>\n<p style=\"text-align: justify;\"><strong>1992:<\/strong> \u0130stanbul\u2019da Kad\u0131k\u00f6y \u00c7iftehavuzlar\u2019daki h\u00fccreevine yap\u0131lan bask\u0131nda Dev-Sol \u00fcyesi \u00fc\u00e7 ki\u015fi \u00f6ld\u00fcr\u00fcld\u00fc.<\/p>\n<p style=\"text-align: justify;\"><strong>13 A\u011fustos 1994:<\/strong> PERPA\u2019ya DHKP-C\u2019ye y\u00f6nelik bir operasyon yap\u0131ld\u0131, be\u015f ki\u015fi \u00f6ld\u00fcr\u00fcld\u00fc. Yarg\u0131s\u0131z infaz iddialar\u0131yla dava a\u00e7\u0131ld\u0131, polisler beraat etti.<\/p>\n<p style=\"text-align: justify;\"><strong>1995<\/strong><\/p>\n<p style=\"text-align: justify;\">\u00a0<strong>2 Mart:<\/strong> M\u0130T mensubu Tar\u0131k \u00dcmit ka\u00e7\u0131r\u0131ld\u0131 ve bir daha haber al\u0131namad\u0131.<\/p>\n<p style=\"text-align: justify;\"><strong>12 Mart:<\/strong> \u00d6nce Gazi Mahallesi\u2019nde kahve tarand\u0131. bir ki\u015fi \u00f6ld\u00fc. Ard\u0131ndan \u00e7\u0131kan olaylarda 17 ki\u015fi ya\u015fam\u0131n\u0131 yitirdi.<\/p>\n<p style=\"text-align: justify;\"><strong>1996 28 Temmuz :<\/strong> \u00d6mer L\u00fctf\u00fc Topal \u00f6ld\u00fcr\u00fcld\u00fc.<\/p>\n<p style=\"text-align: justify;\"><strong>3 Kas\u0131m:<\/strong> Susurluk\u2019ta meydana gelen kazada Abdullah \u00c7atl\u0131, sevgilisi Gonca Us, polis m\u00fcd\u00fcr\u00fc H\u00fcseyin Kocada\u011f \u00f6ld\u00fc, milletvekili Sedat Bucak a\u011f\u0131r yaraland\u0131. B\u00f6ylece siyaset\u00e7i, mafya, polis \u00fc\u00e7geni ortaya \u00e7\u0131kt\u0131.<\/p>\n<p style=\"text-align: justify;\"><strong>1996<\/strong><\/p>\n<p style=\"text-align: justify;\">Radikal Abdullah \u00c7atl\u0131, \u00d6zel Harekat Dairesi Ba\u015fkanvekili \u0130brahim \u015eahin ve \u00d6zel tim polisi Ayhan Ak\u00e7a\u2019n\u0131n birlikte halay \u00e7ekti\u011fi foto\u011fraflar\u0131 yay\u0131mlad\u0131. Medya karanl\u0131\u011f\u0131n \u00fczerine gitti.<\/p>\n<p style=\"text-align: justify;\"><strong>2011<\/strong><\/p>\n<p style=\"text-align: justify;\">Eski \u00d6zel Tim Polisi Ayhan \u00c7ark\u0131n, Radikal\u2019e o d\u00f6nemki faili me\u00e7hul cinayetlerle ilgili itiraflarda bulundu. Bu itiraflar \u00fczerine Ankara \u00d6zel Yetkili Cumhuriyet Savc\u0131l\u0131\u011f\u0131 harekete ge\u00e7ti. Ayhan \u00c7ark\u0131n g\u00f6zalt\u0131na al\u0131narak ifadesine ba\u015fvuruldu. Bu ifadeler, Susurluk s\u00fcrecinde ikinci perdeyi aralad\u0131. Faili me\u00e7hul cinayetler soru\u015fturmas\u0131n\u0131 derinle\u015ftirdi. \u00c7ark\u0131n\u2019dan sonra \u0130brahim \u015eahin sorguland\u0131 ve tutukland\u0131. Ard\u0131ndan Ali Fevzi Bir sorguland\u0131. D\u00fcn de Sedat Peker, faali me\u00e7hul cinayetlerle ilgili savc\u0131ya ifade verdi.<\/p>\n<p style=\"text-align: justify;\"><a href=\"http:\/\/www.radikal.com.tr\/Radikal.aspx?aType=RadikalHaberDetayV3&amp;ArticleID=1068366&amp;Date=03.11.2011&amp;CategoryID=77\" target=\"_blank\">Kaynak : Radikal.com.tr<\/a><\/p>\n","protected":false},"excerpt":{"rendered":"<p style=\"text-align: center;\">\n<p style=\"text-align: justify;\">Faili me\u00e7hul cinayetler kapsam\u0131nda ifade veren Peker, &#8220;Eken, \u00f6l\u00fcm listesinden \u00e7\u0131kmak isteyen Hamo\u011flu&#8217;ndan para ald\u0131&#8221; dedi.<\/p>\n<p style=\"text-align: justify;\">ANKARA- \u00dcnl\u00fc mafya lideri Sedat Peker, Ankara\u2019da devam eden faili me\u00e7hul cinayetler soru\u015fturmas\u0131nda d\u00fcn ifade verdi. Peker ifadesinde K\u00fcrt i\u015fadamlar\u0131na y\u00f6nelik \u00f6l\u00fcm listelerine dair \u00f6nemli a\u00e7\u0131klamalarda bulundu. Peker, i\u015fadam\u0131 Ahmet Hamo\u011flu\u2019nun listeden <\/p>\n","protected":false},"author":1,"featured_media":0,"comment_status":"open","ping_status":"open","sticky":false,"template":"","format":"standard","meta":{"footnotes":""},"categories":[105],"tags":[],"class_list":["post-41886","post","type-post","status-publish","format-standard","hentry","category-gundem","odd"],"_links":{"self":[{"href":"http:\/\/www.korhanyilmaz.com\/index.php?rest_route=\/wp\/v2\/posts\/41886","targetHints":{"allow":["GET"]}}],"collection":[{"href":"http:\/\/www.korhanyilmaz.com\/index.php?rest_route=\/wp\/v2\/posts"}],"about":[{"href":"http:\/\/www.korhanyilmaz.com\/index.php?rest_route=\/wp\/v2\/types\/post"}],"author":[{"embeddable":true,"href":"http:\/\/www.korhanyilmaz.com\/index.php?rest_route=\/wp\/v2\/users\/1"}],"replies":[{"embeddable":true,"href":"http:\/\/www.korhanyilmaz.com\/index.php?rest_route=%2Fwp%2Fv2%2Fcomments&post=41886"}],"version-history":[{"count":0,"href":"http:\/\/www.korhanyilmaz.com\/index.php?rest_route=\/wp\/v2\/posts\/41886\/revisions"}],"wp:attachment":[{"href":"http:\/\/www.korhanyilmaz.com\/index.php?rest_route=%2Fwp%2Fv2%2Fmedia&parent=41886"}],"wp:term":[{"taxonomy":"category","embeddable":true,"href":"http:\/\/www.korhanyilmaz.com\/index.php?rest_route=%2Fwp%2Fv2%2Fcategories&post=41886"},{"taxonomy":"post_tag","embeddable":true,"href":"http:\/\/www.korhanyilmaz.com\/index.php?rest_route=%2Fwp%2Fv2%2Ftags&post=41886"}],"curies":[{"name":"wp","href":"https:\/\/api.w.org\/{rel}","templated":true}]}}