{"id":41882,"date":"2011-11-03T10:52:37","date_gmt":"2011-11-03T08:52:37","guid":{"rendered":"http:\/\/www.korhanyilmaz.com\/?p=41882"},"modified":"2011-11-03T15:17:14","modified_gmt":"2011-11-03T13:17:14","slug":"arinc-tutuklu-vekiller-milli-iradeye-saygisizlik","status":"publish","type":"post","link":"http:\/\/www.korhanyilmaz.com\/?p=41882","title":{"rendered":"Ar\u0131n\u00e7: Tutuklu vekiller milli iradeye sayg\u0131s\u0131zl\u0131k"},"content":{"rendered":"<p style=\"text-align: center;\"><a href=\"http:\/\/www.korhanyilmaz.com\/wp-content\/uploads\/2011\/11\/3080.jpg\"  class=\"lightview\"><img loading=\"lazy\" decoding=\"async\" class=\"aligncenter  wp-image-41883\" src=\"http:\/\/www.korhanyilmaz.com\/wp-content\/uploads\/2011\/11\/3080.jpg\" alt=\"\" width=\"336\" height=\"223\" \/><\/a><\/p>\n<p style=\"text-align: justify;\">Ba\u015fbakan Yard\u0131mc\u0131s\u0131 B\u00fclent Ar\u0131n\u00e7, &#8220;Milletvekili se\u00e7ilmi\u015f ve mazbatas\u0131n\u0131 alm\u0131\u015f olmas\u0131na ra\u011fmen, parlamentoya gelerek ant i\u00e7me f\u0131rsat\u0131 bulamayan arkada\u015flar\u0131m\u0131z i\u00e7in \u00fcz\u00fcl\u00fcyorum. \u00c7\u00fcnk\u00fc onlar\u0131n i\u00e7eride tutuklu kalmas\u0131 milli iradeye sayg\u0131s\u0131zl\u0131kt\u0131r&#8221; dedi. Ar\u0131n\u00e7, Ter\u00f6rle M\u00fccadele Yasas\u0131&#8217;nda propagandayi d\u00fczenleyen maddelerin g\u00f6zden ge\u00e7irilmesi gerekti\u011fini s\u00f6yledi.<!--more--><\/p>\n<p style=\"text-align: justify;\">ANKARA &#8211; TBMM Plan ve B\u00fct\u00e7e Komisyonunda, Bas\u0131n Yay\u0131n ve Enformasyon Genel M\u00fcd\u00fcrl\u00fc\u011f\u00fc, Vak\u0131flar Genel M\u00fcd\u00fcrl\u00fc\u011f\u00fc, Atat\u00fcrk K\u00fclt\u00fcr, Dil ve Tarih Y\u00fcksek Kurumu, Atat\u00fcrk Ara\u015ft\u0131rma Merkezi, Atat\u00fcrk K\u00fclt\u00fcr Merkezi, T\u00fcrk Dil Kurumu, T\u00fcrk Tarih Kurumu ve RT\u00dcK&#8217;\u00fcn 2012 y\u0131l\u0131 b\u00fct\u00e7eleri \u00fczerinde milletvekillerinin ele\u015ftiri ve sorular\u0131n\u0131 yan\u0131tlad\u0131.<\/p>\n<p style=\"text-align: justify;\">Ar\u0131n\u00e7, T\u00fcrkiye&#8217;nin ter\u00f6rle m\u00fccadele etti\u011fini dile getirerek, \u201cHer g\u00fcn kan ak\u0131yor, \u00f6rg\u00fct var, \u00f6rg\u00fct propagandas\u0131n\u0131 yap\u0131yor. Da\u011fa \u00e7\u0131kmalar devam ediyor. Bu \u00f6rg\u00fct\u00fcn kanl\u0131 eylemlerini bir zafer gibi g\u00f6renler var. Bu \u00f6rg\u00fct\u00fcn i\u00e7erideki eleba\u015f\u0131s\u0131n\u0131 ve \u015fu andaki y\u00f6neticilerini gerilla kahraman\u0131, halk ve \u00f6zg\u00fcrl\u00fck kahraman\u0131 olarak g\u00f6renler var. Bunlar\u0131n propagandalar\u0131 var\u201d diye konu\u015ftu.<\/p>\n<p style=\"text-align: justify;\">\u201cArt\u0131k T\u00fcrkiye \u00f6zg\u00fcrle\u015fsin be karde\u015fim, bunlar serbest olsun\u201d diyenler varsa bunu her yerde s\u00f6ylemelerini isteyen Ar\u0131n\u00e7, kendilerinin bu konu\u015fmalar\u0131 ele\u015ftirecek, yok edecek, g\u00f6zden uzak tutacak bir noktada olmad\u0131klar\u0131n\u0131 bildirdi. \u201c(Bas\u0131n \u00f6zg\u00fcrl\u00fc\u011f\u00fc yoktur) diyerek, bunun arkas\u0131na saklanarak, H\u00fck\u00fcmetimizi veya beni ele\u015ftirmek isteyenler, mert olun samimi olun\u201d diyen Ar\u0131n\u00e7, \u015f\u00f6yle devam etti: \u201cMesela bir arkada\u015f\u0131m diyorsa ki, &#8216;Ter\u00f6rle M\u00fccadele Kanunu&#8217;nun \u015fu maddeleri g\u00f6zden ge\u00e7irilsin, propaganda art\u0131k su\u00e7 olmaktan \u00e7\u0131kart\u0131ls\u0131n, \u00f6rg\u00fct ad\u0131na eylem yapan su\u00e7 olarak kals\u0131n.&#8217; Ben bunu anlay\u0131\u015fla kar\u015f\u0131layabilirim ama olup olmayaca\u011f\u0131 konusunda hem Meclisimizin hem de kamuoyunun tepkilerini dikkate al\u0131r\u0131m. \u00d6yle karabatak bu i\u015fe girmenin de alemi yok. Benim s\u00f6z\u00fcm sadece &#8216;bas\u0131n \u00f6zg\u00fcrl\u00fc\u011f\u00fc yoktur&#8217; diye feryat edip arkas\u0131ndaki ger\u00e7e\u011fi gizlemek isteyenlere y\u00f6neliktir.\u201d<\/p>\n<p style=\"text-align: justify;\"><strong>\u201cGazeteci geliyor, kendi \u00f6zelini konu\u015fuyor\u201d\u00a0<\/strong><\/p>\n<p style=\"text-align: justify;\">Bas\u0131n yoluyla i\u015flenen su\u00e7larda \u00e7ok garip bir durumun oldu\u011funu dile getiren Ar\u0131n\u00e7, \u201cGazeteci geliyor, sadece kendi \u00f6zel durumunu konu\u015fuyor. &#8216;Ben \u015fu maddeden mahkum oldum, bu maddeyi su\u00e7 olmaktan \u00e7\u0131kar\u0131n&#8217; diyor. Ki\u015fiye y\u00f6nelik d\u00fczenleme yapamam. Ben genel bir d\u00fczenleme yapar\u0131m. Sen bundan pay\u0131n\u0131 al\u0131rs\u0131n ya da almazs\u0131n, bu benim i\u015fim de\u011fil\u201d diye konu\u015ftu.<\/p>\n<p style=\"text-align: justify;\"><strong>&#8216;Propagandaya y\u00f6nelik su\u00e7lamalar g\u00f6zden e\u00e7irilmeli&#8217;\u00a0<\/strong><\/p>\n<p style=\"text-align: justify;\">Ter\u00f6rle M\u00fccadele Kanunu&#8217;nun 2006 y\u0131l\u0131nda g\u00fcncelle\u015ftirildi\u011fini, o zaman Meclis Ba\u015fkan\u0131 oldu\u011funu belirten Ar\u0131n\u00e7, \u015funlar\u0131 kaydetti: \u201c\u00d6zellikle propaganda su\u00e7lar\u0131n\u0131n art\u0131\u015f\u0131, bug\u00fcn i\u00e7in orant\u0131s\u0131z g\u00f6r\u00fclebilir. Propaganda su\u00e7lar\u0131na verdi\u011fimiz cezalar, baz\u0131lar\u0131n\u0131 \u00e7ok basit olarak g\u00f6r\u00fcyorum, bu insanlar\u0131 yollar\u0131ndan da d\u00f6nd\u00fcrmemi\u015f, pratik bir fayda da sa\u011flamam\u0131\u015f. Ter\u00f6r \u00f6rg\u00fct\u00fcn\u00fcn eylemlerinin azalmas\u0131 noktas\u0131nda da bize bir yarar sa\u011flamam\u0131\u015f. O zaman propagandaya y\u00f6nelik, su\u00e7lamalara y\u00f6nelik maddeleri tekrar g\u00f6zden ge\u00e7irmeliyiz. Baz\u0131lar\u0131n\u0131 su\u00e7 olmaktan \u00e7\u0131karmal\u0131y\u0131z, baz\u0131lar\u0131n\u0131n cezalar\u0131n\u0131 hafifletmeliyiz diye d\u00fc\u015f\u00fcn\u00fcyorum. TCK&#8217;daki d\u00fczenlemeyi tekrar savunaca\u011f\u0131m, bunu tekrar Meclise getirece\u011fim. Adalet Bakan\u0131 ile m\u00fc\u015fterek bir \u00e7al\u0131\u015fmam\u0131z var. Hi\u00e7bir bas\u0131n mensubunun gazetecilik mesle\u011fini yapt\u0131\u011f\u0131ndan dolay\u0131 i\u00e7eride kalm\u0131\u015f olmas\u0131 beni memnun etmez, \u00fczer. Arkada\u015flar bundan emin olsunlar. Ama T\u00fcrkiye bir hukuk devleti, yaz\u0131l\u0131 hukuk uygulan\u0131yorsa, bundan \u015fikayet etmeye hakk\u0131m\u0131z yok. Biz yasama organ\u0131y\u0131z, yanl\u0131\u015f buluyorsak de\u011fi\u015ftirece\u011fiz.\u201d<\/p>\n<p style=\"text-align: justify;\"><strong>Tutuklu milletvekillerinin durumu\u00a0<\/strong><\/p>\n<p style=\"text-align: justify;\">Ba\u015fbakan Yard\u0131mc\u0131s\u0131 B\u00fclent Ar\u0131n\u00e7, konu\u015fmas\u0131nda tutuklu milletvekillerinin durumuna da de\u011findi. Ar\u0131n\u00e7, \u015funlar\u0131 s\u00f6yledi: \u201cBen bir siyaset\u00e7i ve milletvekili olarak, her \u015feyi bir kenara b\u0131rakarak, \u015fu anda milletvekili se\u00e7ilmi\u015f olmas\u0131na, mazbatas\u0131n\u0131 alm\u0131\u015f olmas\u0131na ra\u011fmen, parlamentoya gelerek ant i\u00e7me f\u0131rsat\u0131 bulamayan arkada\u015flar\u0131m\u0131z i\u00e7in, g\u00f6r\u00fc\u015flerinin hi\u00e7birini payla\u015fmad\u0131\u011f\u0131m halde, \u00fcz\u00fcl\u00fcyorum. \u00c7\u00fcnk\u00fc onlar\u0131n i\u00e7eride tutuklu kalmas\u0131 milli iradeye sayg\u0131s\u0131zl\u0131kt\u0131r. Milletin se\u00e7ti\u011fi bir insan, parlamentoya gelir ve yasama g\u00f6revine ba\u015flar. Birincisi, yasama organ\u0131 olarak biz bunu yapmal\u0131y\u0131z. \u0130kincisi, mutlaka yarg\u0131da bunu dikkate alarak milletvekili se\u00e7ilmi\u015f olan, milletvekili s\u0131fat\u0131n\u0131 ta\u015f\u0131yan insanlar\u0131 tahliye etmelidir. Bu bir talimat de\u011fil. \u00c7\u00fcnk\u00fc milli irade burada se\u00e7mi\u015f. &#8216;Milli irade yanl\u0131\u015f yapm\u0131\u015f&#8217;&#8230; Sen bunu tartacak noktada de\u011filsin. Sen yarg\u0131s\u0131n, sen i\u015fin o taraf\u0131na bakmayacaks\u0131n. Se\u00e7imden \u00f6nce soruldu\u011fu zaman iki \u015fey s\u00f6yledim. Bu insanlar mahkemeden, davadan, tutukluktan kurtulmak i\u00e7in aday olmak isteyebilirler. Bu yanl\u0131\u015ft\u0131r ama i\u00e7g\u00fcd\u00fcsel bir davran\u0131\u015ft\u0131r, herkes b\u00f6yle bir imkan\u0131 kullanabilir. &#8216;Ben niye i\u00e7eride \u00e7\u00fcr\u00fcyeyim karde\u015fim. Bir an evvel milletvekili olay\u0131m \u00e7\u0131kay\u0131m&#8217; diyen bir insana, &#8216;senin kalbin k\u00f6t\u00fc, sen i\u00e7eride kal&#8217; denemez. Bir insan i\u00e7g\u00fcd\u00fcsel bir \u015fekilde kendisini cezaevinden kurtarmak isteyebilir. As\u0131l sorumluluk, onu aday yapan partidedir, as\u0131l sorumluluk onu se\u00e7en milletimizdedir. Onu aday yapan parti do\u011fru yapt\u0131\u011f\u0131na inan\u0131yorsa ve milletimiz de oylar\u0131yla onlar\u0131 se\u00e7ip parlamentoya g\u00f6ndermi\u015fse a\u011fz\u0131m\u0131z\u0131 kapataca\u011f\u0131z. Hi\u00e7bir \u015fey s\u00f6ylememize gerek yok. Se\u00e7ilmi\u015flerdir, yerleri parlamentodur. Geleceklerdir, burada g\u00f6revlerini yapacaklard\u0131r. Hi\u00e7bir partinin milletvekilleri hakk\u0131nda da ayr\u0131m yapm\u0131yorum. BDP i\u00e7in de s\u00f6yledi\u011fim do\u011frudur, CHP i\u00e7in de MHP i\u00e7in de&#8230; Milletvekili se\u00e7ilmi\u015f o arkada\u015flar\u0131 ben \u00f6zl\u00fcyorum. Parlamentoya gelip ant i\u00e7melerini ve g\u00f6revlerine ba\u015flamalar\u0131n\u0131 da arzu ediyorum. Bu tart\u0131\u015f\u0131lacak konuyu ben kendi g\u00f6r\u00fc\u015f\u00fcm olarak ifade ettim.\u201d<\/p>\n<p style=\"text-align: justify;\">B\u00fclent Ar\u0131n\u00e7, Bas\u0131n Kanunu&#8217;nda bas\u0131n \u00f6zg\u00fcrl\u00fc\u011f\u00fcn\u00fc k\u0131s\u0131tlayan maddeler \u00fczerinde birlikte \u00e7al\u0131\u015fmaya haz\u0131r oldu\u011funu vurgulayarak, kendi yapt\u0131\u011f\u0131 \u00e7al\u0131\u015fmaya katk\u0131 istedi. Ar\u0131n\u00e7, gazetecilik kurulu\u015flar\u0131n\u0131n bu konuda ciddi bir \u00e7aba sarf etmediklerini, sadece konu\u015ftuklar\u0131n\u0131 dile getirdi.<\/p>\n<p style=\"text-align: justify;\"><strong>\u201cFevkalade a\u011f\u0131r bir karar\u201d\u00a0<\/strong><\/p>\n<p style=\"text-align: justify;\">B\u00fclent Ar\u0131n\u00e7, bir insan\u0131n bir g\u00fcnden fazla \u015fahsi h\u00fcrriyetini tahdit edecek bir tedbir karar\u0131 alman\u0131n \u201cfevkalade a\u011f\u0131r bir karar\u201d olaca\u011f\u0131n\u0131 belirterek, \u201cHakimin, elindeki delilleri, ki\u015finin durumunu, dava i\u00e7erisinde konumunu s\u0131k s\u0131k dikkate alarak tutukluluk halinin istisnai hale gelmesi i\u00e7in \u00f6zen g\u00f6stermesi laz\u0131m. Adalet, \u00f6\u00e7 alma mekanizmas\u0131 de\u011fildir\u201d dedi. \u201cBu d\u00fc\u015f\u00fcncem do\u011frudur, bundan ba\u015fka bir \u015fey kabul etmiyorum\u201d \u00fcslubunu kabul etmenin m\u00fcmk\u00fcn olmad\u0131\u011f\u0131n\u0131 ifade eden Ar\u0131n\u00e7, bir kurumu t\u00fcmden yok sayman\u0131n, baz\u0131 \u00e7al\u0131\u015fanlar\u0131n yanl\u0131\u015f davran\u0131\u015flar\u0131 sebebiyle o kurumu tamamen g\u00f6zden d\u00fc\u015f\u00fcrmenin, o kurumlara haks\u0131zl\u0131k olaca\u011f\u0131n\u0131 kaydetti.<\/p>\n<p style=\"text-align: justify;\">Hayat\u0131n ola\u011fan ak\u0131\u015f\u0131 i\u00e7erisinde her kurumda, her meslek erbab\u0131 i\u00e7erisinde yanl\u0131\u015f yapanlar\u0131n olabilece\u011fini, bu yanl\u0131\u015flar\u0131n o kurumun itibar\u0131n\u0131 zedelemeyecek, zarar getirmeyecek \u00f6l\u00e7\u00fcde kabul edilebilece\u011fini ifade eden Ar\u0131n\u00e7, \u201cDolay\u0131s\u0131yla &#8216;RT\u00dcK denilince yolsuzluk akla geliyor&#8217; diye bir genelleme yap\u0131l\u0131rsa, bundan RT\u00dcK zarar g\u00f6r\u00fcr ve bu bir haks\u0131zl\u0131k olur. Evet, bu kurumda belli zamanlarda g\u00f6rev yapm\u0131\u015f insanlar\u0131n yanl\u0131\u015f davran\u0131\u015flar\u0131 mutlaka olmu\u015ftur ancak o ki\u015filerle ilgili ki\u015fisel de\u011ferlendirme yapman\u0131n, bunlar\u0131 ele\u015ftirmenin hatta itham\u0131n kar\u015f\u0131l\u0131\u011f\u0131 olabilir ama kurumlar bundan zarar g\u00f6rmemelidir\u201d dedi.<\/p>\n<p style=\"text-align: justify;\"><strong>Bas\u0131n \u00f6zg\u00fcrl\u00fc\u011f\u00fc\u00a0<\/strong><\/p>\n<p style=\"text-align: justify;\">Son ya\u015fanan olaylar sebebiyle Bas\u0131n Kanunu&#8217;nun da ele\u015ftirildi\u011fini an\u0131msatan Ar\u0131n\u00e7, \u201cBurada bir haks\u0131zl\u0131k var. \u00c7\u00fcnk\u00fc bu bir ileti\u015fim \u015furas\u0131nda payda\u015flar\u0131n da i\u015ftirakiyle yap\u0131lm\u0131\u015f bir \u00e7al\u0131\u015fmayd\u0131. Genellikle yaz\u0131l\u0131 medyay\u0131 ilgilendiren konular bu kanunda yer ald\u0131. \u015eimdi ki \u00e7al\u0131\u015fmam\u0131zla da bunun i\u00e7erisine internet medyas\u0131n\u0131, daha \u00e7ok haber portallar\u0131n\u0131 koyacak bir d\u00fczenleme yapaca\u011f\u0131z\u201d diye konu\u015ftu. Ar\u0131n\u00e7, \u201cBas\u0131nla ilgili \u00e7al\u0131\u015fanlar\u0131m\u0131z, \u00f6zellikle TMK kapsam\u0131nda, TCK&#8217;n\u0131n ilgili maddeleri kapsam\u0131nda cezaevinde bulunmaktad\u0131r. Dolay\u0131s\u0131yla Bas\u0131n Kanunu&#8217;nu bundan dolay\u0131 su\u00e7lu g\u00f6rmek ve onu a\u015fa\u011f\u0131layacak bir ifademiz, do\u011fru olmaz\u201d dedi.<\/p>\n<p style=\"text-align: justify;\">Bas\u0131n \u00f6zg\u00fcrl\u00fc\u011f\u00fcn\u00fcn Avrupa \u0130nsan Haklar\u0131 S\u00f6zle\u015fmesi&#8217;nin 10. maddesinde de yer ald\u0131\u011f\u0131n\u0131 an\u0131msatan Ba\u015fbakan Yard\u0131mc\u0131s\u0131 Ar\u0131n\u00e7, bu \u00f6zg\u00fcrl\u00fc\u011f\u00fcn de s\u0131n\u0131rs\u0131z olmad\u0131\u011f\u0131n\u0131n, s\u0131n\u0131rlanabilece\u011finin ve yapt\u0131r\u0131mlara ba\u011flanabilece\u011finin \u00f6ng\u00f6r\u00fcld\u00fc\u011f\u00fcn\u00fc ifade etti. \u201cBas\u0131n \u00f6zg\u00fcrl\u00fc\u011f\u00fc mutlakt\u0131r, her isteyen istedi\u011fini yapabilir\u201d \u015feklindeki bir anlay\u0131\u015fa kimsenin sahip olmayaca\u011f\u0131n\u0131 belirten Ar\u0131n\u00e7, Bas\u0131n Kanunu&#8217;nda gazetecilik mesle\u011fine geni\u015f g\u00fcvenceler getirildi\u011fini s\u00f6yledi.<\/p>\n<p style=\"text-align: justify;\">Bas\u0131n Kanunu&#8217;nda \u015fahsi h\u00fcrriyeti ba\u011flay\u0131c\u0131 cezalara iki istisna d\u0131\u015f\u0131nda yer verilmedi\u011fini hat\u0131rlatan Ar\u0131n\u00e7, \u201cBirincisi; d\u00fczeltme ve cevab\u0131n yay\u0131nlanmas\u0131na ili\u015fkin hakim karar\u0131na uyulmamas\u0131 durumunda para cezas\u0131 h\u00fcrriyeti ba\u011flay\u0131c\u0131 cezaya \u00e7evrilebilmektedir. Bu, tamamen ki\u015filik haklar\u0131yla ilgilidir. \u0130kincisi; kanuna uygun olarak bas\u0131lm\u0131\u015f eserleri, bunlar\u0131n yay\u0131m\u0131n\u0131, da\u011f\u0131t\u0131m\u0131n\u0131 veya sat\u0131\u015f\u0131n\u0131 \u00f6nlemek amac\u0131yla tahrip eden veya bozan ki\u015filere verilen para cezalar\u0131 h\u00fcrriyeti ba\u011flay\u0131c\u0131 cezaya \u00e7evrilebilmektedir\u201d diye konu\u015ftu.<\/p>\n<p style=\"text-align: justify;\"><strong>Vicdanen konu\u015fuyorum\u00a0<\/strong><\/p>\n<p style=\"text-align: justify;\">Ar\u0131n\u00e7, s\u00f6zlerini \u015f\u00f6yle s\u00fcrd\u00fcrd\u00fc: \u201cBDP&#8217;li arkada\u015f\u0131m\u0131z\u0131n verdi\u011fi isimler belli. CHP&#8217;li arkada\u015flar\u0131m bir isim s\u00f6yledi. Ben di\u011ferlerini de biliyorum; Bunlar Ahmet \u015e\u0131k, Nedim \u015eener, Mustafa Balbay veya Tuncay \u00d6zkan&#8217;d\u0131r. Peki iki grup aras\u0131ndaki bu ayr\u0131m neden yap\u0131l\u0131yor? Oysa 60 ki\u015fiden fazla gazetecinin i\u00e7eride oldu\u011fu ve binlerce gazetecinin hakk\u0131nda da takibat yap\u0131ld\u0131\u011f\u0131 s\u00f6yleniyor. Vicdanen konu\u015fuyorum. &#8216;Ni\u00e7in \u00fcz\u00fcld\u00fc\u011f\u00fcn\u00fcz\u00fc ifade etmediniz&#8217; dediler. Bu konuyla ilgili \u00e7ok konu\u015ftum ve en sonunda TMK&#8217;n\u0131n de\u011fi\u015ftirilip de\u011fi\u015ftirilmemesi konusunda a\u00e7\u0131k\u00e7a teklifte bulunulmas\u0131n\u0131 ve gerek\u00e7elerinin taraf\u0131m\u0131za bildirilmesini istedim ama burada bir ger\u00e7ek var; \u0130\u00e7eride bas\u0131n kart\u0131 sahibi veya bas\u0131n kart\u0131 sahibi olmayan, mesle\u011finin kar\u015f\u0131s\u0131nda &#8216;gazeteci&#8217; yazan bir k\u0131s\u0131m insanlar bulunmaktad\u0131r. Bunlar\u0131n bir k\u0131sm\u0131 adi su\u00e7lardan h\u00fck\u00fcml\u00fc veya tutukludur. \u0130kincisi ve \u00e7ok b\u00fcy\u00fck grup TMK kapsam\u0131nda mahkum edilen veya tutuklanan ki\u015filerdir. \u00dc\u00e7\u00fcnc\u00fc grupta TCK&#8217;daki baz\u0131 maddeler nedeniyle haklar\u0131nda tutuklama karar\u0131 olan veya \u015fu anda soru\u015fturma evresinde bulunan tart\u0131\u015fmalard\u0131r. O zaman meseleye \u00fc\u00e7 boyutlu bakmam\u0131z laz\u0131m. Biri adi bir su\u00e7 i\u015flerse, s\u0131fat\u0131 gazeteciyse, bas\u0131n kart\u0131 sahibiyse, bunun imtiyaz\u0131 m\u0131 var? Bunu hi\u00e7 birimiz d\u00fc\u015f\u00fcnm\u00fcyoruz herhalde. \u0130kinci grup TMK&#8217;n\u0131n 6, 7 ve di\u011fer maddelerinden h\u00fck\u00fcml\u00fc ve tutuklu bulunanlard\u0131r. \u00dc\u00e7\u00fcnc\u00fcs\u00fc de adil yarg\u0131lamay\u0131 etkilemeye te\u015febb\u00fcs ve soru\u015fturman\u0131n gizlili\u011fini ihlal ve bir iki madde dahilinde TCK&#8217;da yap\u0131lan d\u00fczenlemelerden ma\u011fdur olan arkada\u015flar\u0131m\u0131z var. \u00d6zellikle son 3-4 senedir yani Silivri&#8217;deki davalar\u0131n devam\u0131 s\u00fcresince veya bir tak\u0131m telefon dinleme kay\u0131tlar\u0131n\u0131n yay\u0131nlanmas\u0131ndan sonra veya bir \u015fekilde kamuoyunda bu konular\u0131n tart\u0131\u015fmaya a\u00e7\u0131lmas\u0131yla &#8216;soru\u015fturman\u0131n gizlili\u011fini ihlal ettin&#8217; diye dava a\u00e7\u0131lm\u0131\u015ft\u0131r, bir k\u0131sm\u0131 karara ba\u011flanm\u0131\u015ft\u0131r.\u201d<\/p>\n<p style=\"text-align: justify;\">Sayd\u0131\u011f\u0131 su\u00e7lardan cezaevlerinde 63 ki\u015finin bulundu\u011funu s\u00f6yleyen Ar\u0131n\u00e7, 63 ki\u015fiden sadece d\u00f6rd\u00fcn\u00fcn bas\u0131n yoluyla i\u015flenen su\u00e7lar aras\u0131nda say\u0131labilecek \u201cter\u00f6r \u00f6rg\u00fct\u00fcn\u00fcn propagandas\u0131n\u0131 yapmaktan\u201d dolay\u0131 cezaevinde oldu\u011funu s\u00f6yledi.<\/p>\n<p style=\"text-align: justify;\"><strong>\u201cBenden beklenmeyecek laflar da ediyorum\u201d\u00a0<\/strong><\/p>\n<p style=\"text-align: justify;\">Soru\u015fturma evresinde tutuklamalar\u0131n olabilece\u011fini, talep \u00fczerine tahliye kararlar\u0131n\u0131n verilebilece\u011fini kaydeden Ar\u0131n\u00e7, \u201cBu konudaki tart\u0131\u015fmalar\u0131n bir k\u0131s\u0131m\u0131nda hakl\u0131l\u0131k pay\u0131 var. Buna ben de zaman zaman kat\u0131l\u0131yorum. Hatta s\u0131fat\u0131m\u0131n da \u00f6tesinde bir h\u00fck\u00fcmet \u00fcyesi olman\u0131n bana y\u00fckledi\u011fi sorumlulu\u011fu da bazen a\u015farak benden beklenmeyecek laflar da ediyorum ama bunu vicdanen s\u00f6yl\u00fcyorum\u201d dedi.<\/p>\n<p style=\"text-align: justify;\">Bir insan\u0131n bir g\u00fcnden fazla \u015fahsi h\u00fcrriyetini tahdit edecek bir tedbir karar\u0131 alman\u0131n \u201cfevkalade a\u011f\u0131r bir karar\u201d oldu\u011funu belirten B\u00fclent Ar\u0131n\u00e7, s\u00f6zlerini \u015f\u00f6yle s\u00fcrd\u00fcrd\u00fc: \u201cAma kanun, yaz\u0131l\u0131 hukuk buna cevaz veriyor. Hayat\u0131n ak\u0131\u015f\u0131 i\u00e7erisinde de tutuklama karalar\u0131n\u0131n verilmesinde bazen zaruret do\u011fuyor. O zaman hakimin, elindeki delilleri, ki\u015finin durumunu, dava i\u00e7erisinde konumunu s\u0131k s\u0131k dikkate alarak tutukluluk halinin istisnai hale gelmesi i\u00e7in \u00f6zen g\u00f6stermesi laz\u0131m. Adalet \u00f6\u00e7 alma mekanizmas\u0131 de\u011fildir. \u00c7ok g\u00fczel ilahi \u00f6l\u00e7\u00fc var; Bunu kendime rehber ald\u0131m; Ho\u015flanmad\u0131\u011f\u0131n\u0131z bir kavim i\u00e7in adaletsizlik yapmay\u0131n\u0131z. Yani bir insandan, kavimden ho\u015flanmayabilirsiniz ama o sizi adaletten ay\u0131rmas\u0131n.<\/p>\n<p style=\"text-align: justify;\">Dolay\u0131s\u0131yla son a\u00e7\u0131klamalar\u0131m da bu kapsamdad\u0131r. Bir arkada\u015f\u0131m\u0131n dile getirdi\u011fi konu \u00fczerinde 3 ay i\u00e7erisinde tahliye kararlar\u0131n\u0131n verilmi\u015f olmas\u0131, bence olumludur ama o bu \u015fah\u0131slarla ilgili de\u011fil mahkemenin verdi\u011fi kararla ilgilidir. Mahkeme karar\u0131nda &#8216;tutukluluk s\u00fcreleri yeterlidir, bu cezaya d\u00f6n\u00fc\u015fmesin, art\u0131k bunu sebepleri ortadan kalkm\u0131\u015ft\u0131r&#8217; diyor. Ben de a\u00e7\u0131k\u00e7a &#8216;bu karar ba\u015fka mahkemelere \u00f6rnek olmal\u0131d\u0131r. Onlar da kendi ellerindeki dava dosyas\u0131na ve ki\u015filerin durumuna bakarak art\u0131k tahliye karalar\u0131 vermeli&#8217; dedim ve sonunda da ilave ettim; &#8216;belki benim bu s\u00f6zlerimden dolay\u0131 hakk\u0131mda bir fezleke tanzim edilir, dokunulmazl\u0131\u011f\u0131m\u0131n kald\u0131r\u0131lmas\u0131 da istenebilir.&#8217; \u00c7\u00fcnk\u00fc ben ba\u015fkalar\u0131n\u0131n s\u00f6yledi\u011fi bir s\u00f6z\u00fc milletvekili s\u0131fat\u0131yla s\u00f6yl\u00fcyorum ama ben yarg\u0131y\u0131 itham ederek s\u00f6ylemiyorum bunu. Yaz\u0131l\u0131 hukukun yan\u0131na vicdan\u0131m\u0131z\u0131 da koyarak s\u00f6yl\u00fcyorum. E\u011fer hakk\u0131mda bir fezleke gelirse ve yarg\u0131lanmam da m\u00fcmk\u00fcn olursa daha fazlas\u0131n\u0131 s\u00f6ylerim. \u00c7\u00fcnk\u00fc \u015fimdi baz\u0131 \u015feylere dikkat etmek mecburiyetindeyim ama kendimi savunmak durumunda kal\u0131rsam, bu uygulamalar\u0131n sonunda nas\u0131l netice verece\u011fini, yarg\u0131n\u0131n da bundan nas\u0131l olumsuz etkilenece\u011fini bilecekleri \u015fekilde de s\u00f6ylerim. \u015eu ana kadar bu s\u00f6zlerimizin de \u00e7ok dikkate al\u0131nmad\u0131\u011f\u0131n\u0131 biliyorum. O zaman bu bas\u0131n mensuplar\u0131na bakarak &#8216;T\u00fcrkiye&#8217;de bas\u0131n \u00f6zg\u00fcrl\u00fc\u011f\u00fc yoktur&#8217; demek vicdanen \u00e7ok do\u011fru bir s\u00f6z de\u011fil. \u00c7\u00fcnk\u00fc siz sadece \u00fc\u00e7 isim s\u00f6yl\u00fcyorsunuz. Buradan ayr\u0131lan arkada\u015f\u0131m\u0131z (BDP&#8217;li Nursel Aydo\u011fan) belki 20 isim s\u00f6yleyecek. T\u00fcrkiye&#8217;de bas\u0131n mensuplar\u0131 bunlardan ibaret de\u011fil. Genelleyici bir tav\u0131r i\u00e7erisinde olmamal\u0131y\u0131z ama g\u00f6r\u00fcyoruz ki TMK&#8217;n\u0131n baz\u0131 maddeleri sebebiyle burada \u00e7o\u011funlukla baz\u0131 ki\u015filer tutuklu ve h\u00fck\u00fcml\u00fcd\u00fcr. Baz\u0131lar\u0131 &#8216;art\u0131k TMK&#8217;n\u0131n bu maddeleri kalks\u0131n art\u0131k propaganda su\u00e7 olmaktan \u00e7\u0131ks\u0131n&#8217; diyebilir. Herkes elini vicdan\u0131na koymal\u0131 ve &#8216;ben bu noktada ne demeliyim&#8217; diye d\u00fc\u015f\u00fcnmeli. Topu taca atacak vaktimiz yok.\u201d<\/p>\n<p style=\"text-align: justify;\">Ar\u0131n\u00e7, bir milletvekilinin konu\u015fmas\u0131n\u0131 an\u0131msatarak, bir bulmacay\u0131 iki defa yay\u0131nlad\u0131 gerek\u00e7esiyle hi\u00e7 bir gazetenin kapat\u0131lamayaca\u011f\u0131n\u0131, b\u00f6yle bir h\u00fck\u00fcm hat\u0131rlamad\u0131\u011f\u0131n\u0131 varsa \u00f6yle bir karar bunu g\u00f6rmek istedi\u011fini s\u00f6yledi.<\/p>\n<p style=\"text-align: justify;\"><a href=\"http:\/\/www.radikal.com.tr\/Radikal.aspx?aType=RadikalDetayV3&amp;ArticleID=1068388&amp;Date=03.11.2011&amp;CategoryID=78\" target=\"_blank\">Kaynak : Radikal.com.tr<\/a><\/p>\n","protected":false},"excerpt":{"rendered":"<p style=\"text-align: center;\">\n<p style=\"text-align: justify;\">Ba\u015fbakan Yard\u0131mc\u0131s\u0131 B\u00fclent Ar\u0131n\u00e7, &#8220;Milletvekili se\u00e7ilmi\u015f ve mazbatas\u0131n\u0131 alm\u0131\u015f olmas\u0131na ra\u011fmen, parlamentoya gelerek ant i\u00e7me f\u0131rsat\u0131 bulamayan arkada\u015flar\u0131m\u0131z i\u00e7in \u00fcz\u00fcl\u00fcyorum. \u00c7\u00fcnk\u00fc onlar\u0131n i\u00e7eride tutuklu kalmas\u0131 milli iradeye sayg\u0131s\u0131zl\u0131kt\u0131r&#8221; dedi. Ar\u0131n\u00e7, Ter\u00f6rle M\u00fccadele Yasas\u0131&#8217;nda propagandayi d\u00fczenleyen maddelerin g\u00f6zden ge\u00e7irilmesi gerekti\u011fini s\u00f6yledi.<\/p>\n","protected":false},"author":1,"featured_media":0,"comment_status":"open","ping_status":"open","sticky":false,"template":"","format":"standard","meta":{"footnotes":""},"categories":[105],"tags":[],"class_list":["post-41882","post","type-post","status-publish","format-standard","hentry","category-gundem","odd"],"_links":{"self":[{"href":"http:\/\/www.korhanyilmaz.com\/index.php?rest_route=\/wp\/v2\/posts\/41882","targetHints":{"allow":["GET"]}}],"collection":[{"href":"http:\/\/www.korhanyilmaz.com\/index.php?rest_route=\/wp\/v2\/posts"}],"about":[{"href":"http:\/\/www.korhanyilmaz.com\/index.php?rest_route=\/wp\/v2\/types\/post"}],"author":[{"embeddable":true,"href":"http:\/\/www.korhanyilmaz.com\/index.php?rest_route=\/wp\/v2\/users\/1"}],"replies":[{"embeddable":true,"href":"http:\/\/www.korhanyilmaz.com\/index.php?rest_route=%2Fwp%2Fv2%2Fcomments&post=41882"}],"version-history":[{"count":0,"href":"http:\/\/www.korhanyilmaz.com\/index.php?rest_route=\/wp\/v2\/posts\/41882\/revisions"}],"wp:attachment":[{"href":"http:\/\/www.korhanyilmaz.com\/index.php?rest_route=%2Fwp%2Fv2%2Fmedia&parent=41882"}],"wp:term":[{"taxonomy":"category","embeddable":true,"href":"http:\/\/www.korhanyilmaz.com\/index.php?rest_route=%2Fwp%2Fv2%2Fcategories&post=41882"},{"taxonomy":"post_tag","embeddable":true,"href":"http:\/\/www.korhanyilmaz.com\/index.php?rest_route=%2Fwp%2Fv2%2Ftags&post=41882"}],"curies":[{"name":"wp","href":"https:\/\/api.w.org\/{rel}","templated":true}]}}