{"id":41879,"date":"2011-11-02T20:52:47","date_gmt":"2011-11-02T18:52:47","guid":{"rendered":"http:\/\/www.korhanyilmaz.com\/?p=41879"},"modified":"2011-11-03T06:11:46","modified_gmt":"2011-11-03T04:11:46","slug":"yardimin-adi-var-kendi-yok","status":"publish","type":"post","link":"http:\/\/www.korhanyilmaz.com\/?p=41879","title":{"rendered":"Yard\u0131m\u0131n ad\u0131 var kendi yok!"},"content":{"rendered":"<p style=\"text-align: center;\"><a href=\"http:\/\/www.korhanyilmaz.com\/wp-content\/uploads\/2011\/11\/3079.jpg\"  class=\"lightview\"><img loading=\"lazy\" decoding=\"async\" class=\"aligncenter  wp-image-41880\" src=\"http:\/\/www.korhanyilmaz.com\/wp-content\/uploads\/2011\/11\/3079.jpg\" alt=\"\" width=\"336\" height=\"223\" \/><\/a><\/p>\n<p style=\"text-align: justify;\">Van depremi i\u00e7in televizyonlardan y\u00fcr\u00fct\u00fclen &#8220;Van \u0130\u00e7in Tek Y\u00fcrek&#8221; ve &#8220;Karde\u015flik Zaman\u0131&#8221; kampanyalar\u0131ndan 127 milyon TL ba\u011f\u0131\u015f topland\u0131\u011f\u0131 a\u00e7\u0131klanm\u0131\u015ft\u0131; peki ne kadar\u0131 hesaplara yatt\u0131?<!--more--><\/p>\n<p style=\"text-align: justify;\">Van depremi i\u00e7in biri Samanyolu televizyonu di\u011feri de 15 kanal\u0131n ortak d\u00fczenledi\u011fi olmak \u00fczere iki ayr\u0131 ba\u011f\u0131\u015f kampanyas\u0131 ger\u00e7ekle\u015ftirildi. Bu kampanyalarda toplam 127 milyon TL ba\u011f\u0131\u015f topland\u0131\u011f\u0131n\u0131 a\u00e7\u0131klad\u0131. Kampanyalar\u0131n \u00fczerinden bir hafta ge\u00e7ti ancak vaat edilen ba\u011f\u0131\u015flar\u0131n birinden &#8220;tahminen&#8221; 20 milyon, di\u011ferinden ise nakdi 7,8 milyon TL ba\u011f\u0131\u015f topland\u0131\u011f\u0131 ortaya \u00e7\u0131kt\u0131.<\/p>\n<p style=\"text-align: justify;\">26 Ekim&#8217;de 12 televizyon kanal\u0131 ve \u00fc\u00e7 radyo ile y\u00fcr\u00fctt\u00fc\u011f\u00fc &#8220;Van \u0130\u00e7in Tek Y\u00fcrek&#8221; kampanyas\u0131nda 62 milyon TL ba\u011f\u0131\u015f topland\u0131\u011f\u0131n\u0131 a\u00e7\u0131klanm\u0131\u015ft\u0131. Taahh\u00fct edilen ba\u011f\u0131\u015flar Ba\u015fbakanl\u0131k Afet ve Acil Durum Y\u00f6netimi Ba\u015fkanl\u0131\u011f\u0131&#8217;na (AFAD) y\u00f6nlendirildi. Bianet&#8217;ten Nilay Vardar&#8217;\u0131n haberine g\u00f6re, Ba\u015fbakanl\u0131k Bas\u0131n M\u00fc\u015faviri Mustafa Aydo\u011fdu, bu kampanyadan hesaba 20 milyon yatt\u0131\u011f\u0131n\u0131 tahmin ettiklerini ancak bunu denetlemenin kendi sorumluluklar\u0131nda olmad\u0131\u011f\u0131n\u0131 s\u00f6yledi.<\/p>\n<p style=\"text-align: justify;\">Aydo\u011fdu, &#8220;Kampanya olmadan \u00f6nce hesapta sekiz milyon vard\u0131; sonra Mesud Barzani 1,5 milyon yat\u0131rd\u0131, Vak\u0131f Bank 1,5 milyon yat\u0131rd\u0131, Suudi Arabistan da 80 milyon k\u00fcsur yat\u0131rd\u0131. \u015eu anda hesapta 122,5 milyon var, i\u015fte aradaki yakla\u015f\u0131k 20 milyon muhtemelen kampanyadan gelen paralar. Ama biz hesap numaralar\u0131n\u0131 al\u0131yoruz, kimin g\u00f6nderdi\u011fine bakm\u0131yoruz. Bu paran\u0131n i\u00e7inde d\u0131\u015far\u0131dan ba\u011f\u0131\u015f yapanlar da olabilir. Bu kesin bir rakam de\u011fil, sadece 20 milyon oldu\u011funu tahmin ediyoruz&#8221; dedi. Aydo\u011fdu, kanaldan da kendilerini aray\u0131p, ne kadar topland\u0131\u011f\u0131n\u0131 sorduklar\u0131n\u0131 s\u00f6yledi ve kendilerinin kanal \u00e7al\u0131\u015fanlar\u0131na &#8220;Sizin bunu takip etmeniz gerekiyor&#8221; dedi\u011fini belirtti.<\/p>\n<p style=\"text-align: justify;\"><strong>YAPTIRIMI YOK<\/strong><\/p>\n<p style=\"text-align: justify;\">Samanyolu Yay\u0131n Grubu, Kimse Yok Mu Derne\u011fi ve T\u00fcrkiye \u0130\u015f Adamlar\u0131 ve Sanayiciler Konfederasyonu&#8217;nun (TUSKON) ortakla\u015fa y\u00fcr\u00fctt\u00fckleri ve Samanyolu TV&#8217;de &#8220;Karde\u015flik Zaman\u0131&#8221; ile yay\u0131nlanan programda Van depremi i\u00e7in 65 milyon TL ba\u011f\u0131\u015f topland\u0131\u011f\u0131n\u0131 a\u00e7\u0131klam\u0131\u015ft\u0131. Kimse Yok Mu Derne\u011fi internet sitesinde, bu ba\u011f\u0131\u015flar\u0131n 40 milyon TL&#8217;den fazlas\u0131n\u0131n \u00f6zel bir firman\u0131n ev yap\u0131m\u0131n\u0131 kapsad\u0131\u011f\u0131n\u0131 a\u00e7\u0131klad\u0131. Geriye kalan 25 milyon TL nakdi yard\u0131m\u0131n 7 milyon 800 TL&#8217;si topland\u0131\u011f\u0131 a\u00e7\u0131kland\u0131. Derne\u011fin sitesinde ba\u011f\u0131\u015flar\u0131 yapanlar\u0131n isimleri var ancak yat\u0131rmayanlar\u0131n yok; taah\u00fct ettikleri ba\u011f\u0131\u015flar\u0131 yat\u0131rmazlarsa herhangi bir yapt\u0131r\u0131m uygulanaca\u011f\u0131 belirtilmiyor.<\/p>\n<p style=\"text-align: justify;\">Dernekten konuyla ilgili ayr\u0131nt\u0131l\u0131 bilgi almak i\u00e7in g\u00f6r\u00fc\u015ft\u00fc\u011f\u00fcm\u00fcz ki\u015filer, resmi a\u00e7\u0131klama yapamayacaklar\u0131n\u0131 ancak vaat edip ba\u011f\u0131\u015f yapmayanlar i\u00e7in herhangi bir yapt\u0131r\u0131m uygulamay\u0131 d\u00fc\u015f\u00fcnmediklerini s\u00f6yledi.<\/p>\n<p style=\"text-align: justify;\"><a href=\"http:\/\/www.radikal.com.tr\/Radikal.aspx?aType=RadikalDetayV3&amp;ArticleID=1068343&amp;Date=03.11.2011&amp;CategoryID=77\" target=\"_blank\">Kaynak : Radikal.com.tr<\/a><\/p>\n","protected":false},"excerpt":{"rendered":"<p style=\"text-align: center;\">\n<p style=\"text-align: justify;\">Van depremi i\u00e7in televizyonlardan y\u00fcr\u00fct\u00fclen &#8220;Van \u0130\u00e7in Tek Y\u00fcrek&#8221; ve &#8220;Karde\u015flik Zaman\u0131&#8221; kampanyalar\u0131ndan 127 milyon TL ba\u011f\u0131\u015f topland\u0131\u011f\u0131 a\u00e7\u0131klanm\u0131\u015ft\u0131; peki ne kadar\u0131 hesaplara yatt\u0131?<\/p>\n","protected":false},"author":1,"featured_media":0,"comment_status":"open","ping_status":"open","sticky":false,"template":"","format":"standard","meta":{"footnotes":""},"categories":[105],"tags":[],"class_list":["post-41879","post","type-post","status-publish","format-standard","hentry","category-gundem","odd"],"_links":{"self":[{"href":"http:\/\/www.korhanyilmaz.com\/index.php?rest_route=\/wp\/v2\/posts\/41879","targetHints":{"allow":["GET"]}}],"collection":[{"href":"http:\/\/www.korhanyilmaz.com\/index.php?rest_route=\/wp\/v2\/posts"}],"about":[{"href":"http:\/\/www.korhanyilmaz.com\/index.php?rest_route=\/wp\/v2\/types\/post"}],"author":[{"embeddable":true,"href":"http:\/\/www.korhanyilmaz.com\/index.php?rest_route=\/wp\/v2\/users\/1"}],"replies":[{"embeddable":true,"href":"http:\/\/www.korhanyilmaz.com\/index.php?rest_route=%2Fwp%2Fv2%2Fcomments&post=41879"}],"version-history":[{"count":0,"href":"http:\/\/www.korhanyilmaz.com\/index.php?rest_route=\/wp\/v2\/posts\/41879\/revisions"}],"wp:attachment":[{"href":"http:\/\/www.korhanyilmaz.com\/index.php?rest_route=%2Fwp%2Fv2%2Fmedia&parent=41879"}],"wp:term":[{"taxonomy":"category","embeddable":true,"href":"http:\/\/www.korhanyilmaz.com\/index.php?rest_route=%2Fwp%2Fv2%2Fcategories&post=41879"},{"taxonomy":"post_tag","embeddable":true,"href":"http:\/\/www.korhanyilmaz.com\/index.php?rest_route=%2Fwp%2Fv2%2Ftags&post=41879"}],"curies":[{"name":"wp","href":"https:\/\/api.w.org\/{rel}","templated":true}]}}