{"id":41875,"date":"2011-11-02T19:06:37","date_gmt":"2011-11-02T17:06:37","guid":{"rendered":"http:\/\/www.korhanyilmaz.com\/?p=41875"},"modified":"2011-11-03T05:40:12","modified_gmt":"2011-11-03T03:40:12","slug":"kktc-meclisinde-gorulmemis-eylem","status":"publish","type":"post","link":"http:\/\/www.korhanyilmaz.com\/?p=41875","title":{"rendered":"KKTC meclisinde g\u00f6r\u00fclmemi\u015f eylem!"},"content":{"rendered":"<p style=\"text-align: center;\"><a href=\"http:\/\/www.korhanyilmaz.com\/wp-content\/uploads\/2011\/11\/3078.jpg\"  class=\"lightview\"><img loading=\"lazy\" decoding=\"async\" class=\"aligncenter  wp-image-41876\" src=\"http:\/\/www.korhanyilmaz.com\/wp-content\/uploads\/2011\/11\/3078.jpg\" alt=\"\" width=\"307\" height=\"236\" \/><\/a><\/p>\n<p style=\"text-align: justify;\">KKTC Meclisi Genel Kurulu&#8217;nda TDP Genel Ba\u015fkan\u0131 \u00c7ak\u0131c\u0131, 13 saat k\u00fcrs\u00fcde kal\u0131p konu\u015farak bir rekor k\u0131rd\u0131. Genel kurulda gerginlik de ya\u015fand\u0131.<\/p>\n<p style=\"text-align: justify;\">(DHA) &#8212; KKTC Cumhuriyet Meclisi Genel Kurulu&#8217;nun, sendikalar\u0131n tepki g\u00f6stererek grev ve miting yapmas\u0131na neden olan yasa tasar\u0131lar\u0131n\u0131 g\u00f6r\u00fc\u015fmek \u00fczere d\u00fcn saat 10:50&#8217;de ba\u015flayan ola\u011fan\u00fcst\u00fc toplant\u0131da TDP Genel Ba\u015fkan\u0131 \u00c7ak\u0131c\u0131, 13 saat k\u00fcrs\u00fcde kalarak konu\u015ftu.\u00a0<!--more--><\/p>\n<p style=\"text-align: justify;\">&#8220;Sosyal G\u00fcvenlik De\u011fi\u015fiklik Yasa Tasar\u0131s\u0131; K\u0131br\u0131s T\u00fcrk Sosyal Sigortalar De\u011fi\u015fiklik Yasa Tasar\u0131s\u0131; \u0130htiyat Sand\u0131\u011f\u0131 De\u011fi\u015fiklik Yasa Tasar\u0131s\u0131; Yabanc\u0131lar ve Muhaceret De\u011fi\u015fiklik Yasa Tasar\u0131s\u0131 ile Turizm Geli\u015fim Yasa Tasar\u0131s\u0131&#8221; g\u00fcndemiyle d\u00fcn toplanan KKTC Meclisi maraton bir toplant\u0131ya daha sahne oluyor.<\/p>\n<p style=\"text-align: justify;\">Toplumcu Demokrasi Partisi (TDP) Genel Ba\u015fkan\u0131 Mehmet \u00c7ak\u0131c\u0131, 13 saat k\u00fcrs\u00fcde kal\u0131p konu\u015farak, ender rastlanan bir performans g\u00f6sterdi.<\/p>\n<p style=\"text-align: justify;\"><strong>Yumruklar konu\u015ftu\u00a0<\/strong><\/p>\n<p style=\"text-align: justify;\">TDP Genel Ba\u015fkan\u0131 \u00c7ak\u0131c\u0131 konu\u015furken, katip koltu\u011funda oturan Ulusal Birlik Partisi (UBP) \u0130skele Milletvekili Ahmet Zengin&#8217;in TDP Gazima\u011fusa Milletvekili Mustafa Emiro\u011flular\u0131&#8217;na bardak savurmas\u0131yla yumrukla\u015fmalara varan kavga \u00e7\u0131kt\u0131.<\/p>\n<p style=\"text-align: justify;\">Saat 01.05&#8217;te katip koltu\u011funda oturan Ahmet Zengin &#8220;Gevezelik yap\u0131yorsun&#8221; dedi\u011fi i\u00e7in \u00c7ak\u0131c\u0131&#8217;yla aras\u0131nda tart\u0131\u015fma \u00e7\u0131kt\u0131.<\/p>\n<p style=\"text-align: justify;\">Baz\u0131 milletvekilleri, &#8220;katiplik yapan birinin b\u00f6yle konu\u015fma hakk\u0131 olmad\u0131\u011f\u0131&#8221; uyar\u0131s\u0131 yaparken, TDP Gazima\u011fusa Milletvekili Mustafa Emiro\u011flular\u0131 da olaya m\u00fcdahil oldu.<\/p>\n<p style=\"text-align: justify;\">Bu s\u0131rada Zengin \u00f6n\u00fcndeki su barda\u011f\u0131n\u0131 savurdu. Kavga b\u00fcy\u00fcd\u00fc ve yumrukla\u015fmaya varan arbede ya\u015fand\u0131. Oturumu y\u00f6neten Ertu\u011frul Hasipo\u011flu oturuma 10 dakika ara verdi.<\/p>\n<p style=\"text-align: justify;\">\u00c7ak\u0131c\u0131, partisinin haz\u0131rlad\u0131\u011f\u0131 &#8220;Umut Projesi&#8221;ni anlatt\u0131\u011f\u0131 konu\u015fmas\u0131nda g\u00f6r\u00fc\u015flerini defalarca tekrarlayarak saatler boyunca konu\u015ftu.<\/p>\n<p style=\"text-align: justify;\">\u00c7ak\u0131c\u0131, h\u00fck\u00fcmetin dayatma bir paket uygulad\u0131\u011f\u0131n\u0131, halk\u0131n tepkilerini yok sayarak yasalar\u0131n ge\u00e7irilmesine alet olmayacaklar\u0131n\u0131 s\u00f6yledi.<\/p>\n<p style=\"text-align: justify;\">Daha sonra toplant\u0131 Meclis Ba\u015fkan Vekili Mustafa Yektao\u011flu ba\u015fkanl\u0131\u011f\u0131nda yeniden topland\u0131.<\/p>\n<p style=\"text-align: justify;\">\u00c7ak\u0131c\u0131, 10 dakikal\u0131k aran\u0131n ard\u0131ndan oturumun tekrar a\u00e7\u0131lmas\u0131yla birka\u00e7 saat daha konu\u015ftu. \u00c7ak\u0131c\u0131&#8217;n\u0131n ard\u0131ndan, TDP Milletvekili Emiro\u011flular\u0131, konu\u015fmaya ba\u015flad\u0131.<\/p>\n<p style=\"text-align: justify;\">KKTC Meclisi, Pazartesi g\u00fcnk\u00fc ola\u011fan toplant\u0131s\u0131n\u0131, Meclis \u00e7al\u0131\u015fanlar\u0131n\u0131n ba\u011fl\u0131 oldu\u011fu Mec-Sen&#8217;in, sendikalar\u0131n bir g\u00fcnl\u00fck genel grev ve mitingine destek vererek greve gitmesi nedeniyle yapamam\u0131\u015f, Sal\u0131 g\u00fcn\u00fc ola\u011fan\u00fcst\u00fc toplanma karar alm\u0131\u015ft\u0131.<\/p>\n<p style=\"text-align: justify;\">TDP Genel Ba\u015fkan\u0131 \u00c7ak\u0131c\u0131, sendikalar\u0131n Pazartesi g\u00fcn\u00fc, meclis yak\u0131n\u0131nda yapt\u0131\u011f\u0131 mitinge de kat\u0131larak destek vermi\u015fti.<\/p>\n<p style=\"text-align: justify;\">Sosyal G\u00fcvenlik; Sosyal Sigortalar ve \u0130htiyat Sand\u0131\u011f\u0131 yasa tasar\u0131lar\u0131, halen 50 olan emeklilik ya\u015f\u0131n\u0131 kademeli olarak 60&#8217;a \u00e7\u0131kar\u0131yor ve prim yat\u0131r\u0131mlar\u0131nda de\u011fi\u015fiklik yap\u0131lmas\u0131n\u0131 \u00f6ng\u00f6r\u00fcyor.<\/p>\n<p style=\"text-align: justify;\"><a href=\"http:\/\/www.cnnturk.com\/2011\/dunya\/11\/02\/kktc.meclisinde.gorulmemis.eylem\/635434.0\/index.html\" target=\"_blank\">Kaynak : CNN T\u00dcRK<\/a><\/p>\n","protected":false},"excerpt":{"rendered":"<p style=\"text-align: center;\">\n<p style=\"text-align: justify;\">KKTC Meclisi Genel Kurulu&#8217;nda TDP Genel Ba\u015fkan\u0131 \u00c7ak\u0131c\u0131, 13 saat k\u00fcrs\u00fcde kal\u0131p konu\u015farak bir rekor k\u0131rd\u0131. Genel kurulda gerginlik de ya\u015fand\u0131.<\/p>\n<p style=\"text-align: justify;\">(DHA) &#8212; KKTC Cumhuriyet Meclisi Genel Kurulu&#8217;nun, sendikalar\u0131n tepki g\u00f6stererek grev ve miting yapmas\u0131na neden olan yasa tasar\u0131lar\u0131n\u0131 g\u00f6r\u00fc\u015fmek \u00fczere d\u00fcn saat 10:50&#8217;de ba\u015flayan ola\u011fan\u00fcst\u00fc toplant\u0131da TDP <\/p>\n","protected":false},"author":1,"featured_media":0,"comment_status":"open","ping_status":"open","sticky":false,"template":"","format":"standard","meta":{"footnotes":""},"categories":[105],"tags":[],"class_list":["post-41875","post","type-post","status-publish","format-standard","hentry","category-gundem","odd"],"_links":{"self":[{"href":"http:\/\/www.korhanyilmaz.com\/index.php?rest_route=\/wp\/v2\/posts\/41875","targetHints":{"allow":["GET"]}}],"collection":[{"href":"http:\/\/www.korhanyilmaz.com\/index.php?rest_route=\/wp\/v2\/posts"}],"about":[{"href":"http:\/\/www.korhanyilmaz.com\/index.php?rest_route=\/wp\/v2\/types\/post"}],"author":[{"embeddable":true,"href":"http:\/\/www.korhanyilmaz.com\/index.php?rest_route=\/wp\/v2\/users\/1"}],"replies":[{"embeddable":true,"href":"http:\/\/www.korhanyilmaz.com\/index.php?rest_route=%2Fwp%2Fv2%2Fcomments&post=41875"}],"version-history":[{"count":0,"href":"http:\/\/www.korhanyilmaz.com\/index.php?rest_route=\/wp\/v2\/posts\/41875\/revisions"}],"wp:attachment":[{"href":"http:\/\/www.korhanyilmaz.com\/index.php?rest_route=%2Fwp%2Fv2%2Fmedia&parent=41875"}],"wp:term":[{"taxonomy":"category","embeddable":true,"href":"http:\/\/www.korhanyilmaz.com\/index.php?rest_route=%2Fwp%2Fv2%2Fcategories&post=41875"},{"taxonomy":"post_tag","embeddable":true,"href":"http:\/\/www.korhanyilmaz.com\/index.php?rest_route=%2Fwp%2Fv2%2Ftags&post=41875"}],"curies":[{"name":"wp","href":"https:\/\/api.w.org\/{rel}","templated":true}]}}