{"id":41871,"date":"2011-11-02T15:45:45","date_gmt":"2011-11-02T13:45:45","guid":{"rendered":"http:\/\/www.korhanyilmaz.com\/?p=41871"},"modified":"2011-11-03T05:29:23","modified_gmt":"2011-11-03T03:29:23","slug":"chpde-kck-kavgasi","status":"publish","type":"post","link":"http:\/\/www.korhanyilmaz.com\/?p=41871","title":{"rendered":"CHP&#8217;de KCK kavgas\u0131"},"content":{"rendered":"<p style=\"text-align: center;\"><a href=\"http:\/\/www.korhanyilmaz.com\/wp-content\/uploads\/2011\/11\/3077.jpg\"  class=\"lightview\"><img loading=\"lazy\" decoding=\"async\" class=\"aligncenter  wp-image-41872\" src=\"http:\/\/www.korhanyilmaz.com\/wp-content\/uploads\/2011\/11\/3077.jpg\" alt=\"\" width=\"307\" height=\"236\" \/><\/a><\/p>\n<p style=\"text-align: justify;\">CHP grubunun d\u00fcnk\u00fc toplant\u0131s\u0131nda KCK tart\u0131\u015fmas\u0131 ya\u015fand\u0131\u011f\u0131 iddia edildi. \u0130diaya g\u00f6re bas\u0131na kapal\u0131 b\u00f6l\u00fcmde \u0130stanbul milletvekili Binnaz Toprak, B\u00fc\u015fra Ersanl\u0131 ve Rag\u0131p Zarakolu&#8217;nun tutuklanmalar\u0131 ile ilgili bildiri yay\u0131mlanmas\u0131n\u0131 istedi. Konu Toprak&#8217;a soruldu;&#8221;bunu bas\u0131na s\u0131zd\u0131ran arkada\u015flar\u0131m\u0131 k\u0131n\u0131yorum&#8221; dedi.\u00a0<!--more--><\/p>\n<p style=\"text-align: justify;\">CHP&#8217;li milletvekillerinin bir s\u00fcredir TBMM grup toplant\u0131s\u0131 \u00f6ncesinde yapt\u0131\u011f\u0131 &#8216;kapal\u0131 g\u00f6r\u00fc\u015fmeler&#8217; ilgin\u00e7 tart\u0131\u015fmalara sahne oluyor. Al\u0131nan bilgilere g\u00f6re, d\u00fcnk\u00fc toplant\u0131da &#8216;KCK tart\u0131\u015fmas\u0131&#8217; ya\u015fand\u0131. Partinin \u00f6nemli isimlerinden Parti Meclisi (PM) \u00fcyesi Binnaz Toprak, yapt\u0131\u011f\u0131 konu\u015fmada son KCK operasyonlar\u0131n\u0131 ele\u015ftirdi.<\/p>\n<p style=\"text-align: justify;\"><strong>Ersanl\u0131 ve Zarakol&#8217;a destek bildirisi\u00a0<\/strong><\/p>\n<p style=\"text-align: justify;\">Operasyon kapsam\u0131nda BDP PM \u00fcyesi Prof. B\u00fc\u015fra Ersanl\u0131 ile yazar Rag\u0131p Zarakolu&#8217;nun da tutukland\u0131\u011f\u0131n\u0131 anlatan Toprak, bu olaya parti olarak tepki g\u00f6stermeleri gerekti\u011fini belirtti. Bu y\u00f6nde bir metin haz\u0131rlad\u0131\u011f\u0131n\u0131 da belirten Binnaz Toprak, bu metnin \u00f6nce de\u011ferlendirilmesi, ard\u0131ndan partili milletvekillerinin imzas\u0131na a\u00e7\u0131lmas\u0131 daha sonra da bir bildiri olarak yay\u0131nlanmas\u0131n\u0131 istedi.<\/p>\n<p style=\"text-align: justify;\"><strong>Baz\u0131 arkada\u015flar parti \u00e7izgisiyle BDP \u00e7izgisini kar\u0131\u015ft\u0131r\u0131yor\u00a0<\/strong><\/p>\n<p style=\"text-align: justify;\">Toprak&#8217;\u0131n \u00f6nerisine baz\u0131 milletvekilleri destek verirken, grup \u00fcyelerinin b\u00fcy\u00fck \u00e7o\u011funlu\u011fu kar\u015f\u0131 \u00e7\u0131kt\u0131. CHP Antalya Milletvekili G\u00fcrkut Acar, Genel Ba\u015fkan Yard\u0131mc\u0131s\u0131 Sezgin Tanr\u0131kulu&#8217;nun da son PM toplant\u0131s\u0131nda BDP&#8217;nin \u00f6nerilerine benzer baz\u0131 talepleri &#8216;CHP \u00f6nerileri&#8217; gibi g\u00fcndeme getirdi\u011fini savunarak, &#8220;Baz\u0131 arkada\u015flar parti \u00e7izgisi ile BDP \u00e7izgisini birbirine kar\u0131\u015ft\u0131r\u0131yor.&#8221; diye konu\u015ftu. Baz\u0131 \u00fcyeler de Toprak&#8217;a &#8220;Buras\u0131 dernek de\u011fil, partidir.&#8221; diyerek tepki g\u00f6sterdi. Toprak&#8217;\u0131n &#8220;En az\u0131ndan ba\u015fkan lehte ve aleyhte s\u00f6z versin, bunu de\u011ferlendirelim, oylayal\u0131m.&#8221; \u00f6nerisi de dikkate al\u0131nmad\u0131.<\/p>\n<p style=\"text-align: justify;\"><strong>Toprak: Bunu bas\u0131na s\u0131zd\u0131ranlar\u0131 k\u0131n\u0131yorum\u00a0<\/strong><\/p>\n<p style=\"text-align: justify;\">CHP \u0130stanbul Milletvekili Binnaz Toprak, partisinin d\u00fcn bas\u0131na kapal\u0131 yap\u0131lan grup toplant\u0131s\u0131nda konu\u015fulanlar\u0131 bas\u0131na s\u0131zd\u0131ranlar\u0131 k\u0131nad\u0131\u011f\u0131n\u0131 s\u00f6yledi.<\/p>\n<p style=\"text-align: justify;\">Toprak, Mecliste gazetecilerin, &#8220;KCK soru\u015fturmas\u0131 kapsam\u0131nda tutuklanan Rag\u0131p Zarakolu ve Prof.Dr. B\u00fc\u015fra Ersanl\u0131 konusunda bir bildiri yay\u0131nlanmas\u0131 talebiniz olmu\u015f. Ancak buna itirazlar olmu\u015f. Bunu nas\u0131l De\u011ferlendiriyorsunuz?&#8221; \u015feklindeki sorusunu yan\u0131tlad\u0131.<\/p>\n<p style=\"text-align: justify;\">Bas\u0131na kap\u0131l\u0131 bir toplant\u0131 yap\u0131ld\u0131\u011f\u0131n\u0131, bu konuda bir \u015fey s\u00f6ylemek istemedi\u011fini ifade eden Toprak, \u015f\u00f6yle konu\u015ftu:<\/p>\n<p style=\"text-align: justify;\">&#8220;Bunu bas\u0131na s\u0131zd\u0131ran arkada\u015flar\u0131m\u0131 ya da arkada\u015f\u0131m\u0131 k\u0131n\u0131yorum. Bunu kim, ka\u00e7 ki\u015fi yap\u0131yor bilmiyorum ama her defas\u0131nda ayn\u0131 \u015feyi tekrarl\u0131yor. Kapal\u0131 ortamda s\u00f6yledi\u011finiz, tart\u0131\u015ft\u0131\u011f\u0131n\u0131z bir mesele an\u0131nda bas\u0131na yans\u0131t\u0131l\u0131yor. Ben de bu t\u00fcr bir \u015feye alet olmak istemiyorum. Konuya me\u015fruiyet kazand\u0131rmak istemiyorum. \u00c7\u00fcnk\u00fc, yap\u0131lan\u0131, etik ve me\u015fru bir davran\u0131\u015f olarak g\u00f6rm\u00fcyorum. K\u0131n\u0131yorum bunu yapan arkada\u015flar\u0131. Bunun yap\u0131lmamas\u0131 gerekir. Pek \u00e7ok \u015fey tart\u0131\u015f\u0131l\u0131r o ortamlarda. A\u00e7\u0131klanacak \u015feyler a\u00e7\u0131klan\u0131r ama a\u00e7\u0131klanmam\u0131\u015fsa, gidip bunu arkadan birazc\u0131k da hangi mevkide oldu\u011fu belli olmayan bir \u015fekilde bas\u0131na yans\u0131tmak fevkalade yanl\u0131\u015f.&#8221;<\/p>\n<p style=\"text-align: justify;\"><a href=\"http:\/\/www.cnnturk.com\/2011\/guncel\/11\/02\/chpde.kck.kavgasi\/635405.0\/index.html\" target=\"_blank\">Kaynak : CNN T\u00dcRK<\/a><\/p>\n","protected":false},"excerpt":{"rendered":"<p style=\"text-align: center;\">\n<p style=\"text-align: justify;\">CHP grubunun d\u00fcnk\u00fc toplant\u0131s\u0131nda KCK tart\u0131\u015fmas\u0131 ya\u015fand\u0131\u011f\u0131 iddia edildi. \u0130diaya g\u00f6re bas\u0131na kapal\u0131 b\u00f6l\u00fcmde \u0130stanbul milletvekili Binnaz Toprak, B\u00fc\u015fra Ersanl\u0131 ve Rag\u0131p Zarakolu&#8217;nun tutuklanmalar\u0131 ile ilgili bildiri yay\u0131mlanmas\u0131n\u0131 istedi. Konu Toprak&#8217;a soruldu;&#8221;bunu bas\u0131na s\u0131zd\u0131ran arkada\u015flar\u0131m\u0131 k\u0131n\u0131yorum&#8221; dedi. <\/p>\n","protected":false},"author":1,"featured_media":0,"comment_status":"open","ping_status":"open","sticky":false,"template":"","format":"standard","meta":{"footnotes":""},"categories":[105],"tags":[],"class_list":["post-41871","post","type-post","status-publish","format-standard","hentry","category-gundem","odd"],"_links":{"self":[{"href":"http:\/\/www.korhanyilmaz.com\/index.php?rest_route=\/wp\/v2\/posts\/41871","targetHints":{"allow":["GET"]}}],"collection":[{"href":"http:\/\/www.korhanyilmaz.com\/index.php?rest_route=\/wp\/v2\/posts"}],"about":[{"href":"http:\/\/www.korhanyilmaz.com\/index.php?rest_route=\/wp\/v2\/types\/post"}],"author":[{"embeddable":true,"href":"http:\/\/www.korhanyilmaz.com\/index.php?rest_route=\/wp\/v2\/users\/1"}],"replies":[{"embeddable":true,"href":"http:\/\/www.korhanyilmaz.com\/index.php?rest_route=%2Fwp%2Fv2%2Fcomments&post=41871"}],"version-history":[{"count":0,"href":"http:\/\/www.korhanyilmaz.com\/index.php?rest_route=\/wp\/v2\/posts\/41871\/revisions"}],"wp:attachment":[{"href":"http:\/\/www.korhanyilmaz.com\/index.php?rest_route=%2Fwp%2Fv2%2Fmedia&parent=41871"}],"wp:term":[{"taxonomy":"category","embeddable":true,"href":"http:\/\/www.korhanyilmaz.com\/index.php?rest_route=%2Fwp%2Fv2%2Fcategories&post=41871"},{"taxonomy":"post_tag","embeddable":true,"href":"http:\/\/www.korhanyilmaz.com\/index.php?rest_route=%2Fwp%2Fv2%2Ftags&post=41871"}],"curies":[{"name":"wp","href":"https:\/\/api.w.org\/{rel}","templated":true}]}}