{"id":41867,"date":"2011-11-02T18:17:03","date_gmt":"2011-11-02T16:17:03","guid":{"rendered":"http:\/\/www.korhanyilmaz.com\/?p=41867"},"modified":"2011-11-03T05:25:18","modified_gmt":"2011-11-03T03:25:18","slug":"icisleri-bakanindan-garip-aciklama","status":"publish","type":"post","link":"http:\/\/www.korhanyilmaz.com\/?p=41867","title":{"rendered":"\u0130\u00e7i\u015fleri Bakan\u0131&#8217;ndan garip a\u00e7\u0131klama"},"content":{"rendered":"<p style=\"text-align: center;\"><a href=\"http:\/\/www.korhanyilmaz.com\/wp-content\/uploads\/2011\/11\/3076.jpg\"  class=\"lightview\"><img loading=\"lazy\" decoding=\"async\" class=\"aligncenter  wp-image-41868\" src=\"http:\/\/www.korhanyilmaz.com\/wp-content\/uploads\/2011\/11\/3076.jpg\" alt=\"\" width=\"307\" height=\"236\" \/><\/a><\/p>\n<p style=\"text-align: justify;\">\u0130\u00e7i\u015fleri Bakan\u0131 \u0130dris Naim \u015eahin, BDP&#8217;nin Anayasa Komisyonu \u00fcyesi Prof.Dr. Emine B\u00fc\u015fra Ersanl\u0131&#8217;n\u0131n KCK&#8217;ya y\u00f6nelik operasyon kapsam\u0131nda tutuklanmas\u0131n\u0131 CNN T\u00dcRK&#8217;e de\u011ferlendirdi. \u015eahin&#8217;in iddias\u0131na g\u00f6re profes\u00f6r Ersanl\u0131 &#8216;T\u00fcrkiye&#8217;de halk nas\u0131l ayakland\u0131r\u0131l\u0131r&#8217; dersleri verdi\u011fi i\u00e7in tutukland\u0131.<!--more--><\/p>\n<p style=\"text-align: justify;\">\u0130\u015fte \u015eahin&#8217;in o a\u00e7\u0131klamas\u0131: &#8220;B\u00fc\u015fra han\u0131m T\u00fcrkiye&#8217;deki binlerce profes\u00f6rden bir profes\u00f6rd\u00fcr. O profes\u00f6r han\u0131m\u0131n da tutuklanma s\u00fcrecini biz izliyoruz. Tamamen T\u00fcrkiye&#8217;de her yarg\u0131lamada oldu\u011fu gibi delillere dayal\u0131 bir yarg\u0131laman\u0131n sonucu olmas\u0131 laz\u0131m. Ve \u00f6yledir diye biliyorum. Delillerin ne oldu\u011funu zaman i\u00e7inde kamuoyu da bilebilir ama kendilerinin mutlaka bildi\u011finden eminim \u00e7\u00fcnk\u00fc savc\u0131l\u0131k makam\u0131 kendilerine iddiay\u0131 ifade etmi\u015flerdir. Mahkeme s\u00fcrecinde de hakimlerimiz mutlaka kendilerine iddialar\u0131 sormu\u015flar ama ald\u0131klar\u0131 yan\u0131tlardan muhtemeldir ki tatmin omam\u0131\u015flard\u0131r.<\/p>\n<p style=\"text-align: justify;\">Bu ba\u011flant\u0131 bir ter\u00f6r yap\u0131lanmas\u0131n\u0131n ba\u011flant\u0131s\u0131d\u0131r g\u00f6rd\u00fc\u011f\u00fcm\u00fcz, \u00f6\u011frendi\u011fimiz kadar\u0131yla. Ama bir profes\u00f6r\u00fcn tutuklanmas\u0131 durumunda bu \u00fclkede binlerce insan tutuklan\u0131rken bir profes\u00f6r\u00fcn tutuklanmamas\u0131 gerekti\u011fini savunman\u0131n hukukla, adaletle ne kadar ba\u011fda\u015ft\u0131\u011f\u0131n\u0131 ben bir hukuk\u00e7u olarak anlamakta zorlan\u0131yorum. Hukukun e\u015fitli\u011fi kar\u015f\u0131s\u0131nda acaba imtiyazl\u0131 s\u0131n\u0131flar m\u0131 olsun isteniyor bu \u00fclkede diye d\u00fc\u015f\u00fcnmek durumunday\u0131m dolays\u0131yla da sormak durumunday\u0131m.<\/p>\n<p style=\"text-align: justify;\">Bu \u00fclkede b\u00fct\u00fcn profes\u00f6rler tutuklanm\u0131\u015f olsa merak eder sorabiliriz ama binlerce profes\u00f6rden bir profes\u00f6r tutuklanm\u0131\u015f olabilir. Binlerce kaymakamdan bir tanesi tutuklanm\u0131\u015f olabilir, binlerce esnaftan bir tanesi tutuklanm\u0131\u015f olanilir, yani hukuk herkes i\u00e7in. Ama bu tutuklamalar\u0131n ben \u00f6tesine ge\u00e7ilmesi gerekti\u011fini d\u00fc\u015f\u00fcn\u00fcyorum. Daha d\u00fcn Van&#8217;da eli silahl\u0131 4 tane ter\u00f6risti yakalad\u0131 biri \u0130ranl\u0131 biri \u0131rakl\u0131 ikisi de T\u00fcrk vatanda\u015f\u0131 olan g\u00fcvenlik g\u00fc\u00e7lerimiz.<\/p>\n<p style=\"text-align: justify;\">Say\u0131n profes\u00f6r\u00fcm\u00fcz\u00fcn anlad\u0131\u011f\u0131m kadar\u0131yla bu yap\u0131yla bir ba\u011flant\u0131s\u0131 oldu\u011fu. Sanki dersimiz; siyaset konumuz da T\u00fcrkiye Cumhuriyeti&#8217;nde halk nas\u0131l ayakland\u0131r\u0131l\u0131r sebepsiz yere, kand\u0131r\u0131larak, T\u00fcrkiye Cumhuriyeti nas\u0131l b\u00f6l\u00fcn\u00fcr derslerinin hocal\u0131\u011f\u0131n\u0131 yapmak durumundaym\u0131\u015f diye duyuyoruz. E\u011fer bunlar yanl\u0131\u015fsa yanl\u0131\u015f hesap bir yerden d\u00f6ner. Sadece yarg\u0131\u00e7lar Berlin&#8217;de de\u011fil yarg\u0131\u00e7lar T\u00fcrkiye&#8217;de vard\u0131r ve biz T\u00fcrk yarg\u0131s\u0131na T\u00fcrk yarg\u0131\u00e7lar\u0131na g\u00fcveniyoruz.&#8221;<\/p>\n<p style=\"text-align: justify;\"><a href=\"http:\/\/www.cnnturk.com\/2011\/guncel\/11\/02\/icisleri.bakanindan.garip.aciklama\/635431.0\/index.html\" target=\"_blank\">Kaynak : CNN T\u00dcRK<\/a><\/p>\n","protected":false},"excerpt":{"rendered":"<p style=\"text-align: center;\">\n<p style=\"text-align: justify;\">\u0130\u00e7i\u015fleri Bakan\u0131 \u0130dris Naim \u015eahin, BDP&#8217;nin Anayasa Komisyonu \u00fcyesi Prof.Dr. Emine B\u00fc\u015fra Ersanl\u0131&#8217;n\u0131n KCK&#8217;ya y\u00f6nelik operasyon kapsam\u0131nda tutuklanmas\u0131n\u0131 CNN T\u00dcRK&#8217;e de\u011ferlendirdi. \u015eahin&#8217;in iddias\u0131na g\u00f6re profes\u00f6r Ersanl\u0131 &#8216;T\u00fcrkiye&#8217;de halk nas\u0131l ayakland\u0131r\u0131l\u0131r&#8217; dersleri verdi\u011fi i\u00e7in tutukland\u0131.<\/p>\n","protected":false},"author":1,"featured_media":0,"comment_status":"open","ping_status":"open","sticky":false,"template":"","format":"standard","meta":{"footnotes":""},"categories":[105],"tags":[],"class_list":["post-41867","post","type-post","status-publish","format-standard","hentry","category-gundem","odd"],"_links":{"self":[{"href":"http:\/\/www.korhanyilmaz.com\/index.php?rest_route=\/wp\/v2\/posts\/41867","targetHints":{"allow":["GET"]}}],"collection":[{"href":"http:\/\/www.korhanyilmaz.com\/index.php?rest_route=\/wp\/v2\/posts"}],"about":[{"href":"http:\/\/www.korhanyilmaz.com\/index.php?rest_route=\/wp\/v2\/types\/post"}],"author":[{"embeddable":true,"href":"http:\/\/www.korhanyilmaz.com\/index.php?rest_route=\/wp\/v2\/users\/1"}],"replies":[{"embeddable":true,"href":"http:\/\/www.korhanyilmaz.com\/index.php?rest_route=%2Fwp%2Fv2%2Fcomments&post=41867"}],"version-history":[{"count":0,"href":"http:\/\/www.korhanyilmaz.com\/index.php?rest_route=\/wp\/v2\/posts\/41867\/revisions"}],"wp:attachment":[{"href":"http:\/\/www.korhanyilmaz.com\/index.php?rest_route=%2Fwp%2Fv2%2Fmedia&parent=41867"}],"wp:term":[{"taxonomy":"category","embeddable":true,"href":"http:\/\/www.korhanyilmaz.com\/index.php?rest_route=%2Fwp%2Fv2%2Fcategories&post=41867"},{"taxonomy":"post_tag","embeddable":true,"href":"http:\/\/www.korhanyilmaz.com\/index.php?rest_route=%2Fwp%2Fv2%2Ftags&post=41867"}],"curies":[{"name":"wp","href":"https:\/\/api.w.org\/{rel}","templated":true}]}}