{"id":41863,"date":"2011-11-03T02:32:21","date_gmt":"2011-11-03T00:32:21","guid":{"rendered":"http:\/\/www.korhanyilmaz.com\/?p=41863"},"modified":"2011-11-03T05:21:38","modified_gmt":"2011-11-03T03:21:38","slug":"yas-siniri-yuksek-tutulacak","status":"publish","type":"post","link":"http:\/\/www.korhanyilmaz.com\/?p=41863","title":{"rendered":"Ya\u015f s\u0131n\u0131r\u0131 y\u00fcksek tutulacak"},"content":{"rendered":"<p style=\"text-align: center;\"><a href=\"http:\/\/www.korhanyilmaz.com\/wp-content\/uploads\/2011\/11\/3075.jpg\"  class=\"lightview\"><img loading=\"lazy\" decoding=\"async\" class=\"aligncenter  wp-image-41864\" src=\"http:\/\/www.korhanyilmaz.com\/wp-content\/uploads\/2011\/11\/3075.jpg\" alt=\"\" width=\"364\" height=\"204\" \/><\/a><\/p>\n<p style=\"text-align: justify;\">Bedelli askerlikte TSK\u2019n\u0131n g\u00f6r\u00fc\u015flerinin dikkate al\u0131nd\u0131\u011f\u0131 ve yararlanma say\u0131s\u0131n\u0131 d\u00fc\u015f\u00fcrmek i\u00e7in ya\u015f\u0131n y\u00fckseltildi\u011fi belirtildi.<\/p>\n<p style=\"text-align: justify;\">Yakla\u015f\u0131k 100 bin ki\u015fiyi ilgilendiren bedelli askerlik uygulamas\u0131na ili\u015fkin Milli Savunma Bakanl\u0131\u011f\u0131 (MSB) b\u00fcnyesinde haz\u0131rlanan \u00e7al\u0131\u015fmalarda son a\u015famaya gelindi\u011fi \u00f6\u011frenilirken, Genelkurmay Ba\u015fkan\u0131 Orgeneral Necdet \u00d6zel\u2019in ve T\u00fcrk Silahl\u0131 Kuvvetleri\u2019nin (TSK) hassasiyetlerinin de dikkate al\u0131nd\u0131\u011f\u0131 belirtildi. Bu \u00e7er\u00e7evede, bedelliden ararlanacak y\u00fck\u00fcml\u00fclerin say\u0131s\u0131n\u0131n fazla olmamas\u0131 i\u00e7in ya\u015f s\u0131n\u0131r\u0131n\u0131n y\u00fcksek tutulaca\u011f\u0131 \u00f6\u011frenildi.<!--more--><\/p>\n<p style=\"text-align: justify;\">TSK\u2019n\u0131n emekli Genelkurmay Ba\u015fkan\u0131 Org. \u0130lker Ba\u015fbu\u011f d\u00f6neminden bu yana ter\u00f6rle m\u00fccadele ve asker ihtiyac\u0131n\u0131 kar\u015f\u0131lamad\u0131\u011f\u0131 gerek\u00e7esiyle s\u0131cak bakmad\u0131\u011f\u0131 bedelli askerli\u011fin yeni d\u00f6nemde hayata ge\u00e7mesi bekleniyor.<\/p>\n<p style=\"text-align: justify;\"><strong>K\u0131rm\u0131z\u0131 \u00e7izgileri belirtti<\/strong><\/p>\n<p style=\"text-align: justify;\">Profesyonelle\u015fmeye y\u00f6nelik h\u0131zl\u0131 at\u0131lan ad\u0131mlarla TSK\u2019n\u0131n asker ihtiyac\u0131n\u0131 kar\u015f\u0131lama oran\u0131n\u0131n giderek y\u00fckselmesi nedeniyle bu \u00e7ekincenin ortadan kalkmas\u0131n\u0131n m\u00fcmk\u00fcn oldu\u011fu, ter\u00f6rle m\u00fccadeleye ili\u015fkin hassasiyetin Org. \u00d6zel d\u00f6neminde temel \u00e7ekince olaca\u011f\u0131 belirtiliyor.<\/p>\n<p style=\"text-align: justify;\">Orgeneral \u00d6zel, ge\u00e7ti\u011fimiz hafta NTV\u2019ye konuyla ilgili yapt\u0131\u011f\u0131 de\u011ferlendirmede, \u201cBedelli askerli\u011fe karar verilirken; halk\u0131m\u0131z\u0131n hassasiyetleri, anayasada belirtildi\u011fi \u015fekilde vatan hizmetinin herkes i\u00e7in hak ve \u00f6dev oldu\u011fu, fakir-zengin ayr\u0131mc\u0131l\u0131\u011f\u0131na gidilmemesinin \u00e7ok \u00f6nemli hususlar oldu\u011funu d\u00fc\u015f\u00fcn\u00fcyorum\u201d ifadeleriyle k\u0131rm\u0131z\u0131 \u00e7izgilerini belirtmi\u015fti. Bu ifadelerle se\u00e7im \u00f6ncesinde CHP\u2019nin bedelli askerli\u011fe ili\u015fkin verdi\u011fi \u201cparas\u0131 olmayan bedel \u00f6demesin\u201d teklifinin TSK taraf\u0131ndan daha s\u0131cak kar\u015f\u0131land\u0131\u011f\u0131 iddia edildi. Elde edilecek gelirin \u015fehit ve gazi ailelerine aktar\u0131lmas\u0131 da g\u00fcndeme geldi.<\/p>\n<p style=\"text-align: justify;\">Yararlanacak y\u00fck\u00fcml\u00fc say\u0131s\u0131n\u0131n olabildi\u011fince az olmas\u0131 i\u00e7in, ba\u015fvuracak vatanda\u015flar\u0131n ya\u015f aral\u0131\u011f\u0131n\u0131n y\u00fcksek tutulmas\u0131 de\u011ferlendiriliyor. Bu kapsamda, uygulama tarihinde 29 ya da 30 ya\u015f\u0131n\u0131 doldurmu\u015f olanlar\u0131n uygulamadan yararlanmas\u0131na y\u00f6nelik genel bir e\u011filim olu\u015ftu\u011fu, bu ya\u015f aral\u0131\u011f\u0131n\u0131n daha a\u015fa\u011f\u0131ya \u00e7ekilmesinin \u00f6ng\u00f6r\u00fclmedi\u011fi belirtiliyor.<\/p>\n<p style=\"text-align: justify;\"><strong>5-10 bin dolar aras\u0131<\/strong><\/p>\n<p style=\"text-align: justify;\">\u00d6te yandan kaynaklar, teklifin se\u00e7im d\u00f6neminde tart\u0131\u015fmaya a\u00e7\u0131lmas\u0131 nedeniyle aral\u0131k ay\u0131nda askere gidecek k\u0131sa d\u00f6nem y\u00fck\u00fcml\u00fcler ile \u015fubat ay\u0131nda silah alt\u0131na al\u0131nacak uzun d\u00f6nem y\u00fck\u00fcml\u00fclerden teklif kapsam\u0131na girenlerin, \u201cbakaya\u201d ya da \u201cka\u00e7ak\u201d durumuna d\u00fc\u015fmesinden endi\u015fe edildi\u011fi de bildirildi. Bedelli askerli\u011fin ekonomiye 500 milyon TL\u2019lik bir kaynak sa\u011flayaca\u011f\u0131 belirtiliyor. Kulislerde bedelli askerlik i\u00e7in 5 bin ile 10 bin dolar aras\u0131nda bir paran\u0131n al\u0131nabilece\u011fi konu\u015fuluyor.<\/p>\n<p style=\"text-align: justify;\"><a href=\"http:\/\/gundem.milliyet.com.tr\/yas-siniri-yuksek-tutulacak\/gundem\/gundemdetay\/03.11.2011\/1458517\/default.htm\" target=\"_blank\">Kaynak : Milliyet.com.tr<\/a><\/p>\n","protected":false},"excerpt":{"rendered":"<p style=\"text-align: center;\">\n<p style=\"text-align: justify;\">Bedelli askerlikte TSK\u2019n\u0131n g\u00f6r\u00fc\u015flerinin dikkate al\u0131nd\u0131\u011f\u0131 ve yararlanma say\u0131s\u0131n\u0131 d\u00fc\u015f\u00fcrmek i\u00e7in ya\u015f\u0131n y\u00fckseltildi\u011fi belirtildi.<\/p>\n<p style=\"text-align: justify;\">Yakla\u015f\u0131k 100 bin ki\u015fiyi ilgilendiren bedelli askerlik uygulamas\u0131na ili\u015fkin Milli Savunma Bakanl\u0131\u011f\u0131 (MSB) b\u00fcnyesinde haz\u0131rlanan \u00e7al\u0131\u015fmalarda son a\u015famaya gelindi\u011fi \u00f6\u011frenilirken, Genelkurmay Ba\u015fkan\u0131 Orgeneral Necdet \u00d6zel\u2019in ve T\u00fcrk Silahl\u0131 Kuvvetleri\u2019nin (TSK) hassasiyetlerinin de dikkate al\u0131nd\u0131\u011f\u0131 <\/p>\n","protected":false},"author":1,"featured_media":0,"comment_status":"open","ping_status":"open","sticky":false,"template":"","format":"standard","meta":{"footnotes":""},"categories":[105],"tags":[],"class_list":["post-41863","post","type-post","status-publish","format-standard","hentry","category-gundem","odd"],"_links":{"self":[{"href":"http:\/\/www.korhanyilmaz.com\/index.php?rest_route=\/wp\/v2\/posts\/41863","targetHints":{"allow":["GET"]}}],"collection":[{"href":"http:\/\/www.korhanyilmaz.com\/index.php?rest_route=\/wp\/v2\/posts"}],"about":[{"href":"http:\/\/www.korhanyilmaz.com\/index.php?rest_route=\/wp\/v2\/types\/post"}],"author":[{"embeddable":true,"href":"http:\/\/www.korhanyilmaz.com\/index.php?rest_route=\/wp\/v2\/users\/1"}],"replies":[{"embeddable":true,"href":"http:\/\/www.korhanyilmaz.com\/index.php?rest_route=%2Fwp%2Fv2%2Fcomments&post=41863"}],"version-history":[{"count":0,"href":"http:\/\/www.korhanyilmaz.com\/index.php?rest_route=\/wp\/v2\/posts\/41863\/revisions"}],"wp:attachment":[{"href":"http:\/\/www.korhanyilmaz.com\/index.php?rest_route=%2Fwp%2Fv2%2Fmedia&parent=41863"}],"wp:term":[{"taxonomy":"category","embeddable":true,"href":"http:\/\/www.korhanyilmaz.com\/index.php?rest_route=%2Fwp%2Fv2%2Fcategories&post=41863"},{"taxonomy":"post_tag","embeddable":true,"href":"http:\/\/www.korhanyilmaz.com\/index.php?rest_route=%2Fwp%2Fv2%2Ftags&post=41863"}],"curies":[{"name":"wp","href":"https:\/\/api.w.org\/{rel}","templated":true}]}}