{"id":41855,"date":"2011-11-02T16:53:02","date_gmt":"2011-11-02T14:53:02","guid":{"rendered":"http:\/\/www.korhanyilmaz.com\/?p=41855"},"modified":"2011-11-03T04:57:15","modified_gmt":"2011-11-03T02:57:15","slug":"erdogan-ve-merkel-mesut-ozilde-anlasti","status":"publish","type":"post","link":"http:\/\/www.korhanyilmaz.com\/?p=41855","title":{"rendered":"Erdo\u011fan ve Merkel Mesut \u00d6zil&#8217;de anla\u015ft\u0131!"},"content":{"rendered":"<p style=\"text-align: center;\"><a href=\"http:\/\/www.korhanyilmaz.com\/wp-content\/uploads\/2011\/11\/3073.jpg\"  class=\"lightview\"><img loading=\"lazy\" decoding=\"async\" class=\"aligncenter  wp-image-41856\" src=\"http:\/\/www.korhanyilmaz.com\/wp-content\/uploads\/2011\/11\/3073.jpg\" alt=\"\" width=\"340\" height=\"264\" \/><\/a><\/p>\n<p style=\"text-align: justify;\">Ba\u015fbakan Erdo\u011fan ve Almanya Ba\u015fbakan\u0131 Merkel Almanya&#8217;daki T\u00fcrkler i\u00e7in konu\u015ftu. Erdo\u011fan, &#8216;Mesut \u00d6zil&#8217;in att\u0131\u011f\u0131 gollere seviniyoruz. Bize att\u0131klar\u0131na hari\u00e7&#8217; derken Merkel, &#8216;S\u00f6ylememe gerek bile yok ama Mesut \u00d6zil&#8217;in gollerine en az sizler kadar bizler de seviniyoruz&#8217; diye konu\u015ftu.<!--more--><\/p>\n<p style=\"text-align: justify;\">Ba\u015fbakan Tayyip Erdo\u011fan T\u00fcrkiye\u2019den Almanya\u2019ya g\u00f6\u00e7\u00fcn 50. y\u0131l\u0131 etkinlikleri kapsam\u0131nda Almanya\u2019da konu\u015fma yapt\u0131. Almanya Ba\u015fbakan\u0131 Angela Merkel\u2019in de kat\u0131ld\u0131\u011f\u0131 toplant\u0131da Erdo\u011fan, Almanya\u2019daki T\u00fcrklerin ba\u015far\u0131lar\u0131ndan gurur duyduklar\u0131n\u0131 anlat\u0131rken verdi\u011fi \u201cT\u00fcrk Milli Tak\u0131m\u0131\u2019n\u0131n kalesini hedef almad\u0131k\u00e7a Mesut\u2019un att\u0131\u011f\u0131 goller bizi de gururland\u0131r\u0131yor\u201d \u00f6rne\u011fi ile salonu kahkahaya bo\u011fdu.<\/p>\n<p style=\"text-align: justify;\"><strong>K\u00fc\u00e7\u00fck d\u00fc\u015f\u00fcnmek AB&#8217;ye yak\u0131\u015fmaz\u00a0<\/strong><\/p>\n<p style=\"text-align: justify;\">Erdo\u011fan\u2019\u0131n konu\u015fmas\u0131ndan sat\u0131r ba\u015flar\u0131 \u015f\u00f6yle: &#8220;K\u00fc\u00e7\u00fck d\u00fc\u015f\u00fcnmek AB&#8217;ye yak\u0131\u015fmaz. K\u00fc\u00e7\u00fck d\u00fc\u015f\u00fcnen liderler ise AB&#8217;yi k\u00fcresel bir akt\u00f6r haline getiremez. Bizim beklentimiz Almanya&#8217;n\u0131n b\u00fcy\u00fck bir vizyon ortaya koyarak, AB&#8217;nin gelece\u011fi i\u00e7in \u00f6nc\u00fc rol \u00fcstlenmesidir. Almanya&#8217;daki T\u00fcrk n\u00fcfus, hi\u00e7 ku\u015fkusuz Almanya i\u00e7in de T\u00fcrkiye i\u00e7in de b\u00fcy\u00fck bir imkand\u0131r. Fatih Ak\u0131n&#8217;\u0131n filmleri Almanya&#8217;n\u0131n oldu\u011fu kadar bizim de filmlerimiz.<\/p>\n<p style=\"text-align: justify;\"><strong>&#8220;Mesut&#8217;un gollerine biz de seviniyoruz&#8221;\u00a0<\/strong><\/p>\n<p style=\"text-align: justify;\">T\u00fcrk Milli Tak\u0131m\u0131n\u0131n kalesini hedef almad\u0131\u011f\u0131 s\u00fcrece Mesut \u00d6zil&#8217;in att\u0131\u011f\u0131 her golle bizler de havalarda u\u00e7uyoruz. 50 y\u0131l \u00f6nce g\u00f6\u00e7men i\u015f\u00e7i olarak gelenler bug\u00fcn art\u0131k Alman toplumunun ayr\u0131lmaz par\u00e7as\u0131 oldular. Onlar ne kadar emek\u00e7iyse, dilleriyle k\u00fclt\u00fcrleriyle gelecekleriyle o kadar da insan.Buradan her t\u00fcrl\u00fc ayr\u0131mc\u0131l\u0131\u011f\u0131, insan e\u015fitli\u011fe ayk\u0131r\u0131 uygulamay\u0131, anti semitizm kadar islamofobiyi reddetti\u011fimizi de belirtiyoruz. Bu insanl\u0131k su\u00e7lar\u0131yla ortak m\u00fccadele edeceklerine y\u00fcrekten inan\u0131yorum. Asimilasyonun kadar insanl\u0131k su\u00e7u oldu\u011fu konusunda Almanya&#8217;yla hem fikiriz. Biz entegrasyonu destekliyoruz. T\u00fcrklerin Almancay\u0131 \u00f6\u011frenmesini, Alman vatanda\u015fl\u0131\u011f\u0131na ge\u00e7meyi \u00f6zendiriyoruz.T\u00fcrk vatanda\u015flar\u0131n\u0131 Alman vatanda\u015f\u0131 olmas\u0131 konusunda \u00f6zendiriyoruz. Ben de Alman vatanda\u015flar\u0131n\u0131 T\u00fcrk vatanda\u015f\u0131 olmaya davet ediyorum.50 y\u0131l \u00f6nce gelenler \u00e7ok muhte\u015fem bir ba\u015far\u0131 sa\u011flayarak gurbeti art\u0131k s\u0131laya d\u00f6n\u00fc\u015ft\u00fcrd\u00fcler. \u0130lk nesle onlar\u0131n \u00e7ocuklar\u0131na, torunlar\u0131na, torunlar\u0131n\u0131n \u00e7ocuklar\u0131na T\u00fcrkiye ad\u0131na, \u00fclkem ve milletim ad\u0131na bir kez daha \u015f\u00fckranlar\u0131m\u0131 sunuyorum. Alman makamlar\u0131na \u00f6z verili gayretlerinden dolay\u0131, entegrasyona verdi\u011fi katk\u0131lardan dolay\u0131 \u015fahs\u0131m milletim ad\u0131na te\u015fekk\u00fcr ediyorum. Her y\u0131l yakla\u015f\u0131k 4 milyon Alman&#8217;\u0131n \u00fclkemde turist olarak bulunmas\u0131 bize ayr\u0131 bir gurur veriyor. Bu halklar\u0131m\u0131z\u0131n b\u00fct\u00fcnle\u015fmesini ve birinci s\u0131rada Almanya&#8217;n\u0131n yer almas\u0131 gelece\u011fe olan inanc\u0131m\u0131z\u0131 kuvvetlendiriyor.&#8221;<\/p>\n<p style=\"text-align: justify;\"><strong>Merkel&#8217;in konu\u015fmas\u0131\u00a0<\/strong><\/p>\n<p style=\"text-align: justify;\">Almanya Ba\u015fbakan\u0131 Angela Merkel de Erdo\u011fan\u2019\u0131n ard\u0131ndan bir konu\u015fma yapt\u0131. \u0130\u015fte Merkel\u2019in konu\u015fmas\u0131 \u00f6zetle \u015f\u00f6yle: &#8220;Bug\u00fcn T\u00fcrkiye ile Almanya aras\u0131ndaki 50. y\u0131l\u0131n\u0131 kutlamak benim i\u00e7in b\u00fcy\u00fck bir sevin\u00e7. Sizler o zaman olu\u015fmu\u015f olan \u00f6zel ili\u015fkilerin ne kadar canl\u0131 oldu\u011funu g\u00f6steriyorsunuz. Say\u0131n Ba\u015fbakan, hepinizi selaml\u0131yor ve ho\u015f geldiniz diyorum. Almanya&#8217;da b\u00fcy\u00fck de\u011fi\u015fimleri beraberinde getirdi. Say\u0131n Ba\u015fbakan&#8217;\u0131n elinde g\u00f6rd\u00fck. Gayet normal bir belgeymi\u015f gibi g\u00f6r\u00fcn\u00fcyor, bu belge \u00fclkemizde \u00e7ok \u015fey de\u011fi\u015ftirdi. 1961&#8217;in bir an\u0131na d\u00f6nelim. So\u011fuk sava\u015f g\u00fcnleriydi, Almanya b\u00f6l\u00fcnm\u00fc\u015ft\u00fc ve \u00e7at\u0131\u015fman\u0131n merkezindeydim. Berlin duvar\u0131 yeni yap\u0131lm\u0131\u015ft\u0131. Mesela benim gibi bir insan kesilmi\u015f ve kopar\u0131lm\u0131\u015ft\u0131. O zaman sosyal piyasa ekonomisi ba\u015far\u0131l\u0131yd\u0131 ve iktisad\u0131 mucizeyle neredeyse tam istihdam Yunanistan, \u0130talya ile anla\u015fma yap\u0131ld\u0131. T\u00fcrkiye anla\u015fmay\u0131 \u00f6nerdi\u011fi zaman kabul etti. Daha sonraki y\u0131llarda Almanya&#8217;ya gelen insanlar\u0131n say\u0131s\u0131n\u0131 bilmek m\u00fcmk\u00fcn de\u011fil. Tahminimiz o ki 1961&#8217;den 73&#8217;e kadar yakla\u015f\u0131k bir milyon ki\u015fi yola \u00e7\u0131kt\u0131. Bunlar aras\u0131nda 1964&#8217;te aile birle\u015fiminden yararlananlar da vard\u0131. Bu d\u00f6nemden ba\u015flayarak b\u00fcy\u00fck bir T\u00fcrk toplulu\u011fu olu\u015fmaya ba\u015flad\u0131. O zamanki yolculuk trenle yap\u0131l\u0131yordu. Say\u0131n Ba\u015fbakan, o zamanlar hen\u00fcz konut i\u015f\u00e7i olarak adland\u0131r\u0131lan insanlar\u0131 kabul etti\u011fimde bir kez daha \u015funu fark ettim. Ne kadar \u00f6nemliymi\u015f bu tren yolculu\u011funu yapmak. Bize anlatt\u0131lar. O zaman garlara giderlermi\u015f, bo\u015f raylara bakarlarm\u0131\u015f. Hep evlerine d\u00f6necekleri g\u00fcn\u00fc beklerlermi\u015f. Bu anlat\u0131lanlar beni son derece duyguland\u0131rd\u0131. Art\u0131k bir \u00e7ok insan art\u0131k evinde hissediyor.<\/p>\n<p style=\"text-align: justify;\"><strong>Almanya&#8217;ya damgalar\u0131n\u0131 vurdular\u00a0<\/strong><\/p>\n<p style=\"text-align: justify;\">Onun i\u00e7in o g\u00fcn gelen herkese m\u00fcte\u015fekkirim. bu insanlar Almanya&#8217;ya damgalar\u0131n\u0131 vurdular. Al\u0131\u015ft\u0131klar\u0131 \u00e7evreyi terk ederek, ailelerinden ayr\u0131larak yabanc\u0131 bir \u00fclkeye, ba\u015fka bir \u00fclkeye gelerek cesur bir ad\u0131m att\u0131lar. O zaman g\u00f6\u00e7men i\u015f\u00e7i olarak adland\u0131r\u0131lan insanlar, fabrikalarda, hastanelerde \u00e7al\u0131\u015ft\u0131lar. Biraz \u00f6nce s\u00f6yledi\u011fim gibi bundan dolay\u0131 \u00f6zlemleri \u00e7ok b\u00fcy\u00fckt\u00fc vatanlar\u0131na. Bir \u00e7ok Alman d\u0131\u015far\u0131dan gelen g\u00f6\u00e7menlere uzak durdular o zamanki almanlar. K\u0131sa bir s\u00fcre anla\u015f\u0131ld\u0131 ki sadece \u00e7al\u0131\u015fmak i\u00e7in gelmemi\u015fti, insanlar gelmi\u015fti. \u0130\u015fte bu ba\u011flamda, tam da \u00e7al\u0131\u015f\u0131lan yerlerde, \u015firketlerde, ilk ili\u015fkiler kuruldu. Ancak Almanya&#8217;da uzun bir s\u00fcre ge\u00e7mesi gerekti, \u00fclkemizde kalmak \u00fczere geldi\u011fi bilincinin yeti\u015fmesi i\u00e7in. 2005 y\u0131l\u0131ndan 2010 y\u0131l\u0131ndan sadece entegrasyon kurslar\u0131 i\u00e7in 1 milyar euro&#8217;dan fazla para harcad\u0131k.<\/p>\n<p style=\"text-align: justify;\"><strong>Mesut&#8217;un golleri\u00a0<\/strong><\/p>\n<p style=\"text-align: justify;\">\u0130\u015fverenler, gazeteciler, sporcular, milletvekilleri ve bakanlar. \u0130\u015fte sizler hepiniz bug\u00fcn birer \u00f6rnek olabilirsiniz zaten \u00f6rneksiniz. \u00c7ocuk ve gen\u00e7 olarak bug\u00fcn bu yolu y\u00fcr\u00fcyecek insanlara \u00f6rneksiniz. Siz Almanya&#8217;n\u0131n bir par\u00e7as\u0131s\u0131n\u0131z ve zannediyorum s\u00f6ylememe gerek bile yok ama Mesut \u00d6zil&#8217;in gollerine en az sizler kadar bizler de seviniyoruz.<\/p>\n<p style=\"text-align: justify;\"><strong>Sorunlar var \u00fcst\u00fcn\u00fc \u00f6rtmemiz laz\u0131m\u00a0<\/strong><\/p>\n<p style=\"text-align: justify;\">Sorunlar da vard\u0131r. Bunlar\u0131n da \u00fczerini \u00f6rtmememiz laz\u0131m. Yoksa tam da toplumumuzda bu sorunlar\u0131 ya\u015fayan insanlar\u0131n g\u00fcvenini kaybederiz. Su\u00e7luluk a\u00e7\u0131s\u0131ndan da e\u011fitim sorunu da var. Herkes \u015funu bilmeli ki okullar ve diplomalar Almanya&#8217;da ba\u015far\u0131l\u0131 olman\u0131n \u00f6n ko\u015fuludur. Hangi k\u00f6kenden olurlarsa olsunlar bizim s\u00f6yledi\u011fimiz \u015fey bu.Ancak \u00f6zellikle g\u00f6\u00e7men ailelerin \u00e7ocuklar\u0131n\u0131n \u00f6zellikle desteklenmesi laz\u0131m. \u0130mkanlar\u0131n sunulmas\u0131 laz\u0131m.Burada okula \u00e7ok \u00f6nem verilmesi \u00f6nemlidir. E\u011fitimin ba\u015f\u0131ndan itibaren \u00fczerinde durulmas\u0131 laz\u0131m. Okula ba\u015flad\u0131\u011f\u0131nda \u00e7ok iyi Almanca konu\u015fan \u00e7ocuklar ba\u015far\u0131l\u0131 olabilirler. Bir \u00e7ok \u015fehirde fahri olarak \u00e7al\u0131\u015fan e\u011fitim g\u00f6n\u00fcll\u00fcleri var.Biz Almanya&#8217;da ya\u015fayan herkes bu konudan sorumluyuz. Entegrasyonun ne \u00f6l\u00e7\u00fcde ba\u015far\u0131ld\u0131\u011f\u0131 konusu benim kanaatimde b\u00fct\u00fcn \u00fclkemizin gelece\u011fi i\u00e7in tayin edicidir. Nihayet anlamam\u0131z gereken bir \u015fey var ki, \u00e7ok renklilik, \u00e7ok seslilik bir renktir. Bir ortak temele ihtiyac\u0131m\u0131z var. Bu Anayasa&#8217;d\u0131r, insan haklar\u0131n\u0131n kabul\u00fcd\u00fcr. Bu bizim Anayasa&#8217;m\u0131z\u0131n temelini olu\u015fturur. Almanya bunu alt\u0131n\u0131 \u00e7izerek s\u00f6yl\u00fcyorum. Almanya \u00fclkemize gelen b\u00fct\u00fcn insanlara, \u00fclkenin b\u00fct\u00fcn f\u0131rsatlar\u0131n\u0131 sunmak istiyor. Birlikte ya\u015famak her zaman bir almak ve vermek meselesidir. \u00dclkemize gelen insanlar ne kadar u\u011fra\u015f\u0131rlarsa u\u011fra\u015fs\u0131nlar, istemezlerse ba\u015far\u0131l\u0131 olamazlar. Birlikteli\u011fin ya\u015fanmas\u0131 laz\u0131m. Ailelerde, kom\u015fuluk i\u00e7erisinde, okullarda.<\/p>\n<p style=\"text-align: justify;\"><strong>PKK konusunda yan\u0131n\u0131zday\u0131z\u00a0<\/strong><\/p>\n<p style=\"text-align: justify;\">\u00dclkelerimiz aras\u0131ndaki ili\u015fkiler eskiden oldu\u011fu gibi yo\u011fun bir al\u0131\u015fveri\u015fe dayan\u0131yor. \u00dclkemize g\u00f6\u00e7 eden insanlar bu konuda k\u00f6pr\u00fc olu\u015fturan insanlard\u0131r. Baz\u0131 b\u00fcy\u00fck yeteneklerin \u00fclkemizi terk etti\u011fine \u00fcz\u00fcl\u00fcyoruz. \u00dc\u00e7 milyon T\u00fcrkiye k\u00f6kenli insanlar, iki \u00fclke aras\u0131nda \u00f6zel bir ili\u015fkiyi olu\u015fturuyor. Sizin \u00fclkenizin kaderi bizi de \u00e7ok ilgilendiriyor. Biz ter\u00f6rizmle m\u00fccadele konusunda \u00f6zellikle PKK konusunda b\u00fcy\u00fck bir kararl\u0131l\u0131kla yan\u0131n\u0131zday\u0131z hi\u00e7bir ku\u015fkuya yer b\u0131rakmaks\u0131z\u0131n. Beni \u00e7ok umutlu k\u0131lan bir olgu. Bir \u00e7ok gencin T\u00fcrk-Alman k\u00fclt\u00fcr\u00fcyle ilgilenmesi. Ben diyorum ki ku\u015faklar boyunca \u00fclkemizde ya\u015fayanlar\u0131n hepsi, sevgili Tayyip Erdo\u011fan, hepiniz \u015funu bilin ki ben bu insanlar\u0131n da federal h\u00fck\u00fcmetiyim. Sizlerin de ayn\u0131 \u00f6l\u00e7\u00fcde mutlu olman\u0131z\u0131 istiyorum.&#8221;<\/p>\n<p style=\"text-align: justify;\"><a href=\"http:\/\/www.cnnturk.com\/2011\/dunya\/11\/02\/erdogan.ve.merkel.mesut.ozilde.anlasti\/635400.0\/index.html\" target=\"_blank\">Kaynak : CNN T\u00dcRK<\/a><\/p>\n","protected":false},"excerpt":{"rendered":"<p style=\"text-align: center;\">\n<p style=\"text-align: justify;\">Ba\u015fbakan Erdo\u011fan ve Almanya Ba\u015fbakan\u0131 Merkel Almanya&#8217;daki T\u00fcrkler i\u00e7in konu\u015ftu. Erdo\u011fan, &#8216;Mesut \u00d6zil&#8217;in att\u0131\u011f\u0131 gollere seviniyoruz. Bize att\u0131klar\u0131na hari\u00e7&#8217; derken Merkel, &#8216;S\u00f6ylememe gerek bile yok ama Mesut \u00d6zil&#8217;in gollerine en az sizler kadar bizler de seviniyoruz&#8217; diye konu\u015ftu.<\/p>\n","protected":false},"author":1,"featured_media":0,"comment_status":"open","ping_status":"open","sticky":false,"template":"","format":"standard","meta":{"footnotes":""},"categories":[105],"tags":[],"class_list":["post-41855","post","type-post","status-publish","format-standard","hentry","category-gundem","odd"],"_links":{"self":[{"href":"http:\/\/www.korhanyilmaz.com\/index.php?rest_route=\/wp\/v2\/posts\/41855","targetHints":{"allow":["GET"]}}],"collection":[{"href":"http:\/\/www.korhanyilmaz.com\/index.php?rest_route=\/wp\/v2\/posts"}],"about":[{"href":"http:\/\/www.korhanyilmaz.com\/index.php?rest_route=\/wp\/v2\/types\/post"}],"author":[{"embeddable":true,"href":"http:\/\/www.korhanyilmaz.com\/index.php?rest_route=\/wp\/v2\/users\/1"}],"replies":[{"embeddable":true,"href":"http:\/\/www.korhanyilmaz.com\/index.php?rest_route=%2Fwp%2Fv2%2Fcomments&post=41855"}],"version-history":[{"count":0,"href":"http:\/\/www.korhanyilmaz.com\/index.php?rest_route=\/wp\/v2\/posts\/41855\/revisions"}],"wp:attachment":[{"href":"http:\/\/www.korhanyilmaz.com\/index.php?rest_route=%2Fwp%2Fv2%2Fmedia&parent=41855"}],"wp:term":[{"taxonomy":"category","embeddable":true,"href":"http:\/\/www.korhanyilmaz.com\/index.php?rest_route=%2Fwp%2Fv2%2Fcategories&post=41855"},{"taxonomy":"post_tag","embeddable":true,"href":"http:\/\/www.korhanyilmaz.com\/index.php?rest_route=%2Fwp%2Fv2%2Ftags&post=41855"}],"curies":[{"name":"wp","href":"https:\/\/api.w.org\/{rel}","templated":true}]}}