{"id":41849,"date":"2011-11-02T20:13:12","date_gmt":"2011-11-02T18:13:12","guid":{"rendered":"http:\/\/www.korhanyilmaz.com\/?p=41849"},"modified":"2011-11-02T22:24:07","modified_gmt":"2011-11-02T20:24:07","slug":"avrupa-1930lara-donebilir","status":"publish","type":"post","link":"http:\/\/www.korhanyilmaz.com\/?p=41849","title":{"rendered":"&#8216;Avrupa 1930\u2019lara d\u00f6nebilir&#8217;"},"content":{"rendered":"<p style=\"text-align: center;\"><a href=\"http:\/\/www.korhanyilmaz.com\/wp-content\/uploads\/2011\/11\/3072.jpg\"  class=\"lightview\"><img loading=\"lazy\" decoding=\"async\" class=\"aligncenter  wp-image-41850\" src=\"http:\/\/www.korhanyilmaz.com\/wp-content\/uploads\/2011\/11\/3072.jpg\" alt=\"\" width=\"361\" height=\"182\" \/><\/a><\/p>\n<p style=\"text-align: justify;\">A\u0130HM Ba\u015fkan\u0131 Jean-Paul Costa\u2019n\u0131n g\u00f6rev s\u00fcresi bu ay sona eriyor. 1998 y\u0131l\u0131ndan bu yana A\u0130HM\u2019de g\u00f6rev yapan Frans\u0131z yarg\u0131\u00e7, 13 y\u0131l\u0131n bilan\u00e7osunu ntvmsnbc\u2019ye de\u011ferlendirdi. Costa\u2019ya g\u00f6re, ekonomik kriz insan haklar\u0131n\u0131 tehdit ediyor ve Avrupa\u2019n\u0131n 1930\u2019lu y\u0131llar\u0131 yeniden ya\u015fama riski var.\u00a0<!--more--><\/p>\n<p style=\"text-align: justify;\"><strong>1998 y\u0131l\u0131ndan bu yana A\u0130HM\u2019de yarg\u0131\u00e7l\u0131k yap\u0131yorsunuz. Bunun yakla\u015f\u0131k 5 y\u0131l\u0131 mahkemenin ba\u015fkanl\u0131\u011f\u0131n\u0131 yaparak ge\u00e7ti. A\u0130HM 13 y\u0131l \u00f6nce neredeydi, bug\u00fcn nerede?\u00a0<\/strong><\/p>\n<p style=\"text-align: justify;\"><strong><span style=\"color: #993300;\">Costa:<\/span><\/strong> 1998\u2019de A\u0130HM\u2019ye geldi\u011fimde bir nevi heyecan ve co\u015fku vard\u0131. 11\u2019inci Protokol ad\u0131n\u0131 verdi\u011fimiz belge y\u00fcr\u00fcrl\u00fc\u011fe giriyor ve Avrupa \u0130nsan Haklar\u0131 Komisyonu ortadan kalk\u0131yordu. \u00d6nceden daimi olmayan Avrupa \u0130nsan Haklar\u0131 Mahkemesi daimi bir mahkeme haline geliyordu. Heyecan vard\u0131, hatta mahkemenin sahip olabilece\u011fi etkinlik konusunda kuruntu sahibiydik bile diyebilirim. Elbette \u00e7ok ho\u015ftu, harika \u015feyler yapabilece\u011fimiz izlenimine sahiptik, yapt\u0131k da. Fakat hemen ard\u0131ndan \u00fcye \u00fclke say\u0131s\u0131 ve bununla birlikte dava say\u0131s\u0131n\u0131n artmas\u0131yla zorluklar ya\u015famaya ba\u015flad\u0131k. \u015eimdi 13 y\u0131l sonra mahkeme bu zorluklar\u0131 hazmetti ama ba\u015fka zorluklarla kar\u015f\u0131la\u015ft\u0131k, mahkemede reform s\u00fcrecini ba\u015flatmak 14\u2019\u00fcnc\u00fc Protokol\u2019\u00fcn y\u00fcr\u00fcrl\u00fc\u011fe girmesinin 3 y\u0131l boyunca bloke edilmesi nedeniyle gecikti. Bunlar\u0131 da Interlaken s\u00fcreci ad\u0131n\u0131 verdi\u011fimiz reform s\u00fcreci, bu y\u0131lki \u0130zmir konferans\u0131 ve 14\u2019\u00fcnc\u00fc protokol\u00fcn y\u00fcr\u00fcrl\u00fc\u011fe girmesiyle a\u015fmaya \u00e7al\u0131\u015f\u0131yoruz.<\/p>\n<p style=\"text-align: justify;\"><strong>A\u0130HM\u2019nin reform s\u00fcrecinde oldu\u011funu s\u00f6ylediniz. Y\u0131llard\u0131r devam eden bu s\u00fcre\u00e7 ne zaman tamamlanacak?\u00a0<\/strong><\/p>\n<p style=\"text-align: justify;\"><strong><span style=\"color: #993300;\">Costa:<\/span><\/strong> S\u00fcre\u00e7 uzun zaman alacak. Interlaken deklarasyonunun eylem plan\u0131nda 2019 y\u0131l\u0131na kadar bir takvim belirlendi. Bu da \u00e7ok say\u0131da reform yap\u0131lacak anlam\u0131na geliyor. Bunlardan baz\u0131lar\u0131 Avrupa \u0130nsan Haklar\u0131 S\u00f6zle\u015fmesi\u2019ne dokunulmadan yap\u0131lacak reformlar olacak, baz\u0131lar\u0131 ise s\u00f6zle\u015fmeyi de\u011fi\u015ftirerek. \u0130statistiklerimiz ilk defa yeni ba\u015fvurusu say\u0131s\u0131 ile verilen karar say\u0131s\u0131 aras\u0131nda denge olu\u015fmaya ba\u015flad\u0131\u011f\u0131n\u0131 g\u00f6steriyor. Yani, mahkemeye yap\u0131lan yeni ba\u015fvuru say\u0131s\u0131n\u0131n mahkemenin ald\u0131\u011f\u0131 karar say\u0131s\u0131n\u0131n alt\u0131nda \u00e7\u0131kmaya ba\u015flad\u0131\u011f\u0131na dair g\u00f6stergeler mevcut. Tabii tam olarak dengelenmesi daha zaman alacak.<\/p>\n<p style=\"text-align: justify;\"><strong>A\u0130HM reformu nas\u0131l sonu\u00e7lanabilir? Kar\u015f\u0131m\u0131za nas\u0131l bir tablo \u00e7\u0131kacak?\u00a0<\/strong><\/p>\n<p style=\"text-align: justify;\"><strong><span style=\"color: #993300;\">Costa:<\/span><\/strong> Kimsenin bu mahkemeyi ortadan kald\u0131rmak gibi bir niyeti oldu\u011funu sanm\u0131yorum. Zaten \u00f6yle bir \u015fey olursa \u00e7ok yaz\u0131k olur, zira A\u0130HM Avrupa\u2019da hak ve \u00f6zg\u00fcrl\u00fckler davas\u0131na b\u00fcy\u00fck katk\u0131da bulundu. Hatta kararlar\u0131 Avrupa s\u0131n\u0131rlar\u0131 d\u0131\u015f\u0131nda, Amerika, Afrika ve Asya k\u0131talar\u0131nda da yank\u0131 buluyor. O halde radikal bir deyi\u015fle \u201creforme\u201d etmek ne demek? Mahkemeye daha az say\u0131da bireysel ba\u015fvuru gelmesini sa\u011flamak anlam\u0131na gelebilir. Bu g\u00fc\u00e7 bir i\u015f zira devletler yarg\u0131 masraflar\u0131, mecburi yasal temsiliyet, davac\u0131lar\u0131n kulland\u0131klar\u0131 diller gibi konularda b\u00f6l\u00fcnm\u00fc\u015f durumdalar. Ayn\u0131 zamanda, mevcut tek yarg\u0131\u00e7l\u0131 filtre sisteminden daha etkin bir sistem haz\u0131rlamak anlam\u0131na da gelebilir. Tek yarg\u0131\u00e7l\u0131 filtreleme sistemine ge\u00e7eli yakla\u015f\u0131k 15 ay oldu ve sonu\u00e7lar olduk\u00e7a cesaret verici diyebilirim. Bunun gibi masada olan \u00e7ok say\u0131da fikir var. Fakat iki temel zorlukla kar\u015f\u0131 kar\u015f\u0131yay\u0131z. Birincisi maddi: bildi\u011finiz gibi bir\u00e7ok Avrupa \u00fclkesinde ekonomik kriz d\u00f6nemindeyiz. Mahkemenin kaynaklar\u0131n\u0131, yarg\u0131\u00e7 ve hukuk\u00e7u say\u0131s\u0131n\u0131 kolayl\u0131kla art\u0131ramay\u0131z. \u0130kincisi ise politik: g\u00fcvenlik sorunlar\u0131n\u0131n ya\u015fand\u0131\u011f\u0131 \u00e7alkant\u0131l\u0131 d\u00f6nemlerde veya ekonomik kriz d\u00f6nemlerinde devletler \u00f6nceli\u011fi \u00f6zg\u00fcrl\u00fckler yerine ba\u015fka \u015feylere veriyorlar. Bug\u00fcn belli ba\u015fl\u0131 kayg\u0131lar\u0131m\u0131z bu y\u00f6nde.<\/p>\n<p style=\"text-align: justify;\"><strong>Bug\u00fcne kadar A\u0130HM kendi ba\u015far\u0131s\u0131n\u0131n kurban\u0131 diyorduk, \u015fimdi ekonomik krizin kurban\u0131 m\u0131 diyece\u011fiz?\u00a0<\/strong><\/p>\n<p style=\"text-align: justify;\"><span style=\"color: #993300;\"><strong>Costa:<\/strong><\/span> Jeopolitik planda \u00f6n\u00fcm\u00fczde iki olas\u0131 senaryo var: birincisi \u201cfelaket senaryosu\u201d. 1930\u2019lu y\u0131llarda ya\u015fananlar yeniden ya\u015fanabilir. \u00c7ok ciddi ekonomik ve sosyal kriz, a\u015f\u0131r\u0131 i\u015fsizlik, iktidar\u0131 ele ge\u00e7iren otoriter rejimler ve sonu\u00e7 olarak da sava\u015f. Milletler cemiyetinin \u00e7\u00f6k\u00fc\u015f\u00fc, bar\u0131\u015ftan sava\u015fa, uluslar aras\u0131 organizasyondan silahl\u0131 \u00e7at\u0131\u015fmaya ge\u00e7i\u015f. Bu felaket senaryosu. Yeniden ger\u00e7ekle\u015febilece\u011fini d\u00fc\u015f\u00fcnebiliriz, malzemesi haz\u0131r. Yine de her \u015feye ra\u011fmen uluslar aras\u0131 toplumun direnece\u011fini, bar\u0131\u015f\u0131n sava\u015fa direnece\u011fini d\u00fc\u015f\u00fcn\u00fcyorum. Ama \u015fu da bir ger\u00e7ek ki zor d\u00f6nemlerden ge\u00e7ece\u011fiz. \u00dc\u00e7 y\u0131l \u00f6nce ba\u015flayan bu krizden \u00e7\u0131kmak daha \u015f\u00fcphesiz uzun y\u0131llar alacak. Fakat felaket senaryosunun ka\u00e7\u0131n\u0131lmaz oldu\u011funu sanm\u0131yorum.<\/p>\n<p style=\"text-align: justify;\"><strong>Tam da bu ortamda Avrupa Birli\u011fi\u2019nin A\u0130HM \u00fcyeli\u011fi i\u00e7in m\u00fczakereler s\u00fcrd\u00fcr\u00fcl\u00fcyor. Bu m\u00fczakereler ne durumda? \u00dcyelik ger\u00e7ekle\u015firse A\u0130HM ve Avrupa a\u00e7\u0131s\u0131ndan neler de\u011fi\u015fecek?\u00a0<\/strong><\/p>\n<p style=\"text-align: justify;\"><span style=\"color: #993300;\"><strong>Costa:<\/strong><\/span> Bu konuda Avrupa Konseyi ile AB aras\u0131ndaki ilk m\u00fczakereler sonu\u00e7land\u0131. A\u0130HM de bu m\u00fczakerelerde g\u00f6zlemci stat\u00fcs\u00fcne sahipti. \u015eu an elimizde bir taslak \u00fcyelik belgesi var. Bu belge yak\u0131nda Avrupa Konseyi Bakanlar Komitesi\u2019ne, ard\u0131ndan da AB\u2019ye sunulacak. AB\u2019nin \u00fcyeli\u011fi konusu ilerliyor ama beklenenden daha yava\u015f ger\u00e7ekle\u015fiyor. Bu da ya baz\u0131 devletlerin \u00e7ekincelerinden ya da teknik nedenlerden kaynaklan\u0131yor.<\/p>\n<p style=\"text-align: justify;\"><strong>Hangi devletler \u00f6rne\u011fin?\u00a0<\/strong><\/p>\n<p style=\"text-align: justify;\"><span style=\"color: #993300;\"><strong>Costa:<\/strong><\/span> Somut bir \u00f6rnek verelim: AB i\u00e7in A\u0130HM\u2019de bir yarg\u0131\u00e7 gerekiyor. Bu yarg\u0131c\u0131n Avrupa Konseyi Parlamenter Meclisi (AKPM) taraf\u0131ndan se\u00e7ilmesi, Avrupa Parlamentosu\u2019nun da bu s\u00fcrece dahil edilmesi gerekiyor. Bu konuda \u00e7\u00f6z\u00fcm a\u015famas\u0131na gelindi say\u0131l\u0131r. Ancak iki zorluk var: AB\u2019yi mahkum eden kararlar ald\u0131\u011f\u0131m\u0131zda bu karar\u0131n uygulanmas\u0131yla ilgili s\u00fcre\u00e7 Avrupa Konseyi Bakanlar Komitesi \u00f6n\u00fcnde nas\u0131l ger\u00e7ekle\u015fecek? G\u00f6rd\u00fc\u011f\u00fcn\u00fcz gibi ciddi teknik sorularla kar\u015f\u0131u kar\u015f\u0131yay\u0131z.<\/p>\n<p style=\"text-align: justify;\"><strong>Sorun, Avrupa Konseyi i\u00e7inde AB \u00fcyesi olmayan \u00fclkeler bulunmas\u0131ndan m\u0131 kaynaklan\u0131yor?\u00a0<\/strong><\/p>\n<p style=\"text-align: justify;\"><span style=\"color: #993300;\"><strong>Costa:<\/strong><\/span> Evet, \u00e7o\u011funluk sorunu var. AB \u00fclkeleri Avrupa Konseyi Bakanlar Komitesi i\u00e7inde kendileri mi karar vermeliler? Avrupa Konseyi \u00fcyesi 47 devlet beraber mi karar vermeli? T\u00fcm bu teknik konular \u00e7\u00f6z\u00fcmlenemez de\u011fil ama \u00fcyelik s\u00fcrecini yava\u015flat\u0131yor. Her hal\u00fckarda zaman\u0131m\u0131z var \u00e7\u00fcnk\u00fc t\u00fcm devletlerin \u00fcyelik anla\u015fmas\u0131n\u0131 onaylamas\u0131 gerekiyor. \u015eahsen \u00fcyeli\u011fin 2-3 y\u0131ldan \u00f6nce ger\u00e7ekle\u015fece\u011fini sanm\u0131yorum. Ne de\u011fi\u015ftirecek diye soracak olursan\u0131z, bana g\u00f6re her anlamda Avrupa hukukunu sa\u011flamla\u015ft\u0131racak. \u0130ki nedenle: ilk olarak, \u00e7\u00fcnk\u00fc AB; Rusya ve T\u00fcrkiye gibi AB \u00fcyesi olmay\u0131p Avrupa Konseyi \u00fcyesi olan \u00f6nemli \u00fclkelerin mevcudiyetine ra\u011fmen, olanak, siyasi a\u011f\u0131rl\u0131k ve kaynak a\u00e7\u0131s\u0131ndan Avrupa Konseyi\u2019nin ana \u00e7ekirde\u011fini olu\u015fturuyor. Temel haklar\u0131n korunmas\u0131nda ahenk sa\u011flanmas\u0131 a\u00e7\u0131s\u0131ndan da L\u00fcksemburg Mahkemesi ile Strasbourg Mahkemesi\u2019nin birbirleriyle yak\u0131nla\u015fmas\u0131 yararl\u0131 olacakt\u0131r.<\/p>\n<p style=\"text-align: justify;\"><strong>1998\u2019de A\u0130HM\u2019nin durumu nas\u0131ld\u0131 diye sormu\u015ftum. Ayn\u0131 soruyu T\u00fcrkiye i\u00e7in tekrarlayaca\u011f\u0131m. A\u0130HM \u00f6n\u00fcnde 1998\u2019in T\u00fcrkiye\u2019si ile bug\u00fcn\u00fcn T\u00fcrkiye\u2019sini k\u0131yaslayabilir misiniz?\u00a0<\/strong><\/p>\n<p style=\"text-align: justify;\"><strong><span style=\"color: #993300;\">Costa:<\/span><\/strong> 1998 y\u0131l\u0131nda T\u00fcrkiye\u2019ye kar\u015f\u0131 ba\u015fvurular gelmeye ba\u015flam\u0131\u015ft\u0131. K\u0131br\u0131s sorunu ve diplomatik terminolojiyle G\u00fcneydo\u011fu ama aslen K\u00fcrt sorunu olmak \u00fczere iki b\u00fcy\u00fck sorun vard\u0131. K\u0131br\u0131s sorununda fazla bir ilerleme kaydedilmedi ama h\u00e2l\u00e2 bar\u0131\u015f\u00e7\u0131l \u00e7\u00f6z\u00fcm bulunaca\u011f\u0131n\u0131 \u00fcmit ediyoruz. Buna kar\u015f\u0131l\u0131k T\u00fcrkiye i\u00e7inde durum daha sakin, G\u00fcneydo\u011fu sorunu eskisi kadar vahim de\u011fil. Elbette 1998\u2019den bu yana \u00e7ok ba\u015fvuru geldi T\u00fcrkiye\u2019den. T\u00fcrkiye\u2019nin n\u00fcfusu da kalabal\u0131k, 75 milyon. Bir\u00e7ok alanda, adli planda, siyasi \u00f6zg\u00fcrl\u00fckler alan\u0131nda, bas\u0131n ve \u00f6rg\u00fctlenme \u00f6zg\u00fcrl\u00fckleri alan\u0131nda ilerlemeler kaydedildi. T\u00fcrkiye\u2019nin, \u00f6zellikle A\u0130HM\u2019nin etkisiyle ilerlemeler kaydetti\u011fini d\u00fc\u015f\u00fcn\u00fcyorum &#8211; ya da T\u00fcrkiye AB \u00fcyesi olmak istedi\u011finden \u00f6t\u00fcr\u00fc, dolayl\u0131 yoldan A\u0130HM\u2019nin etkisiyle de denilebilir. AB bildi\u011finiz gibi T\u00fcrkiye\u2019de bireysel \u00f6zg\u00fcrl\u00fckler konusuna b\u00fcy\u00fck \u00f6nem veriyor. Daha kaydedilecek bir\u00e7ok ilerleme de var elbette.<\/p>\n<p style=\"text-align: justify;\"><strong>Nedir bug\u00fcn T\u00fcrkiye\u2019nin A\u0130HM \u00f6n\u00fcndeki belli ba\u015fl\u0131 sorunlar\u0131?\u00a0<\/strong><\/p>\n<p style=\"text-align: justify;\"><strong><span style=\"color: #993300;\">Costa:<\/span><\/strong> Avrupa \u0130nsan Haklar\u0131 S\u00f6zle\u015fmesi\u2019nin ya\u015fam hakk\u0131 ve i\u015fkence ve k\u00f6t\u00fc muamelenin \u00f6nlenmesiyle ilgili maddelerini kapsayan ge\u00e7mi\u015ften kalma davalar var \u00f6rne\u011fin. Daha hukuksal planda, bas\u0131n \u00f6zg\u00fcrl\u00fc\u011f\u00fc konusunda ilerleme var dedim ama burada ini\u015fli \u00e7\u0131k\u0131\u015fl\u0131 bir ilerlemeden s\u00f6z ediyoruz. Bu konudaki ba\u015fvurularda \u00f6nemli art\u0131\u015f var. Yasal reform gerektiren m\u00fclkiyet davalar\u0131 devam ediyor. Fakat 13 y\u0131l \u00f6ncesi ile bug\u00fcn\u00fc kar\u015f\u0131la\u015ft\u0131racak olursam \u00f6nemli ilerleme kaydedildi\u011fini s\u00f6yleyebilirim. Bunda da T\u00fcrkiye\u2019nin d\u0131\u015fa a\u00e7\u0131lma kayg\u0131s\u0131n\u0131n rol oynad\u0131\u011f\u0131n\u0131 d\u00fc\u015f\u00fcn\u00fcyorum.<\/p>\n<p style=\"text-align: justify;\"><strong>T\u00fcrkiye\u2019nin yak\u0131n bir gelecekte vatanda\u015flar\u0131na Anayasa Mahkemesi\u2019ne bireysel ba\u015fvuru hakk\u0131n\u0131 tan\u0131yacak olmas\u0131n\u0131 nas\u0131l de\u011ferlendiriyorsunuz?\u00a0<\/strong><\/p>\n<p style=\"text-align: justify;\"><strong><span style=\"color: #993300;\">Costa:<\/span><\/strong> Anayasa Mahkemesi\u2019ne bireysel ba\u015fvurular bildi\u011fim kadar\u0131yla sonbahar 2012\u2019de ba\u015flayacak. Adalet Bakanl\u0131\u011f\u0131 ve Anayasa Mahkemesi bu tarih \u00f6ncesi A\u0130HM\u2019ye yarg\u0131\u00e7lar ve hukuk\u00e7ular g\u00f6ndererek bizlerin kararlar\u0131 nas\u0131l ald\u0131\u011f\u0131m\u0131z\u0131, bireysel ba\u015fvuru konusunda Avrupa \u0130nsan Haklar\u0131 S\u00f6zle\u015fmesi\u2019nin i\u00e7 hukuka yans\u0131t\u0131lmas\u0131 gereken ayr\u0131nt\u0131lar\u0131n\u0131 g\u00f6rmek istediler. Bireysel ba\u015fvuru hakk\u0131yla ilgili geli\u015fmeden \u015fahsen \u00e7ok memnunum. Fransa gibi bir\u00e7ok \u00fclke bireysel ba\u015fvuru hakk\u0131n\u0131 i\u00e7 hukuka yerle\u015ftirmeye ba\u015flad\u0131. Bu durum uzun vadede hem s\u00f6z konusu \u00fclkelerin bireyleri i\u00e7in faydal\u0131 olacak, hem de bir \u00f6n filtreleme i\u015flevi g\u00f6rerek Avrupa \u0130nsan Haklar\u0131 Mahkemesi\u2019nin i\u015f y\u00fck\u00fcn\u00fc azaltacak.<\/p>\n<p style=\"text-align: justify;\"><strong>Tunus do\u011fumlu oldu\u011funuzu biliyorum. Arap Bahar\u0131\u2019n\u0131n ba\u015flad\u0131\u011f\u0131 bu \u00fclkeyle duygusal ba\u011flar\u0131n\u0131z var. A\u0130HM Ba\u015fkan\u0131 Arap Bahar\u0131 hakk\u0131nda neler d\u00fc\u015f\u00fcn\u00fcyor?\u00a0<\/strong><\/p>\n<p style=\"text-align: justify;\"><span style=\"color: #993300;\"><strong>Costa:<\/strong><\/span> \u0130yi \u015feyler d\u00fc\u015f\u00fcn\u00fcyorum. \u0130nsan haklar\u0131 ile demokrasi aras\u0131nda ka\u00e7\u0131n\u0131lmaz ba\u011flar var. Demokrasi olmad\u0131\u011f\u0131nda bireysel haklar da ayaklar alt\u0131nda \u00e7i\u011fnenir, keyfi uygulamalar olur, k\u00f6t\u00fc muamele ve i\u015fkence g\u00f6r\u00fcrs\u00fcn\u00fcz, bas\u0131n bo\u011fazlan\u0131r, vs\u2026 Dolay\u0131s\u0131yla Arap Bahar\u0131 Tunus, M\u0131s\u0131r, Libya ve belki de yar\u0131n Suriye gibi bir\u00e7ok \u00fclkenin rahat nefes almas\u0131n\u0131 sa\u011flayacakt\u0131r. \u0130n\u015fallah ! Ben \u015fahsen Tunus ile ba\u011flar\u0131m\u0131 korudum. Son olarak 1999\u2019da gitmi\u015ftim oraya. Bin Ali iktidarda kald\u0131\u011f\u0131 s\u00fcrece bir daha gitmeyece\u011fim konusunda kendi kendime s\u00f6z de vermi\u015ftim. G\u00f6rd\u00fcklerim beni \u015foke etmi\u015fti. \u015eimdi do\u011fdu\u011fum \u00fclkeye Arap Bahar\u0131 sayesinde geri d\u00f6nebilece\u011fim.<\/p>\n<p style=\"text-align: justify;\"><a href=\"http:\/\/www.stargazete.com\/dunya\/-felaket-senaryosu--haber-394591.htm\" target=\"_blank\">Kaynak : stargazete.com<\/a><\/p>\n","protected":false},"excerpt":{"rendered":"<p style=\"text-align: center;\">\n<p style=\"text-align: justify;\">A\u0130HM Ba\u015fkan\u0131 Jean-Paul Costa\u2019n\u0131n g\u00f6rev s\u00fcresi bu ay sona eriyor. 1998 y\u0131l\u0131ndan bu yana A\u0130HM\u2019de g\u00f6rev yapan Frans\u0131z yarg\u0131\u00e7, 13 y\u0131l\u0131n bilan\u00e7osunu ntvmsnbc\u2019ye de\u011ferlendirdi. Costa\u2019ya g\u00f6re, ekonomik kriz insan haklar\u0131n\u0131 tehdit ediyor ve Avrupa\u2019n\u0131n 1930\u2019lu y\u0131llar\u0131 yeniden ya\u015fama riski var. <\/p>\n","protected":false},"author":1,"featured_media":0,"comment_status":"open","ping_status":"open","sticky":false,"template":"","format":"standard","meta":{"footnotes":""},"categories":[105],"tags":[],"class_list":["post-41849","post","type-post","status-publish","format-standard","hentry","category-gundem","odd"],"_links":{"self":[{"href":"http:\/\/www.korhanyilmaz.com\/index.php?rest_route=\/wp\/v2\/posts\/41849","targetHints":{"allow":["GET"]}}],"collection":[{"href":"http:\/\/www.korhanyilmaz.com\/index.php?rest_route=\/wp\/v2\/posts"}],"about":[{"href":"http:\/\/www.korhanyilmaz.com\/index.php?rest_route=\/wp\/v2\/types\/post"}],"author":[{"embeddable":true,"href":"http:\/\/www.korhanyilmaz.com\/index.php?rest_route=\/wp\/v2\/users\/1"}],"replies":[{"embeddable":true,"href":"http:\/\/www.korhanyilmaz.com\/index.php?rest_route=%2Fwp%2Fv2%2Fcomments&post=41849"}],"version-history":[{"count":0,"href":"http:\/\/www.korhanyilmaz.com\/index.php?rest_route=\/wp\/v2\/posts\/41849\/revisions"}],"wp:attachment":[{"href":"http:\/\/www.korhanyilmaz.com\/index.php?rest_route=%2Fwp%2Fv2%2Fmedia&parent=41849"}],"wp:term":[{"taxonomy":"category","embeddable":true,"href":"http:\/\/www.korhanyilmaz.com\/index.php?rest_route=%2Fwp%2Fv2%2Fcategories&post=41849"},{"taxonomy":"post_tag","embeddable":true,"href":"http:\/\/www.korhanyilmaz.com\/index.php?rest_route=%2Fwp%2Fv2%2Ftags&post=41849"}],"curies":[{"name":"wp","href":"https:\/\/api.w.org\/{rel}","templated":true}]}}