{"id":41839,"date":"2011-11-02T11:46:44","date_gmt":"2011-11-02T09:46:44","guid":{"rendered":"http:\/\/www.korhanyilmaz.com\/?p=41839"},"modified":"2011-11-02T12:26:34","modified_gmt":"2011-11-02T10:26:34","slug":"chp-atalayin-pesini-birakmiyor","status":"publish","type":"post","link":"http:\/\/www.korhanyilmaz.com\/?p=41839","title":{"rendered":"CHP, Atalay&#8217;\u0131n pe\u015fini b\u0131rakm\u0131yor"},"content":{"rendered":"<p style=\"text-align: center;\"><a href=\"http:\/\/www.korhanyilmaz.com\/wp-content\/uploads\/2011\/11\/3071.jpg\"  class=\"lightview\"><img loading=\"lazy\" decoding=\"async\" class=\"aligncenter  wp-image-41840\" src=\"http:\/\/www.korhanyilmaz.com\/wp-content\/uploads\/2011\/11\/3071.jpg\" alt=\"\" width=\"322\" height=\"241\" \/><\/a><\/p>\n<p style=\"text-align: justify;\">CHP Zonguldak Milletvekili Ali \u0130hsan K\u00f6kt\u00fcrk, Ba\u015fbakan Yard\u0131mc\u0131s\u0131 Be\u015fir Atalay&#8217;a, &#8220;<strong>\u0130\u015fgal etti\u011finiz koltukta oturmay\u0131 d\u00fc\u015f\u00fcn\u00fcyor musunuz<\/strong>&#8221; diye sordu.<\/p>\n<p style=\"text-align: justify;\">Ankara &#8211; CHP Zonguldak Milletvekili Ali \u0130hsan K\u00f6kt\u00fcrk, TBMM Ba\u015fkanl\u0131\u011f\u0131&#8217;na, Ba\u015fbakan Yard\u0131mc\u0131s\u0131 Be\u015fir Atalay&#8217;\u0131n yan\u0131tlamas\u0131 istemiyle soru \u00f6nergesi verdi.\u00a0<!--more--><\/p>\n<p style=\"text-align: justify;\">Atalay&#8217;\u0131n, d\u0131\u015f yard\u0131mlar\u0131n neden bekletildi\u011fine y\u00f6nelik olarak, &#8220;<span style=\"text-decoration: underline;\">Tabii \u00f6ncelikle kendi potansiyelimizi g\u00f6rmek amac\u0131yla arama kurtarma yard\u0131m ekipleri bekletildi<\/span>&#8221; \u015feklindeki s\u00f6zlerinin bas\u0131na yans\u0131d\u0131\u011f\u0131n\u0131 belirten K\u00f6kt\u00fcrk, \u015fu sorular\u0131 y\u00f6neltti:<\/p>\n<p style=\"text-align: justify;\">&#8220;Say\u0131n Ba\u015fbakan Yard\u0131mc\u0131s\u0131, yukar\u0131daki s\u00f6zleriniz do\u011frultusunda, size g\u00f6re; Van&#8217;da ger\u00e7ekle\u015fen y\u00fczlerce vatanda\u015f\u0131m\u0131z\u0131n \u00f6l\u00fcm\u00fcne neden olan ac\u0131 bir deprem midir? Yoksa potansiyelimizi g\u00f6rebilece\u011fimiz bir tatbikat m\u0131d\u0131r?<\/p>\n<p style=\"text-align: justify;\">Sizin ifadeleriniz, Say\u0131n \u00d6mer Din\u00e7er&#8217;in Zonguldak&#8217;ta 30 madencinin ya\u015fam\u0131n\u0131 yitirdi\u011fi grizu facias\u0131ndan sonra &#8216;<strong>g\u00fczel \u00f6ld\u00fcler<\/strong>&#8216; s\u00f6ylemiyle birlikte de\u011ferlendirildi\u011finde, AKP iktidar\u0131n\u0131za g\u00f6re; &#8216;<strong>insan ya\u015fam\u0131<\/strong>&#8216; neyi ifade etmektedir?<\/p>\n<p style=\"text-align: justify;\"><span style=\"text-decoration: underline;\">Bu ifadelerinizin bas\u0131na yans\u0131mas\u0131ndan sonra hala, i\u015fgal etti\u011finiz koltukta oturmay\u0131 d\u00fc\u015f\u00fcn\u00fcyor musunuz?<\/span>&#8220;<\/p>\n<p style=\"text-align: justify;\"><a href=\"http:\/\/www.cumhuriyet.com.tr\/?hn=290130&amp;kw=CHP%2C+Atalay'%FDn+pe%FEini+b%FDrakm%FDyor+\" target=\"_blank\">Kaynak : Cumhuriyet Haber Portal\u0131<\/a><\/p>\n","protected":false},"excerpt":{"rendered":"<p style=\"text-align: center;\">\n<p style=\"text-align: justify;\">CHP Zonguldak Milletvekili Ali \u0130hsan K\u00f6kt\u00fcrk, Ba\u015fbakan Yard\u0131mc\u0131s\u0131 Be\u015fir Atalay&#8217;a, &#8220;\u0130\u015fgal etti\u011finiz koltukta oturmay\u0131 d\u00fc\u015f\u00fcn\u00fcyor musunuz&#8221; diye sordu.<\/p>\n<p style=\"text-align: justify;\">Ankara &#8211; CHP Zonguldak Milletvekili Ali \u0130hsan K\u00f6kt\u00fcrk, TBMM Ba\u015fkanl\u0131\u011f\u0131&#8217;na, Ba\u015fbakan Yard\u0131mc\u0131s\u0131 Be\u015fir Atalay&#8217;\u0131n yan\u0131tlamas\u0131 istemiyle soru \u00f6nergesi verdi. <\/p>\n","protected":false},"author":1,"featured_media":0,"comment_status":"open","ping_status":"open","sticky":false,"template":"","format":"standard","meta":{"footnotes":""},"categories":[105],"tags":[],"class_list":["post-41839","post","type-post","status-publish","format-standard","hentry","category-gundem","odd"],"_links":{"self":[{"href":"http:\/\/www.korhanyilmaz.com\/index.php?rest_route=\/wp\/v2\/posts\/41839","targetHints":{"allow":["GET"]}}],"collection":[{"href":"http:\/\/www.korhanyilmaz.com\/index.php?rest_route=\/wp\/v2\/posts"}],"about":[{"href":"http:\/\/www.korhanyilmaz.com\/index.php?rest_route=\/wp\/v2\/types\/post"}],"author":[{"embeddable":true,"href":"http:\/\/www.korhanyilmaz.com\/index.php?rest_route=\/wp\/v2\/users\/1"}],"replies":[{"embeddable":true,"href":"http:\/\/www.korhanyilmaz.com\/index.php?rest_route=%2Fwp%2Fv2%2Fcomments&post=41839"}],"version-history":[{"count":0,"href":"http:\/\/www.korhanyilmaz.com\/index.php?rest_route=\/wp\/v2\/posts\/41839\/revisions"}],"wp:attachment":[{"href":"http:\/\/www.korhanyilmaz.com\/index.php?rest_route=%2Fwp%2Fv2%2Fmedia&parent=41839"}],"wp:term":[{"taxonomy":"category","embeddable":true,"href":"http:\/\/www.korhanyilmaz.com\/index.php?rest_route=%2Fwp%2Fv2%2Fcategories&post=41839"},{"taxonomy":"post_tag","embeddable":true,"href":"http:\/\/www.korhanyilmaz.com\/index.php?rest_route=%2Fwp%2Fv2%2Ftags&post=41839"}],"curies":[{"name":"wp","href":"https:\/\/api.w.org\/{rel}","templated":true}]}}