{"id":41829,"date":"2011-11-01T23:25:03","date_gmt":"2011-11-01T21:25:03","guid":{"rendered":"http:\/\/www.korhanyilmaz.com\/?p=41829"},"modified":"2011-11-02T10:27:39","modified_gmt":"2011-11-02T08:27:39","slug":"avrupaya-cok-sert-pkk-uyarisi","status":"publish","type":"post","link":"http:\/\/www.korhanyilmaz.com\/?p=41829","title":{"rendered":"Avrupa&#8217;ya \u00e7ok sert PKK uyar\u0131s\u0131"},"content":{"rendered":"<p style=\"text-align: center;\"><a href=\"http:\/\/www.korhanyilmaz.com\/wp-content\/uploads\/2011\/11\/3069.jpg\"  class=\"lightview\"><img loading=\"lazy\" decoding=\"async\" class=\"aligncenter  wp-image-41830\" src=\"http:\/\/www.korhanyilmaz.com\/wp-content\/uploads\/2011\/11\/3069.jpg\" alt=\"\" width=\"307\" height=\"236\" \/><\/a><\/p>\n<p style=\"text-align: justify;\">Ba\u015fbakan Erdo\u011fan, &#8220;Avrupal\u0131 dostlar\u0131m\u0131z\u0131n \u00f6n\u00fcne dosyalar\u0131 koydu\u011fumuzda, tek tek isimleri, dernekleri, yay\u0131n kurulu\u015flar\u0131n\u0131, aktar\u0131lan para miktarlar\u0131n\u0131 koydu\u011fumuzda, bize bahaneler \u00fcretiyorlar. Siz o bahaneleri art\u0131k bize de\u011fil, e\u011fer izah edebiliyorsan\u0131z, \u00f6nce kendi vicdan\u0131n\u0131za izah edin&#8221; dedi.\u00a0<!--more--><\/p>\n<p style=\"text-align: justify;\">Erdo\u011fan, Almanya&#8217;ya g\u00f6\u00e7\u00fcn 50. y\u0131l\u0131 nedeniyle Ba\u015fbakanl\u0131k Yurtd\u0131\u015f\u0131 T\u00fcrkler ve Akraba Topluluklar Ba\u015fkanl\u0131\u011f\u0131&#8217;n\u0131n Tempodrom&#8217;da ger\u00e7ekle\u015ftirdi\u011fi, &#8220;G\u00f6\u00e7 Sempozyumu&#8221;nun gala yeme\u011fine kat\u0131ld\u0131.<\/p>\n<p style=\"text-align: justify;\">Ba\u015fbakan Erdo\u011fan, e\u015fi Emine Erdo\u011fan, ba\u015fbakan yard\u0131mc\u0131lar\u0131 Ali Babacan ve Bekir Bozda\u011f, AB Bakan\u0131 ve Ba\u015fm\u00fczakareci Egemen Ba\u011f\u0131\u015f, Maliye Bakan\u0131 Mehmet \u015eim\u015fek ile AK Parti Genel Ba\u015fkan Yard\u0131mc\u0131s\u0131 \u00d6mer \u00c7elik&#8217;in de kat\u0131ld\u0131\u011f\u0131 yemekte yapt\u0131\u011f\u0131 konu\u015fmada, Berlin&#8217;de T\u00fcrk vatanda\u015flar\u0131 ve kat\u0131l\u0131mc\u0131larla birlikte olmaktan duydu\u011fu memnuniyeti dile getiren Ba\u015fbakan Erdo\u011fan, konu\u015fmas\u0131n\u0131n ba\u015f\u0131nda Van depreminde hayat\u0131n\u0131 kaybeden vatanda\u015flara Allah&#8217;tan rahmet diledi.<\/p>\n<p style=\"text-align: justify;\"><strong>&#8220;Solingen sald\u0131r\u0131s\u0131n\u0131n ma\u011fdurlar\u0131 da aram\u0131zda&#8221;\u00a0<\/strong><\/p>\n<p style=\"text-align: justify;\">Sadece T\u00fcrkiye&#8217;de de\u011fil, Berlin&#8217;deki, Hamburg&#8217;taki, \u015etutgart&#8217;taki, M\u00fcnih&#8217;teki, Almanya&#8217;n\u0131n ve Avrupa&#8217;n\u0131n t\u00fcm \u015fehirlerindeki T\u00fcrk vatanda\u015flar\u0131n\u0131n da bu sars\u0131nt\u0131y\u0131 y\u00fcreklerinde hissettiklerini belirten Erdo\u011fan, Van depremiyle birlikte karde\u015fli\u011fin, uhuvvetin ve muhabbetin daha bir g\u00fc\u00e7lendi\u011fini, peki\u015fti\u011fini ifade etti.<\/p>\n<p style=\"text-align: justify;\">Ba\u015fbakan Erdo\u011fan, \u015funlar\u0131 s\u00f6yledi: &#8220;Nifak tohumlar\u0131 ekmeye, aziz milletimizin evlatlar\u0131n\u0131 birbirine d\u00fc\u015f\u00fcrmeye, aram\u0131za ayr\u0131mc\u0131l\u0131k sokmaya \u00e7al\u0131\u015fan \u015fer odaklar\u0131, Van depremiyle birlikte nas\u0131l beyhude bir \u00e7aba i\u00e7inde olduklar\u0131n\u0131 bir kez daha g\u00f6rd\u00fcler. Deprem sonras\u0131 ortaya koydu\u011fumuz yard\u0131mla\u015fma ve dayan\u0131\u015fma g\u00f6sterdi ki milletimiz tek y\u00fcrektir, tek nefestir. Ter\u00f6r sald\u0131r\u0131s\u0131 sonras\u0131nda ortaya \u00e7\u0131kan toplumsal tepki g\u00f6sterdi ki milletimiz birdir, b\u00fct\u00fcnd\u00fcr, s\u0131k\u0131 s\u0131k\u0131ya birbirine kenetlenmi\u015ftir.<\/p>\n<p style=\"text-align: justify;\">\u015eundan l\u00fctfen emin olunuz; bug\u00fcn burada, aram\u0131zda, Solingen sald\u0131r\u0131s\u0131n\u0131n ma\u011fdurlar\u0131, Mevl\u00fcde ve Durmu\u015f Gen\u00e7 karde\u015flerimiz var&#8230; Solingen&#8217;in ac\u0131s\u0131, s\u0131z\u0131s\u0131, nas\u0131l 74 milyonun y\u00fcre\u011fine ate\u015f sald\u0131ysa, biliniz ki T\u00fcrkiye&#8217;de ya\u015fanan her ac\u0131 da buradaki karde\u015flerimizin y\u00fcre\u011finde ayn\u0131 derecede yank\u0131 buluyor. \u00c7\u00fcnk\u00fc biz ayn\u0131 kaderi payla\u015f\u0131yoruz. Biz ayn\u0131 topraklar\u0131n, ayn\u0131 medeniyetin, ayn\u0131 k\u00fclt\u00fcr\u00fcn ve ayn\u0131 inanc\u0131n mensuplar\u0131y\u0131z. \u00c7\u00fcnk\u00fc biz dostuz, biz akrabay\u0131z, biz karde\u015fiz.<\/p>\n<p style=\"text-align: justify;\">Biz, sadece ayn\u0131 topraklar \u00fczerinde ya\u015fayan de\u011fil; kalbi ayn\u0131 anda atan, y\u00fcz\u00fc ayn\u0131 y\u00f6ne bakan, ayn\u0131 ay-y\u0131ld\u0131zl\u0131 bayra\u011f\u0131n alt\u0131nda toplanm\u0131\u015f bir milletiz. \u00c7ok a\u00e7\u0131k s\u00f6yl\u00fcyorum; bu milletin birli\u011fini, dirli\u011fini, beraberli\u011fini ve karde\u015fli\u011fini hafife alanlar, bug\u00fcne kadar hep kaybettiler, bundan sonra da kaybetmeye mahkumlar. Hi\u00e7bir \u00f6rg\u00fct, hi\u00e7bir \u00e7aba, hi\u00e7bir sald\u0131r\u0131 bu milletin karde\u015fli\u011fini sarsmayacak, sarsamayacakt\u0131r.&#8221;<\/p>\n<p style=\"text-align: justify;\"><strong>PKK&#8217;n\u0131n sald\u0131r\u0131lar\u0131\u00a0<\/strong><\/p>\n<p style=\"text-align: justify;\">Ba\u015fbakan Erdo\u011fan, burada yapt\u0131\u011f\u0131 konu\u015fmada, ter\u00f6r sald\u0131r\u0131lar\u0131na de\u011findi.<\/p>\n<p style=\"text-align: justify;\">Bir ay \u00f6nce, Batman&#8217;da ter\u00f6ristlerin, sa\u011fa sola rastgele ate\u015f a\u00e7t\u0131klar\u0131n\u0131 belirten Erdo\u011fan, 4 ya\u015f\u0131ndaki Sultan&#8217;\u0131n, ter\u00f6ristlerin kur\u015funlar\u0131na hedef oldu\u011funu ve g\u00f6zlerini hayata yumdu\u011funu ifade etti. Erdo\u011fan, Sultan&#8217;\u0131n annesinin de ayn\u0131 \u015fekilde ter\u00f6r\u00fcn hedefi oldu\u011funu ve umutlar\u0131n\u0131 geride b\u0131rakarak Hakk&#8217;a y\u00fcr\u00fcd\u00fc\u011f\u00fcn\u00fc dile getirdi.<\/p>\n<p style=\"text-align: justify;\">Anne karn\u0131ndaki 8 ayl\u0131k bebe\u011fin de daha g\u00f6zlerini d\u00fcnyaya a\u00e7madan, daha ismi bile konulmadan, daha a\u011flayamadan ve g\u00fclemeden ter\u00f6rle tan\u0131\u015ft\u0131\u011f\u0131n\u0131 kaydeden Ba\u015fbakan Erdo\u011fan, \u015f\u00f6yle konu\u015ftu: &#8220;Bu insanl\u0131k d\u0131\u015f\u0131 sald\u0131r\u0131n\u0131n tek sorumlusu ter\u00f6r \u00f6rg\u00fct\u00fc de\u011fildir! O teti\u011fi \u00e7eken ve \u00e7ektiren kanl\u0131 ma\u015falar kadar, ter\u00f6r \u00f6rg\u00fct\u00fcne destek sa\u011flayanlar, \u00f6rg\u00fct\u00fcn s\u0131rt\u0131n\u0131 s\u0131vazlayanlar, \u00f6rg\u00fcte maddi, manevi destek sa\u011flayanlar da o do\u011fmam\u0131\u015f bebe\u011fin katledilmesinden en az ter\u00f6r \u00f6rg\u00fct\u00fc kadar sorumludurlar. A\u00e7\u0131k s\u00f6yl\u00fcyorum, ter\u00f6rle m\u00fccadele bir \u00fclkenin veya bir milletin meselesi de\u011fildir; insani de\u011ferlere inanan herkesin sorumlulu\u011fudur. Ter\u00f6r \u00f6rg\u00fctlerine g\u00f6z yumanlar, ter\u00f6r\u00fcn kanl\u0131 y\u00fcz\u00fcne ortak olurlar. T\u00fcrkiye&#8217;ye ter\u00f6rle m\u00fccadelede gereken deste\u011fi vermeyen ama insan haklar\u0131 nutku atanlara soruyorum; vah\u015fice katledilen 4 ya\u015f\u0131ndaki Sultan&#8217;dan haberiniz var m\u0131? Bize g\u00fcya demokrasi dersi verenlere soruyorum; umutlar\u0131yla vefat eden Anne Mizgin Doru&#8217;dan haberiniz var m\u0131?<\/p>\n<p style=\"text-align: justify;\"><strong>Merkel&#8217;e de iletecek\u00a0<\/strong><\/p>\n<p style=\"text-align: justify;\">Ter\u00f6r \u00f6rg\u00fct\u00fcn\u00fcn faaliyetlerine, yay\u0131nlar\u0131na, derneklerine, para toplamas\u0131na g\u00f6z yumanlara, su\u00e7lular\u0131n elini kolunu sallayarak dola\u015fmas\u0131na g\u00f6z yumanlara sesleniyorum; anne karn\u0131nda \u00f6ld\u00fcr\u00fclen 8 ayl\u0131k bebeden haberiniz var m\u0131? Avrupal\u0131 dostlar\u0131m\u0131z\u0131n \u00f6n\u00fcne dosyalar\u0131 koydu\u011fumuzda, tek tek isimleri, dernekleri, yay\u0131n kurulu\u015flar\u0131n\u0131, aktar\u0131lan para miktarlar\u0131n\u0131 koydu\u011fumuzda, bize bahaneler \u00fcretiyorlar. Siz o bahaneleri art\u0131k bize de\u011fil, art\u0131k Batman&#8217;da \u00f6ld\u00fcr\u00fclen masum yavrulara de\u011fil, e\u011fer izah edebiliyorsan\u0131z, \u00f6nce kendi vicdan\u0131n\u0131za izah edin. Ter\u00f6r \u00f6rg\u00fct\u00fcne g\u00f6sterilen m\u00fcsamahan\u0131n, T\u00fcrkiye&#8217;de nas\u0131l kanl\u0131 eylemlere d\u00f6n\u00fc\u015ft\u00fc\u011f\u00fc art\u0131k daha iyi g\u00f6r\u00fclmelidir. B\u00fct\u00fcn bu g\u00f6r\u00fc\u015flerimizi in\u015fallah yar\u0131n mevkida\u015f\u0131m Say\u0131n \u015eans\u00f6lye Merkel&#8217;e de bir kez daha iletece\u011fiz.&#8221;<\/p>\n<p style=\"text-align: justify;\"><a href=\"http:\/\/www.cnnturk.com\/2011\/dunya\/11\/01\/avrupaya.cok.sert.pkk.uyarisi\/635317.0\/index.html\" target=\"_blank\">Kaynak : CNN T\u00dcRK<\/a><\/p>\n","protected":false},"excerpt":{"rendered":"<p style=\"text-align: center;\">\n<p style=\"text-align: justify;\">Ba\u015fbakan Erdo\u011fan, &#8220;Avrupal\u0131 dostlar\u0131m\u0131z\u0131n \u00f6n\u00fcne dosyalar\u0131 koydu\u011fumuzda, tek tek isimleri, dernekleri, yay\u0131n kurulu\u015flar\u0131n\u0131, aktar\u0131lan para miktarlar\u0131n\u0131 koydu\u011fumuzda, bize bahaneler \u00fcretiyorlar. Siz o bahaneleri art\u0131k bize de\u011fil, e\u011fer izah edebiliyorsan\u0131z, \u00f6nce kendi vicdan\u0131n\u0131za izah edin&#8221; dedi. <\/p>\n","protected":false},"author":1,"featured_media":0,"comment_status":"open","ping_status":"open","sticky":false,"template":"","format":"standard","meta":{"footnotes":""},"categories":[105],"tags":[],"class_list":["post-41829","post","type-post","status-publish","format-standard","hentry","category-gundem","odd"],"_links":{"self":[{"href":"http:\/\/www.korhanyilmaz.com\/index.php?rest_route=\/wp\/v2\/posts\/41829","targetHints":{"allow":["GET"]}}],"collection":[{"href":"http:\/\/www.korhanyilmaz.com\/index.php?rest_route=\/wp\/v2\/posts"}],"about":[{"href":"http:\/\/www.korhanyilmaz.com\/index.php?rest_route=\/wp\/v2\/types\/post"}],"author":[{"embeddable":true,"href":"http:\/\/www.korhanyilmaz.com\/index.php?rest_route=\/wp\/v2\/users\/1"}],"replies":[{"embeddable":true,"href":"http:\/\/www.korhanyilmaz.com\/index.php?rest_route=%2Fwp%2Fv2%2Fcomments&post=41829"}],"version-history":[{"count":0,"href":"http:\/\/www.korhanyilmaz.com\/index.php?rest_route=\/wp\/v2\/posts\/41829\/revisions"}],"wp:attachment":[{"href":"http:\/\/www.korhanyilmaz.com\/index.php?rest_route=%2Fwp%2Fv2%2Fmedia&parent=41829"}],"wp:term":[{"taxonomy":"category","embeddable":true,"href":"http:\/\/www.korhanyilmaz.com\/index.php?rest_route=%2Fwp%2Fv2%2Fcategories&post=41829"},{"taxonomy":"post_tag","embeddable":true,"href":"http:\/\/www.korhanyilmaz.com\/index.php?rest_route=%2Fwp%2Fv2%2Ftags&post=41829"}],"curies":[{"name":"wp","href":"https:\/\/api.w.org\/{rel}","templated":true}]}}