{"id":41824,"date":"2011-11-02T09:20:05","date_gmt":"2011-11-02T07:20:05","guid":{"rendered":"http:\/\/www.korhanyilmaz.com\/?p=41824"},"modified":"2011-11-02T10:23:05","modified_gmt":"2011-11-02T08:23:05","slug":"gulun-maasi-335-bin-tl-olacak","status":"publish","type":"post","link":"http:\/\/www.korhanyilmaz.com\/?p=41824","title":{"rendered":"G\u00fcl&#8217;\u00fcn maa\u015f\u0131 33,5 bin TL olacak"},"content":{"rendered":"<p style=\"text-align: center;\"><a href=\"http:\/\/www.korhanyilmaz.com\/wp-content\/uploads\/2011\/11\/3068.jpg\"  class=\"lightview\"><img loading=\"lazy\" decoding=\"async\" class=\"aligncenter  wp-image-41825\" src=\"http:\/\/www.korhanyilmaz.com\/wp-content\/uploads\/2011\/11\/3068.jpg\" alt=\"\" width=\"307\" height=\"236\" \/><\/a><\/p>\n<p style=\"text-align: justify;\">Cumhurba\u015fkan\u0131 Abdullah G\u00fcl&#8217;\u00fcn bu y\u0131l 30 bin 800 lira olan br\u00fct maa\u015f\u0131, 2012 y\u0131l\u0131 i\u00e7in 33 bin 500 liraya \u00e7\u0131kar\u0131ld\u0131.<\/p>\n<p style=\"text-align: justify;\">Cumhurba\u015fkanl\u0131\u011f\u0131&#8217;n\u0131n 138 milyon 700 bin lira olan 2012 b\u00fct\u00e7esi d\u00fcn TBMM Plan B\u00fct\u00e7e Komisyonu&#8217;nda g\u00f6r\u00fc\u015f\u00fclerek kabul edildi.<!--more--><\/p>\n<p style=\"text-align: justify;\">B\u00fct\u00e7enin 402 bin liras\u0131 G\u00fcl&#8217;\u00fcn maa\u015f\u0131 i\u00e7in ayr\u0131l\u0131rken, 36 milyon liras\u0131 personel maa\u015flar\u0131nda, 44 milyon liras\u0131 mal ve hizmet al\u0131m\u0131nda, 52 milyon liras\u0131 yat\u0131r\u0131m harcamalar\u0131nda kullan\u0131lacak.<\/p>\n<p style=\"text-align: justify;\">MHP Antalya Milletvekili Mehmet G\u00fcnal komisyonda, &#8220;Cumhurba\u015fkan\u0131 de\u011fi\u015fti\u011finde b\u00fcy\u00fck tadilatlar normaldi. Ama sonraki y\u0131llarda ne yat\u0131r\u0131m\u0131 yap\u0131l\u0131yor? Bu paralar nereye gidiyor? Y\u0131llard\u0131r soruyorum, cevap alam\u0131yorum&#8221; dedi.<\/p>\n<p style=\"text-align: justify;\"><strong>H\u00fck\u00fcmeti kurtar\u0131yor\u00a0<\/strong><\/p>\n<p style=\"text-align: justify;\">CHP \u0130stanbul Milletvekili Ayd\u0131n Ayayd\u0131n da, &#8220;Say\u0131n Cumhurba\u015fkan\u0131 sadece iktidar\u0131n de\u011fil bizlerin de Silivri Cezaevi&#8217;ndeki Say\u0131n Balbay&#8217;\u0131n da Say\u0131n Haberal&#8217;\u0131n da KCK tutuklusu milletvekillerinin de Cumhurba\u015fkan\u0131d\u0131r. Say\u0131n Cumhurba\u015fkan\u0131&#8217;n\u0131n tav\u0131rlar\u0131nda tarafs\u0131zl\u0131\u011f\u0131 ve kapsay\u0131c\u0131l\u0131\u011f\u0131 g\u00f6remiyoruz. Atamalar\u0131nda, sadakat, yak\u0131nl\u0131k ve hem\u015feri kriterlerine g\u00f6re hareket ediyor. Say\u0131n Cumhurba\u015fkan\u0131 AKP ile ayn\u0131 havuza su ta\u015f\u0131yor&#8221; diye konu\u015ftu.<\/p>\n<p style=\"text-align: justify;\">MHP Manisa Milletvekili Erkan Ak\u00e7ay da, &#8220;Say\u0131n Cumhurba\u015fkan\u0131 her Meclis a\u00e7\u0131l\u0131\u015f\u0131ndaki konu\u015fmas\u0131nda neredeyse h\u00fck\u00fcmet program\u0131ndan pasajlar okuyor. Say\u0131n Cumhurba\u015fkan\u0131 bazen devleti temsil etti\u011fini unutuyor mu?&#8221; dedi.<\/p>\n<p style=\"text-align: justify;\"><strong>\u00d6nc\u00fc, vizyoner, yap\u0131c\u0131\u00a0<\/strong><\/p>\n<p style=\"text-align: justify;\">Cumhurba\u015fkanl\u0131\u011f\u0131 Genel Sekreteri Mustafa \u0130sen ise, G\u00fcl&#8217;\u00fcn 4 y\u0131lda 89 yurtd\u0131\u015f\u0131 gezi yapt\u0131\u011f\u0131n\u0131 belirterek, \u015funlar\u0131 s\u00f6yledi: &#8220;\u00dclkemizin bu tarihi y\u00fcr\u00fcy\u00fc\u015f\u00fcnde Say\u0131n Cumhurba\u015fkan\u0131m\u0131z \u00f6nc\u00fc, vizyoner ve yap\u0131c\u0131 ki\u015fili\u011fiyle yo\u011fun bir tempo i\u00e7inde durup dinlenmeden, ulusal ve uluslararas\u0131 \u00f6l\u00e7ekte \u00e7al\u0131\u015fmalar\u0131n\u0131 s\u00fcrd\u00fcrmektedir.&#8221;<\/p>\n<p style=\"text-align: justify;\"><a href=\"http:\/\/www.cnnturk.com\/2011\/ekonomi\/genel\/11\/02\/gulun.maasi.33.5.bin.tl.olacak\/635348.0\/index.html\" target=\"_blank\">Kaynak : CNN T\u00dcRK<\/a><\/p>\n","protected":false},"excerpt":{"rendered":"<p style=\"text-align: center;\">\n<p style=\"text-align: justify;\">Cumhurba\u015fkan\u0131 Abdullah G\u00fcl&#8217;\u00fcn bu y\u0131l 30 bin 800 lira olan br\u00fct maa\u015f\u0131, 2012 y\u0131l\u0131 i\u00e7in 33 bin 500 liraya \u00e7\u0131kar\u0131ld\u0131.<\/p>\n<p style=\"text-align: justify;\">Cumhurba\u015fkanl\u0131\u011f\u0131&#8217;n\u0131n 138 milyon 700 bin lira olan 2012 b\u00fct\u00e7esi d\u00fcn TBMM Plan B\u00fct\u00e7e Komisyonu&#8217;nda g\u00f6r\u00fc\u015f\u00fclerek kabul edildi.<\/p>\n","protected":false},"author":1,"featured_media":0,"comment_status":"open","ping_status":"open","sticky":false,"template":"","format":"standard","meta":{"footnotes":""},"categories":[105],"tags":[],"class_list":["post-41824","post","type-post","status-publish","format-standard","hentry","category-gundem","odd"],"_links":{"self":[{"href":"http:\/\/www.korhanyilmaz.com\/index.php?rest_route=\/wp\/v2\/posts\/41824","targetHints":{"allow":["GET"]}}],"collection":[{"href":"http:\/\/www.korhanyilmaz.com\/index.php?rest_route=\/wp\/v2\/posts"}],"about":[{"href":"http:\/\/www.korhanyilmaz.com\/index.php?rest_route=\/wp\/v2\/types\/post"}],"author":[{"embeddable":true,"href":"http:\/\/www.korhanyilmaz.com\/index.php?rest_route=\/wp\/v2\/users\/1"}],"replies":[{"embeddable":true,"href":"http:\/\/www.korhanyilmaz.com\/index.php?rest_route=%2Fwp%2Fv2%2Fcomments&post=41824"}],"version-history":[{"count":0,"href":"http:\/\/www.korhanyilmaz.com\/index.php?rest_route=\/wp\/v2\/posts\/41824\/revisions"}],"wp:attachment":[{"href":"http:\/\/www.korhanyilmaz.com\/index.php?rest_route=%2Fwp%2Fv2%2Fmedia&parent=41824"}],"wp:term":[{"taxonomy":"category","embeddable":true,"href":"http:\/\/www.korhanyilmaz.com\/index.php?rest_route=%2Fwp%2Fv2%2Fcategories&post=41824"},{"taxonomy":"post_tag","embeddable":true,"href":"http:\/\/www.korhanyilmaz.com\/index.php?rest_route=%2Fwp%2Fv2%2Ftags&post=41824"}],"curies":[{"name":"wp","href":"https:\/\/api.w.org\/{rel}","templated":true}]}}