{"id":41819,"date":"2011-11-01T17:06:41","date_gmt":"2011-11-01T15:06:41","guid":{"rendered":"http:\/\/www.korhanyilmaz.com\/?p=41819"},"modified":"2011-11-01T19:32:04","modified_gmt":"2011-11-01T17:32:04","slug":"kutlamayi-yasakladin-kosa-kosa-dugune-gittin","status":"publish","type":"post","link":"http:\/\/www.korhanyilmaz.com\/?p=41819","title":{"rendered":"&#8220;Kutlamay\u0131 yasaklad\u0131n ko\u015fa ko\u015fa d\u00fc\u011f\u00fcne gittin&#8221;"},"content":{"rendered":"<p style=\"text-align: center;\"><a href=\"http:\/\/www.korhanyilmaz.com\/wp-content\/uploads\/2011\/11\/3067.jpg\"  class=\"lightview\"><img loading=\"lazy\" decoding=\"async\" class=\"aligncenter  wp-image-41820\" src=\"http:\/\/www.korhanyilmaz.com\/wp-content\/uploads\/2011\/11\/3067.jpg\" alt=\"\" width=\"359\" height=\"220\" \/><\/a><\/p>\n<p style=\"text-align: justify;\">CHP Genel Ba\u015fkan\u0131 Kemal K\u0131l\u0131\u00e7daro\u011flu, Cumhuriyet Bayram\u0131 t\u00f6renlerinin iptal edilmesine, &#8220;Yasaklad\u0131lar, ondan sonra ko\u015fa ko\u015fa d\u00fc\u011f\u00fcnlere gittiler, bunlar\u0131n anlay\u0131\u015f\u0131 bu, milleti kand\u0131racaklar\u0131n\u0131 san\u0131yorlar. Senin maskeni indirece\u011fim. Cumhuriyeti yasaklad\u0131n ko\u015fa ko\u015fa d\u00fc\u011f\u00fcnlere gittin&#8221; dedi.<!--more--><\/p>\n<p style=\"text-align: justify;\">Ankara- Partisinin grup toplant\u0131s\u0131nda konu\u015fan CHP Genel Ba\u015fkan\u0131 Kemal K\u0131l\u0131\u00e7daro\u011flu, 29 Ekim Cumhuriyet Bayram\u0131 t\u00f6renlerinin iptal edilmesini de\u011ferlendirdi.<\/p>\n<p style=\"text-align: justify;\">&#8216;Kapal\u0131 kap\u0131lar ard\u0131nda belki i\u00e7ki i\u00e7ebilirsin, elindeki kadehi gizleyebilirsin&#8217;<\/p>\n<p style=\"text-align: justify;\">&#8220;Biz resepsiyonlar\u0131 niye iptal ettiniz diye ele\u015ftirmedik&#8221; diyen CHP Genel Ba\u015fkan\u0131, &#8220;Birisi kalkm\u0131\u015f diyor ki, &#8216;ne demek efendim resepsiyonda elimize kadeh alacak Cumhuriyeti \u00f6yle mi kutlayaca\u011f\u0131z&#8217; diyor. Senin Cumhuriyet anlay\u0131\u015f\u0131n buysa biz o anlay\u0131\u015fa kar\u015f\u0131y\u0131z. Kapal\u0131 kap\u0131lar ard\u0131nda belki i\u00e7ki i\u00e7ebilirsin, elindeki kadehi gizleyebilirsin ama Cumhuriyeti gizleyemezsin. Cumhuriyete sonuna kadar sahip \u00e7\u0131kaca\u011f\u0131z&#8221; dedi.<\/p>\n<p style=\"text-align: justify;\"><strong>&#8216;Yasaklad\u0131lar, ko\u015fa ko\u015fa d\u00fc\u011f\u00fcnlere gittiler&#8217;\u00a0<\/strong><\/p>\n<p style=\"text-align: justify;\">&#8220;Senin maskeni indirece\u011fim. Cumhuriyeti yasaklad\u0131n ko\u015fa ko\u015fa d\u00fc\u011f\u00fcnlere gittin&#8221; diyerek tepkisini dile getiren K\u0131l\u0131\u00e7daro\u011flu, \u015f\u00f6yle dedi: &#8220;Bizim ele\u015ftirdi\u011fimiz siz Cumhuriyeti okullarda niye yasakl\u0131yorsunuz. \u00d6\u011frenci \u015fiir okuyacak, vay efendim yasak. \u00c7ocuklar Cumhuriyeti kutlayacak, siz bunu yasakl\u0131yorsunuz, neyi yasaklad\u0131\u011f\u0131n\u0131z\u0131n fark\u0131nda m\u0131s\u0131n\u0131z, biz bunu ele\u015ftiriyoruz. Bunu yasaklad\u0131lar, ondan sonra ko\u015fa ko\u015fa d\u00fc\u011f\u00fcnlere gittiler, bunlar\u0131n anlay\u0131\u015f\u0131 bu, milleti kand\u0131racaklar\u0131n\u0131 san\u0131yorlar. Senin maskeni indirece\u011fim. Cumhuriyeti yasaklad\u0131n ko\u015fa ko\u015fa d\u00fc\u011f\u00fcnlere gittin. Adama sormazlar\u0131 m\u0131 bu ikiy\u00fczl\u00fcl\u00fck nedir? Bu riya nedir? Yasaklad\u0131ysan evinde otur o zaman? D\u00fc\u011f\u00fcnde dernekte senin ne i\u015fin var, vatanda\u015fa gelince yasak, d\u00fc\u011f\u00fcne derne\u011fe gelince ko\u015fa ko\u015fa gidersin. Bunlar\u0131n Cumhuriyet anlay\u0131\u015f\u0131 bu, bunu \u015fiddetle reddediyorum.&#8221;<\/p>\n<p style=\"text-align: justify;\"><strong>&#8216;Niye Genelkurmay Ba\u015fkan\u0131&#8217;n\u0131n arkas\u0131na saklan\u0131yorsun?&#8217;\u00a0<\/strong><\/p>\n<p style=\"text-align: justify;\">CHP Genel Ba\u015fkan\u0131, &#8220;Diyor ki, biz bu karar\u0131 Genelkurmay Ba\u015fkan\u0131m\u0131zla beraber ald\u0131k. Genelkurmay Ba\u015fkan\u0131 senin onay makam\u0131n m\u0131? Sen niye Genelkurmay Ba\u015fkan\u0131&#8217;n\u0131n arkas\u0131na saklan\u0131yorsun. Sen Ba\u015fbakan de\u011fil misin&#8221; diye sordu.<\/p>\n<p style=\"text-align: justify;\">24 askerin \u015fehit olmas\u0131n\u0131n ard\u0131ndan Meclis&#8217;te AKP&#8217;nin iste\u011fi \u00fczerine gizli g\u00f6r\u00fc\u015fme yap\u0131ld\u0131\u011f\u0131n\u0131 belirten CHP Genel Ba\u015fkan\u0131, ilk g\u00f6r\u00fc\u015fmeye Ba\u015fbakan&#8217;\u0131n kat\u0131lmad\u0131\u011f\u0131n\u0131 hat\u0131rlatt\u0131. \u0130kinci g\u00f6r\u00fc\u015fmeye Ba\u015fbakan&#8217;\u0131n kat\u0131laca\u011f\u0131n\u0131n ifade edildi\u011fini kaydeden CHP Genel Ba\u015fkan\u0131, &#8220;Genel g\u00f6r\u00fc\u015fmenin ikinci b\u00f6l\u00fcm\u00fc yap\u0131ld\u0131, Say\u0131n Ba\u015fbakan yine ortal\u0131kta yok. Buradan soruyorum, ter\u00f6r 30-35 y\u0131ld\u0131r T\u00fcrkiye&#8217;nin g\u00fcndeminde. T\u00fcrkiye&#8217;nin en kronik sorunlar\u0131ndan birisi. Parlamentoya gelmeyip, ka\u00e7an da sensin. Parlamentodan ka\u00e7an bir Ba\u015fbakan olabilir mi? Parlamentoya hesap vermekten korkan bir Ba\u015fbakan olabilir mi&#8221; diye sordu.<\/p>\n<p style=\"text-align: justify;\"><strong>&#8216;S\u0131f\u0131r ter\u00f6rle devralacaks\u0131n, \u00fclkeyi 10 y\u0131lda kan g\u00f6l\u00fcne \u00e7evireceksin&#8217;\u00a0<\/strong><\/p>\n<p style=\"text-align: justify;\">&#8220;Senin dinlemeye niyetin yok, bu sorunu \u00e7\u00f6zmeye niyetin yok. Ter\u00f6r gibi bir konuda h\u00fck\u00fcmet program\u0131nda bir c\u00fcmle olmazsa, sen kimle u\u011fra\u015facaks\u0131n, ter\u00f6r\u00fc nas\u0131l sonland\u0131racaks\u0131n?&#8221; diye soran CHP Genel Ba\u015fkan\u0131, \u015f\u00f6yle dedi: &#8220;S\u0131f\u0131r ter\u00f6rle devralacaks\u0131n \u00fclkeyi 10 y\u0131lda kan g\u00f6l\u00fcne \u00e7evireceksin bu \u00fclkeyi ondan sonra se\u00e7im s\u0131ras\u0131nda kendi \u00f6zel temsilcini g\u00f6ndereceksin, sayg\u0131lar\u0131n\u0131 sunacaks\u0131n, ter\u00f6r yapmas\u0131nlar biz se\u00e7ime gidiyoruz diyeceksin, arkas\u0131ndan da milletin gaz\u0131n\u0131 alay\u0131m diye Meclis&#8217;te genel g\u00f6r\u00fc\u015fme a\u00e7acaks\u0131n ve genel g\u00f6r\u00fc\u015fmeye kat\u0131lmayacaks\u0131n.&#8221;<\/p>\n<p style=\"text-align: justify;\"><strong>&#8216;Siyasal iktidar \u015fehitlerin tek sorumlusu&#8217;\u00a0<\/strong><\/p>\n<p style=\"text-align: justify;\">Ter\u00f6r\u00fc h\u00fck\u00fcmetin \u00e7\u00f6zemeyece\u011fini savunan K\u0131l\u0131\u00e7daro\u011flu, &#8220;\u0130radesi de yoktur. \u00c7\u00fcnk\u00fc g\u00fcc\u00fc yoktur. \u00c7\u00f6z\u00fcm \u00fcretmeyen, parlamentodan ka\u00e7an bir siyasal iktidar b\u00fct\u00fcn \u015fehitlerin tek sorumlusudur. Varsa ter\u00f6r, ter\u00f6r sonucunda hayat\u0131n\u0131 kaybedenler varsa bunlar\u0131n tek bir sorumlusu vard\u0131r; AKP H\u00fck\u00fcmeti&#8217;dir&#8221; dedi. &#8220;AKP&#8217;nin \u00e7\u00f6z\u00fcm\u00fc ne&#8221; diye soran CHP Genel Ba\u015fkan\u0131, \u015f\u00f6yle dedi: &#8220;B\u00fct\u00fcn sorumluluklar hep ba\u015fkalar\u0131na ait. Sorumluluk AKP H\u00fck\u00fcmetine ait de\u011fil. Allah a\u015fk\u0131na istihbarat\u0131n\u0131, g\u00fcc\u00fcn\u00fc ba\u015fka \u00fclkelerin ellerine tahsis eden bir iktidar b\u00f6ylesine bir devasa sorunu \u00e7\u00f6zebilir mi? \u00c7\u00f6zemez. Sorumlulu\u011fu hep ba\u015fka yerlerde aray\u0131p kendi \u00fcstte kalan bir siyasi anlay\u0131\u015f, bu anlay\u0131\u015f\u0131 gitti\u011finiz her yerde anlat\u0131n. B\u00f6yle kepazelik b\u00f6yle rezalet olmaz. S\u0131f\u0131r ter\u00f6rle devralacaks\u0131n\u0131z, ter\u00f6r bata\u011f\u0131n\u0131 \u00fclkeye sokacaks\u0131n\u0131z, sonra \u00e7\u0131kacaks\u0131n\u0131z ba\u015fkalar\u0131n\u0131 su\u00e7layacaks\u0131n\u0131z. Bu iktidar de\u011fil 10 y\u0131l, 50 y\u0131lda kalsa bu sorunu \u00e7\u00f6zemez.&#8221;<\/p>\n<p style=\"text-align: justify;\"><strong>AKP&#8217;ye \u00e7a\u011fr\u0131da bulundu\u00a0<\/strong><\/p>\n<p style=\"text-align: justify;\">AKP&#8217;ye \u00e7a\u011fr\u0131da bulunan CHP Genel Ba\u015fkan\u0131, &#8220;AKP bizim \u00e7\u00f6z\u00fcmlerimizi be\u011fenmeyebilir, yetersiz g\u00f6rebilir. O zaman kendisine bir \u00e7a\u011fr\u0131da bulunuyorum. Senin \u00e7\u00f6z\u00fcmlerin ne arkada\u015f, getir, biz destek verece\u011fiz sana, getir. Eminim getiremeyecek&#8221; dedi.<\/p>\n<p style=\"text-align: justify;\"><strong>Van depremi\u00a0<\/strong><\/p>\n<p style=\"text-align: justify;\">CHP Genel Ba\u015fkan\u0131, Van&#8217;da ger\u00e7ekle\u015fen depremden sonra ya\u015fananlar\u0131 de\u011ferlendirdi. Van&#8217;a gittiklerini, sorunlar\u0131 dinlediklerini hat\u0131rlatan CHP Genel Ba\u015fkan\u0131, Ba\u015fbakan Yard\u0131mc\u0131s\u0131 Be\u015fir Atalay&#8217;\u0131 ele\u015ftirerek, \u015f\u00f6yle dedi: &#8220;H\u00fck\u00fcmetin \u0130\u00e7i\u015fleri Bakan\u0131&#8217;da oradayd\u0131. Orada \u00e7ad\u0131r sorunu g\u00fcndeme getirildi. Biz bunu siyasi malzeme konusu yapmad\u0131k. Yaralar s\u0131cakt\u0131. Ama biz daha oradayken Say\u0131n Be\u015fir Atalay bir a\u00e7\u0131klama yapt\u0131, 24 Ekim 2011. \u015e\u00f6yle diyor; ula\u015f\u0131lmad\u0131k hi\u00e7bir yer kalmad\u0131. Hi\u00e7 eksik kalmad\u0131. Ben oraday\u0131m, vatanda\u015flar \u00e7ad\u0131r istiyor. Beyefendi Ankara&#8217;da oturuyor, kim bilir birilerine haber vermek i\u00e7in herhalde Ankara&#8217;dan ayr\u0131lmak istemiyor. \u0130ki g\u00fcn sonra ay\u0131n 26&#8217;s\u0131nda Ba\u015fbakan konu\u015fuyor, &#8216;ilk 24 saatte birtak\u0131m eksiklikler oldu&#8217;. Kim do\u011fruyu s\u00f6yl\u00fcyor, biri Ba\u015fbakan, biri Ba\u015fbakan yard\u0131mc\u0131s\u0131. Ankara&#8217;da oturup ahkam kesiyorlar.&#8221;<\/p>\n<p style=\"text-align: justify;\"><strong>Ba\u015fbakan&#8217;\u0131 ele\u015ftirdi\u00a0<\/strong><\/p>\n<p style=\"text-align: justify;\">Ba\u015fbakan Recep Tayyip Erdo\u011fan&#8217;\u0131n, &#8220;Vali mi veriyor bu binalar\u0131n ruhsatlar\u0131n\u0131, kim bilir hangi belediyeler verdi&#8221; dedi\u011fini ifade eden K\u0131l\u0131\u00e7daro\u011flu, &#8220;Allah Allah uzayda ya\u015f\u0131yor herhalde. Bu belediyelerin se\u00e7imle geldi\u011fini Ba\u015fbakan biliyor herhalde. Kim bilir hangi belediyeler verdi, ben s\u00f6yleyim, haf\u0131zas\u0131n\u0131 yenilesin. Londra Belediye Ba\u015fkan\u0131 Erci\u015f&#8217;teki binan\u0131n ruhsat\u0131n\u0131 verdi. Siz nas\u0131l bilmezsiniz, senin belediye ba\u015fkan\u0131n verdi bu ruhsat\u0131&#8221; dedi.<\/p>\n<p style=\"text-align: justify;\">&#8220;Gazetelerde, bir m\u00fcteahhit bulmu\u015flar. Man\u015fetlerde bu m\u00fcteahhit. Herkes ona sald\u0131r\u0131yor&#8221; diyen CHP Genel Ba\u015fkan\u0131, &#8220;Buna ruhsat\u0131 veren kim, denetleyen kim, binay\u0131 yapan kim, \u00f6nce bunlara bak. Bunlar sorgulanmaz, neden, h\u00fck\u00fcmet al\u0131n\u0131r. O belediye ba\u015fkan\u0131 kim? \u015eimdi milletvekili, hangi partide&#8221; dedi.<\/p>\n<p style=\"text-align: justify;\"><strong>Erci\u015f Cumhuriyet Ba\u015fsavc\u0131l\u0131\u011f\u0131&#8217;na verilen dilek\u00e7eyi g\u00f6sterdi\u00a0<\/strong><\/p>\n<p style=\"text-align: justify;\">Erci\u015f Cumhuriyet Ba\u015fsavc\u0131l\u0131\u011f\u0131na verilen dilek\u00e7eyi grup toplant\u0131s\u0131nda g\u00f6steren K\u0131l\u0131\u00e7daro\u011flu, &#8220;Alt\u0131nda 14 tane in\u015faat firmas\u0131 m\u00fcteahhidin imzas\u0131 var. Belediye ba\u015fkan\u0131n\u0131 su\u00e7luyorlar, depremden \u00f6nce, 8 Mart 20111&#8221; dedi. CHP Genel Ba\u015fkan\u0131, \u015f\u00f6yle dedi: &#8220;Er\u00e7i\u015f Belediye Ba\u015fkan\u0131&#8217;n\u0131 su\u00e7luyorlar. Su\u00e7 duyurusunda bulunuyorlar. Savc\u0131l\u0131k herhalde gere\u011fini yapm\u0131\u015ft\u0131r, ne yapm\u0131\u015ft\u0131r, Belediye Ba\u015fkan\u0131 hakk\u0131nda soru\u015fturma a\u00e7mak i\u00e7in \u0130\u00e7i\u015fleri Bakan\u0131&#8217;n\u0131n izin vermesi laz\u0131m. Say\u0131n Recep Tayyip Erdo\u011fan&#8217;a soruyorum, bu ba\u015fvuru \u00fczerine sen soru\u015fturma izni verdin mi, vermedin mi? Verdinse \u00e7\u0131k s\u00f6yle. Vermediysen niye vermedi\u011fini s\u00f6yle. Diyordu ya kim bilir hangi belediye ba\u015fkan\u0131 bu ruhsat iznini verdi, kim bilir de\u011fil, sen biliyorsun. Biliyorsun da milleti kand\u0131rmak istiyorsun. O belediye ba\u015fkan\u0131 \u015fimdi senin koltu\u011funun alt\u0131nda, milletvekilli\u011fi yap\u0131yor.&#8221;<\/p>\n<p style=\"text-align: justify;\"><strong>&#8216;\u0130thal Maliye Bakan\u0131&#8217;\u00a0<\/strong><\/p>\n<p style=\"text-align: justify;\">Deprem vergilerine de\u011finen CHP Genel Ba\u015fkan\u0131, Maliye Bakan\u0131 Mehmet \u015eim\u015fek&#8217;in 28 Ekim&#8217;de yapt\u0131\u011f\u0131 a\u00e7\u0131klamay\u0131 hat\u0131rlatarak, &#8220;Diyor ki, toplad\u0131k deprem vergilerini bununla g\u00fczel \u015feyler yapt\u0131k, diyor, yollara gitti, diyor. Bu bakan\u0131n b\u00fct\u00e7enin ne oldu\u011fundan haberi yok. B\u00fct\u00e7elerde birlik ilkesi vard\u0131r, okullarda \u00f6\u011fretirler. Ama Maliye Bakan\u0131, ithal Maliye Bakan\u0131 oldu\u011fu i\u00e7in ama \u0130ngiltere&#8217;de de var arkada\u015flar&#8221; dedi.<\/p>\n<p style=\"text-align: justify;\"><strong>&#8216;Hortumcu h\u00fck\u00fcmet&#8217;\u00a0<\/strong><\/p>\n<p style=\"text-align: justify;\">Deprem vergilerinin nerelere harcand\u0131\u011f\u0131n\u0131n sorulmas\u0131 gerekti\u011fine i\u015faret eden CHP Genel Ba\u015fkan\u0131, &#8220;Cevap veriliyor mu, verilmiyor. Sizin vergilerinizin hesab\u0131 size verilmiyorsa o \u00fclkedeki h\u00fck\u00fcmet hortumcu h\u00fck\u00fcmettir&#8221; dedi. &#8220;\u0130\u00e7i\u015fleri Bakan\u0131 var, Allah ak\u0131l fikir versin&#8221; diyen CHP Genel Ba\u015fkan\u0131, &#8220;\u00c7ad\u0131rlarla ilgili espri yapm\u0131\u015f&#8221; dedi.<\/p>\n<p style=\"text-align: justify;\"><strong>&#8216;Kabinenin k\u00f6stebe\u011fi&#8217;\u00a0<\/strong><\/p>\n<p style=\"text-align: justify;\">Yurt d\u0131\u015f\u0131ndan gelen yard\u0131m taleplerini hat\u0131rlatan K\u0131l\u0131\u00e7daro\u011flu, &#8220;24 Ekim 2011 H\u00fcseyin \u00c7elik bas\u0131n toplant\u0131s\u0131 yap\u0131yor, Van kahraman\u0131 H\u00fcseyin \u00c7elik ama Van&#8217;a gidemeyen H\u00fcseyin \u00c7elik&#8221; dedi. \u00c7elik&#8217;in d\u0131\u015far\u0131dan gelen yard\u0131m taleplerine ili\u015fkin, &#8220;Biz kabul etmedik, biz kendi imkanlar\u0131m\u0131zla bu felaketin \u00fcstesinden gelebiliriz&#8221; dedi\u011fini hat\u0131rlatan CHP Genel Ba\u015fkan\u0131, &#8220;H\u00fcseyin \u00c7elik bunu s\u00f6yledi. Senin s\u00f6yledi\u011finden daha beterini kabinenin k\u00f6stebe\u011fi s\u00f6yledi. Ona sordular, niye yard\u0131m alm\u0131yorsunuz. Tabi diyor, \u00f6ncelikle kendi potansiyelimizi g\u00f6rmek amac\u0131yla arama kurtarma yard\u0131m ekipleri bekletiliyor. \u0130nsan\u0131n hayat\u0131yla kumar oynamak, b\u00f6yle bir \u015fey kabul edilebilir mi&#8221; \u015feklinde konu\u015ftu. Depremde \u00f6lenlere dikkat \u00e7eken CHP Genel Ba\u015fkan\u0131, &#8220;Depremden \u00f6lenlerin vebali bu adamlar\u0131n omuzlar\u0131nda. Bir tane m\u00fcteahhit buldular, b\u00fct\u00fcn hesab\u0131 onun s\u0131rt\u0131na y\u00fckleyecekler, buna izin verecek miyiz, hay\u0131r. Bunun hesab\u0131n\u0131 h\u00fck\u00fcmetten soraca\u011f\u0131z, o ihaleler kime verildi&#8221; dedi.<\/p>\n<p style=\"text-align: justify;\"><strong>&#8216;Sen Ba\u015fbakan de\u011fil misin?&#8217;\u00a0<\/strong><\/p>\n<p style=\"text-align: justify;\">Bir pasaj okuyaca\u011f\u0131m diyen K\u0131l\u0131\u00e7daro\u011flu, &#8220;Bizi as\u0131l y\u0131kan depremin kendisinden \u00e7ok depreme kar\u015f\u0131 gerekli hassasiyetin g\u00f6sterilmemi\u015f olmas\u0131d\u0131r. Van depreminde bunu bir kez daha tecr\u00fcbe ettik, kim s\u00f6yl\u00fcyor bunu&#8221; diye sordu. CHP Genel Ba\u015fkan\u0131&#8217;n\u0131n sorusu \u00fczerine salondan &#8220;Muhalefet partisi&#8221; sesleri gelince K\u0131l\u0131\u00e7daro\u011flu, &#8220;Ben de\u011fil, muhalefet de\u011fil. 9 y\u0131ld\u0131r Ba\u015fbakanl\u0131k yapan Recep Tayyip Erdo\u011fan. Sen Ba\u015fbakan de\u011fil misin? Sadece ceplerini d\u00fc\u015f\u00fcnenler \u00fclkenin nereye gitti\u011fi konusunda hi\u00e7bir zaman g\u00fcven vermezler&#8221; dedi.<\/p>\n<p style=\"text-align: justify;\"><strong>&#8216;Sana g\u00fcl m\u00fc vereyim&#8217;\u00a0<\/strong><\/p>\n<p style=\"text-align: justify;\">Ba\u015fbakan&#8217;\u0131n s\u00f6zlerini, &#8220;\u00c7aresizli\u011fin itiraf\u0131&#8221; olarak niteleyen CHP Genel Ba\u015fkan\u0131, &#8220;Sen \u00e7aresizsen Ba\u015fbakanl\u0131k koltu\u011funu niye i\u015fgal ediyorsun. Bunu s\u00f6yleyince vay efendim istifaya davet ediyor, davet etmeyim de sana g\u00fcl m\u00fc vereyim, Ba\u015fbakanl\u0131k \u015fikayet merci mi? \u015eikayet edeceksen sen orada niye oturuyorsun. \u015eikayetlerinde samimi de\u011fil, samimi olsa \u00f6nce o belediye ba\u015fkan\u0131ndan tutar partiden ayr\u0131l der, g\u00f6recesin onu da koruyacak&#8221; dedi. Erdo\u011fan&#8217;\u0131n G-20 toplant\u0131s\u0131na kat\u0131laca\u011f\u0131n\u0131 ifade eden K\u0131l\u0131\u00e7daro\u011flu, toplant\u0131n\u0131n konular\u0131 aras\u0131nda yolsuzluk oldu\u011funu s\u00f6yledi. AB \u0130lerleme 2011 Raporu&#8217;nu okuyan CHP Genel Ba\u015fkan\u0131, &#8220;Recep Tayyip Erdo\u011fan G-20 toplant\u0131s\u0131nda yolsuzluk konusunda ne konu\u015facak&#8221; dedi.<\/p>\n<p style=\"text-align: justify;\"><strong>Ba\u015fbakan&#8217;a yan\u0131t\u00a0<\/strong><\/p>\n<p style=\"text-align: justify;\">Deniz Feneri konusunda \u00f6zel koruma oldu\u011funu kaydeden CHP Genel Ba\u015fkan\u0131, &#8220;R\u00fc\u015fvet defterini g\u00f6nderiyorum kendisine bug\u00fcn demi\u015f ki, efendim r\u00fc\u015fvet defteri diyor bana, onlar ka\u011f\u0131t, diyor. Defterin ka\u011f\u0131ttan yap\u0131ld\u0131\u011f\u0131n\u0131 da bilmiyor, ne diyeyim. Defterin fotokopisini g\u00f6nderiyorum ben sana, defter g\u00f6ndermiyorum ki, sen gere\u011fini yapt\u0131n m\u0131 diyorum, t\u0131k yok. Sahip \u00e7\u0131k\u0131yor. \u00c7\u00fcnk\u00fc yolsuzluklar\u0131 koruyarak iktidarda kalaca\u011f\u0131n\u0131 d\u00fc\u015f\u00fcn\u00fcyor. Kul hakk\u0131 yemek en b\u00fcy\u00fck g\u00fcnaht\u0131r. Bunlar da kul hakk\u0131 yiyor&#8221; diye konu\u015ftu. Kurban Bayram\u0131&#8217;n\u0131n yakla\u015ft\u0131\u011f\u0131n\u0131 belirten CHP Genel Ba\u015fkan\u0131, Ba\u015fbakan&#8217;a, &#8220;Say\u0131n Ba\u015fbakan, bizim vatanda\u015flar\u0131m\u0131z g\u00f6n\u00fcl huzuru i\u00e7inde kurbanl\u0131klar\u0131n\u0131 Deniz Feneri&#8217;ne ba\u011f\u0131\u015flas\u0131n m\u0131, ba\u011f\u0131\u015flamas\u0131nlar m\u0131&#8221; diye sordu.<\/p>\n<p style=\"text-align: justify;\"><strong>Deniz Feneri\u00a0<\/strong><\/p>\n<p style=\"text-align: justify;\">Hukukun \u00fcst\u00fcnl\u00fc\u011f\u00fcn\u00fcn herkese laz\u0131m oldu\u011funu belirten CHP Genel Ba\u015fkan\u0131, &#8220;Deniz Feneri davas\u0131nda insanlar serbest b\u0131rak\u0131ld\u0131. \u0130ddianame ortaya \u00e7\u0131kmadan bu say\u0131n yarg\u0131\u00e7lar delillerin topland\u0131\u011f\u0131n\u0131 nereden \u00f6\u011frendiler? Ama karar veriyorlar. O yarg\u0131\u00e7lar siyasi karar veriyorlar. Peki \u00f6b\u00fcr davalar, niye serbest b\u0131rakm\u0131yorsun. Ankara m\u0131 do\u011fru s\u00f6yl\u00fcyor, Silivri mi? \u0130kisi de do\u011fruyu s\u00f6ylemiyor. Silivri&#8217;de hukuksuzluk var&#8221; ifadesini kulland\u0131.<\/p>\n<p style=\"text-align: justify;\">&#8220;Bir Silivri \u00f6yk\u00fcs\u00fc anlataca\u011f\u0131m&#8221; diyen CHP Genel Ba\u015fkan\u0131, 28 A\u011fustos 2009&#8217;da bir gazetecinin g\u00f6zalt\u0131na al\u0131nd\u0131\u011f\u0131n\u0131, tutukland\u0131\u011f\u0131n\u0131 belirterek, \u015f\u00f6yle dedi: &#8220;Bir y\u0131l sonra yarg\u0131c\u0131n kar\u015f\u0131s\u0131na \u00e7\u0131k\u0131yor. Diyor ki, \u00f6rg\u00fct \u00fcyesi isem ne yapt\u0131\u011f\u0131m\u0131 a\u00e7\u0131klama getirilmesini talep ettim. 14 Haziran 2011&#8217;de tahliye edildim. \u015eunu s\u00f6yl\u00fcyor, yakla\u015f\u0131k 2 y\u0131l s\u00fcren tutuklu\u011fumun 52 ya\u015f\u0131nda \u00e7ok say\u0131da kronik sa\u011fl\u0131k sorunu olan biri olarak sa\u011fl\u0131\u011f\u0131m\u0131n \u00fczerinde yeni hasarlar yaratt\u0131\u011f\u0131n\u0131 s\u00f6yledim. Hapishanede yat\u0131yor. 2 y\u0131l sonra tahliye ediliyor. Bu gazeteci arkada\u015f\u0131m\u0131z Tuzla Ayd\u0131nl\u0131 Mezarl\u0131\u011f\u0131na sessiz sedas\u0131z \u00f6l\u00fcm\u00fcnden sonra defnediliyor. Gazeteci, \u00e7evirmen Suzan Zengin. Ya\u015fam\u0131n\u0131 yitirdi. Bunlar AKP&#8217;nin kurbanlar\u0131. B\u00f6yle adalet olmaz.&#8221; Milletvekillerinin Kurban Bayram\u0131n\u0131 kutlayan K\u0131l\u0131\u00e7daro\u011flu, bayram\u0131n birinci g\u00fcn\u00fc Van&#8217;da olaca\u011f\u0131n\u0131 s\u00f6yledi.<\/p>\n<p style=\"text-align: justify;\"><strong>Ba\u015fbakan&#8217;a kitap g\u00f6nderecek\u00a0<\/strong><\/p>\n<p style=\"text-align: justify;\">Elindeki kitab\u0131 g\u00f6steren ve Ba\u015fbakan&#8217;a g\u00f6nderece\u011fini a\u00e7\u0131klayan CHP Genel Ba\u015fkan\u0131, &#8220;\u015eu Kitap var. 2008&#8217;de Depremde Sorunlar ve \u00c7\u00f6z\u00fcmler diye basm\u0131\u015f\u0131z bunu da Say\u0131n Recep Tayyip Erdo\u011fan&#8217;a g\u00f6nderece\u011fim. Bakal\u0131m buna da ka\u011f\u0131t diyecek mi&#8221; \u015feklinde konu\u015ftu.<\/p>\n<p style=\"text-align: justify;\"><a href=\"http:\/\/www.cumhuriyet.com.tr\/?hn=289936&amp;kw=%22Kutlamay%FD+yasaklad%FDn+ko%FEa+ko%FEa+d%FC%F0%FCne+gittin%22\" target=\"_blank\">Kaynak : Cumhuriyet Haber Portal\u0131<\/a><\/p>\n","protected":false},"excerpt":{"rendered":"<p style=\"text-align: center;\">\n<p style=\"text-align: justify;\">CHP Genel Ba\u015fkan\u0131 Kemal K\u0131l\u0131\u00e7daro\u011flu, Cumhuriyet Bayram\u0131 t\u00f6renlerinin iptal edilmesine, &#8220;Yasaklad\u0131lar, ondan sonra ko\u015fa ko\u015fa d\u00fc\u011f\u00fcnlere gittiler, bunlar\u0131n anlay\u0131\u015f\u0131 bu, milleti kand\u0131racaklar\u0131n\u0131 san\u0131yorlar. Senin maskeni indirece\u011fim. Cumhuriyeti yasaklad\u0131n ko\u015fa ko\u015fa d\u00fc\u011f\u00fcnlere gittin&#8221; dedi.<\/p>\n","protected":false},"author":1,"featured_media":0,"comment_status":"open","ping_status":"open","sticky":false,"template":"","format":"standard","meta":{"footnotes":""},"categories":[105],"tags":[],"class_list":["post-41819","post","type-post","status-publish","format-standard","hentry","category-gundem","odd"],"_links":{"self":[{"href":"http:\/\/www.korhanyilmaz.com\/index.php?rest_route=\/wp\/v2\/posts\/41819","targetHints":{"allow":["GET"]}}],"collection":[{"href":"http:\/\/www.korhanyilmaz.com\/index.php?rest_route=\/wp\/v2\/posts"}],"about":[{"href":"http:\/\/www.korhanyilmaz.com\/index.php?rest_route=\/wp\/v2\/types\/post"}],"author":[{"embeddable":true,"href":"http:\/\/www.korhanyilmaz.com\/index.php?rest_route=\/wp\/v2\/users\/1"}],"replies":[{"embeddable":true,"href":"http:\/\/www.korhanyilmaz.com\/index.php?rest_route=%2Fwp%2Fv2%2Fcomments&post=41819"}],"version-history":[{"count":0,"href":"http:\/\/www.korhanyilmaz.com\/index.php?rest_route=\/wp\/v2\/posts\/41819\/revisions"}],"wp:attachment":[{"href":"http:\/\/www.korhanyilmaz.com\/index.php?rest_route=%2Fwp%2Fv2%2Fmedia&parent=41819"}],"wp:term":[{"taxonomy":"category","embeddable":true,"href":"http:\/\/www.korhanyilmaz.com\/index.php?rest_route=%2Fwp%2Fv2%2Fcategories&post=41819"},{"taxonomy":"post_tag","embeddable":true,"href":"http:\/\/www.korhanyilmaz.com\/index.php?rest_route=%2Fwp%2Fv2%2Ftags&post=41819"}],"curies":[{"name":"wp","href":"https:\/\/api.w.org\/{rel}","templated":true}]}}