{"id":41815,"date":"2011-11-01T17:01:31","date_gmt":"2011-11-01T15:01:31","guid":{"rendered":"http:\/\/www.korhanyilmaz.com\/?p=41815"},"modified":"2011-11-01T19:26:11","modified_gmt":"2011-11-01T17:26:11","slug":"medya-korku-icinde","status":"publish","type":"post","link":"http:\/\/www.korhanyilmaz.com\/?p=41815","title":{"rendered":"Medya korku i\u00e7inde"},"content":{"rendered":"<p style=\"text-align: center;\"><a href=\"http:\/\/www.korhanyilmaz.com\/wp-content\/uploads\/2011\/11\/3066.jpg\"  class=\"lightview\"><img loading=\"lazy\" decoding=\"async\" class=\"aligncenter  wp-image-41816\" src=\"http:\/\/www.korhanyilmaz.com\/wp-content\/uploads\/2011\/11\/3066.jpg\" alt=\"\" width=\"276\" height=\"207\" \/><\/a><\/p>\n<p style=\"text-align: justify;\">AKP&#8217;nin demokratikle\u015fme konusunda s\u00f6zlerini tutmad\u0131\u011f\u0131n\u0131 s\u00f6yleyen Roth gelecek i\u00e7in endi\u015feli.<\/p>\n<p style=\"text-align: justify;\">Cumhuriyet- Alman Ye\u015filler Partisi E\u015fba\u015fkan\u0131 Claudia Roth, iktidara geldi\u011fi ilk y\u0131llarda demokratikle\u015fme konusunda \u00f6nemli ad\u0131mlar atan AKP h\u00fck\u00fcmetinin, bir s\u00fcredir demokratikle\u015fmeyle ilgili s\u00f6zlerini yerine getirmedi\u011fini d\u00fc\u015f\u00fcn\u00fcyor.<!--more--><\/p>\n<p style=\"text-align: justify;\">T\u00fcrkiye\u2019nin yak\u0131ndan tan\u0131d\u0131\u011f\u0131, ayn\u0131 zamanda AB \u00fcyeli\u011fini destekleyen ve bir d\u00f6nem a\u00e7\u0131klamalar\u0131na medyada s\u0131k\u00e7a yer verilen Roth, kendisiyle daha \u00f6nce s\u00f6yle\u015fi yapan gazetecilerin, art\u0131k bas\u0131lmayaca\u011f\u0131 kayg\u0131s\u0131 ya da kendilerini tehdit alt\u0131nda hissettiklerinden s\u00f6yle\u015fiden ka\u00e7\u0131nd\u0131klar\u0131n\u0131 ifade ediyor. Almanya Federal Meclis milletvekillerinden olu\u015fan Alman-T\u00fcrk Dostluk Grubu Ba\u015fkan\u0131 Claudia Roth ba\u015fkanl\u0131\u011f\u0131ndaki bir heyet bir s\u00fcre \u00f6nce T\u00fcrkiye\u2019de temaslarda bulundu. Temaslar\u0131 sonucunda bas\u0131n ve ifade \u00f6zg\u00fcrl\u00fc\u011f\u00fc konusunda ciddi endi\u015felere kap\u0131ld\u0131\u011f\u0131n\u0131 belirten Roth, AKP\u2019nin g\u00fc\u00e7lendik\u00e7e demokrasiyi ikinci plana itmesinden kayg\u0131l\u0131. Cumhuriyet\u2019in sorular\u0131n\u0131 yan\u0131tlayan Roth\u2019a g\u00f6re yeni anayasa AKP\u2019nin kendisinden olmayanlar\u0131 kucaklay\u0131p kucaklamayaca\u011f\u0131n\u0131 g\u00f6stermesi a\u00e7\u0131s\u0131ndan kritik bir d\u00f6nemeci olu\u015fturuyor.<\/p>\n<p style=\"text-align: justify;\"><strong>&#8211; Bir hafta boyunca temaslarda bulundunuz, yetkililerle, bas\u0131n mensuplar\u0131yla g\u00f6r\u00fc\u015ft\u00fcn\u00fcz. T\u00fcrkiye\u2019de ifade \u00f6zg\u00fcrl\u00fc\u011f\u00fc konusunda gelinen nokta konusunda izlenimiz nedir?\u00a0<\/strong><\/p>\n<p style=\"text-align: justify;\">CLAUDIA ROTH: Benim izlenimim \u015fu ki T\u00fcrkiye\u2019de ifade ve bas\u0131n \u00f6zg\u00fcrl\u00fc\u011f\u00fc parmakl\u0131klar arkas\u0131nda. Cezaevinde yakla\u015f\u0131k 70 gazeteci var. \u00c7ok uzun g\u00f6zalt\u0131 s\u00fcreleriyle i\u00e7eride tutulan gazeteciler var. Baz\u0131lar\u0131 ni\u00e7in cezaevinde olduklar\u0131n\u0131 bilmiyor. Ger\u00e7eklerle ilgili makalelerle, halk\u0131 bilgilendirmenin gittik\u00e7e zorla\u015ft\u0131\u011f\u0131n\u0131 duydum. T\u00fcrkiye\u2019de demokrasinin geldi\u011fi nokta ger\u00e7ekten zihnimi me\u015fgul ediyor. Bas\u0131n \u00f6zg\u00fcrl\u00fc\u011f\u00fc ve ifade \u00f6zg\u00fcrl\u00fc\u011f\u00fc, herhangi bir demokrasinin temel ta\u015flar\u0131ndan birisi. Ahmet \u015e\u0131k ve Nedim \u015eener sembol isimler ama asl\u0131nda i\u00e7eride olan b\u00fct\u00fcn gazeteciler i\u00e7in sembol haline geldi.<\/p>\n<p style=\"text-align: justify;\">Gazetecilerin tehdit edildi\u011fi, cezaevine yolland\u0131\u011f\u0131, hatta \u00f6ld\u00fcr\u00fcld\u00fc\u011f\u00fc zamanlarla \u015fimdiki zamanlar\u0131n fark\u0131 \u015fu: Eskiden propaganda yapmakla su\u00e7lan\u0131rlard\u0131, \u015fimdiyse bir ter\u00f6r \u00f6rg\u00fct\u00fcn\u00fcn par\u00e7as\u0131 olmakla su\u00e7lan\u0131yorlar. Bug\u00fcnlerde kolayl\u0131kla ter\u00f6r \u00f6rg\u00fct\u00fcn\u00fcn par\u00e7as\u0131 olabiliyorsunuz. Bu inan\u0131lmaz. Yanl\u0131\u015f bir kelime kullan\u0131rsan\u0131z ve e\u011fer bir gazeteci olarak bir a\u011f olu\u015fturmu\u015fsan\u0131z, Ergenekon\u2019un par\u00e7as\u0131 olmakla su\u00e7lanan insanlarla s\u00f6yle\u015fi yapm\u0131\u015fsan\u0131z, o zaman sizi de Ergenokon\u2019un par\u00e7as\u0131 say\u0131yorlar. Ben T\u00fcrkiye\u2019de bu hisse kap\u0131ld\u0131m, Kafka gibi. Gazeteciler, se\u00e7ilmi\u015f belediye ba\u015fkanlar\u0131, K\u00fcrt b\u00f6lgesinde halk taraf\u0131ndan se\u00e7ilmi\u015f 100\u2019den fazla belediye ba\u015fkan\u0131 hapiste. Bu \u00e7ok tehlikeli.<\/p>\n<p style=\"text-align: justify;\"><strong>\u0130nsanlar kabuklar\u0131na \u00e7ekiliyor\u00a0<\/strong><\/p>\n<p style=\"text-align: justify;\"><strong>&#8211; Sizce otosans\u00fcr de var m\u0131?\u00a0<\/strong><\/p>\n<p style=\"text-align: justify;\">&#8211; Elbette. \u00d6rne\u011fin, art\u0131k gazetecilerle, hatta arkada\u015flarla bile cep telefonundan konu\u015fmak \u00e7ok zor. Ben \u201cSiz paranoyaks\u0131n\u0131z\u201d diyordum. Oysa ger\u00e7ekten bir korku atmosferi var. Ba\u015fta inanmam\u0131\u015ft\u0131m, abartt\u0131klar\u0131n\u0131 d\u00fc\u015f\u00fcnm\u00fc\u015ft\u00fcm. \u0130nsanlar ger\u00e7ekten kendilerini tehdit alt\u0131nda hissediyorlar. \u0130nsanlar\u0131n art\u0131k olan bitenle ilgilenmemeyi se\u00e7tiklerini g\u00f6rebiliyorsunuz. \u00d6zel hayatlar\u0131na d\u00f6n\u00fcyor, kabuklar\u0131na \u00e7ekiliyorlar, d\u0131\u015fardan bana bula\u015f\u0131lmadan ya\u015fayay\u0131m diyorlar. Benimle daha \u00f6nce s\u00f6yle\u015fi yapan insanlarla bulu\u015ftum, bu sefer s\u00f6ylediklerimi yazamayacaklar\u0131n\u0131 s\u00f6ylediler. Bu \u015fu demek, ya kendileri tehlike alt\u0131na girecekler ya da zaten bas\u0131lmayacak. Bu durum yeni ve ger\u00e7ekten tehlikeli. B\u00fct\u00fcn toplumda bir su\u00e7 iklimi var. Gazeteciler su\u00e7lu, se\u00e7ilmi\u015f belediye ba\u015fkanlar\u0131 su\u00e7lu, BDP \u00fcyeleri su\u00e7lu, n\u00fckleer kar\u015f\u0131t\u0131 militanlar su\u00e7lu, daha iyi bir \u00e7evre i\u00e7in m\u00fccadele edenler su\u00e7lu. Sadece ekonomik a\u00e7\u0131dan g\u00fc\u00e7l\u00fc T\u00fcrkiye\u2019den, ekonomik b\u00fcy\u00fcmeden s\u00f6z etmek yetmez. Rakamlar\u0131n arkas\u0131nda demokraside olup bitenlere de bakmak gerekir.<\/p>\n<p style=\"text-align: justify;\"><strong>\u2018G\u00fc\u00e7l\u00fcy\u00fcz o zaman Hasankeyf\u2019i y\u0131kabiliriz\u2019\u00a0<\/strong><\/p>\n<p style=\"text-align: justify;\"><strong>&#8211; AKP ba\u015fta hem Avrupa\u2019da hem T\u00fcrkiye\u2019de de\u011fi\u015fimin simgesi olarak g\u00f6r\u00fcl\u00fcyordu, demokratikle\u015fme y\u00f6n\u00fcnde ad\u0131mlar at\u0131laca\u011f\u0131 beklentisi vard\u0131. Beklentiler de\u011fi\u015fti mi?\u00a0<\/strong><\/p>\n<p style=\"text-align: justify;\">&#8211; Bence hi\u00e7bir \u015fey yapmad\u0131klar\u0131n\u0131 s\u00f6ylemek adil olmaz. \u0130lk y\u0131llarda b\u00fcy\u00fck de\u011fi\u015fiklikler oldu ve umut vard\u0131&#8230; Demokratikle\u015fme, az\u0131nl\u0131klarla ilgili a\u00e7\u0131l\u0131m, Ermeni meselesindeki a\u00e7\u0131l\u0131m, K\u00fcrt a\u00e7\u0131l\u0131m\u0131, K\u0131br\u0131s a\u00e7\u0131l\u0131m\u0131, ge\u00e7mi\u015fin, \u00f6nceki h\u00fck\u00fcmetler d\u00f6neminin tabular\u0131n tart\u0131\u015f\u0131lmas\u0131 i\u00e7in bir ortam yarat\u0131ld\u0131. Yolunda gitmeyen, iyi olmayan her \u015fey i\u00e7in onlar\u0131 su\u00e7lamak kolayc\u0131l\u0131k olur. Ama ekonomik b\u00fcy\u00fcme her \u015fey demek de\u011fildir. Sanki verimlilik k\u00fclt\u00fcrel miras\u0131n yok edilmesi i\u00e7in bahane olu\u015fturabiliyor. Avrupa\u2019daki en b\u00fcy\u00fck baraja ihtiyac\u0131m\u0131z var, o zaman Hasankeyf\u2019i y\u0131kabiliriz, \u00e7\u00fcnk\u00fc verimliyiz, ba\u015far\u0131l\u0131y\u0131z, ekonomik olarak g\u00fc\u00e7l\u00fcy\u00fcz. Tamam, bu do\u011fru. Ama demokratikle\u015fmeyle ilgili \u00e7ok s\u00f6zler verildi, h\u00fck\u00fcmet uzun bir s\u00fcredir bunlar\u0131 yerine getirmiyor.<\/p>\n<p style=\"text-align: justify;\">\u015eimdi askeri anayasan\u0131n yerine yeni bir anayasa konusunda tart\u0131\u015fma s\u00fcr\u00fcyor. Yeni anayasan\u0131n, herkes i\u00e7in herkes taraf\u0131ndan karar verilen bir anayasa olmas\u0131n\u0131 umut ediyoruz. Yani sadece AKP \u00e7o\u011funlu\u011funun anayasas\u0131 olmamal\u0131. E\u011fer herkesin \u201cbenim de anayasam\u201d diyebilece\u011fi bir anayasa olmazsa, olmaz. Kad\u0131nlar\u0131n, dindar olmayan kad\u0131nlar\u0131n da anayasas\u0131 olabilmeli. Benim bir kad\u0131n arkada\u015f\u0131m haklar\u0131 i\u00e7in m\u00fccadele etmesi gerekti\u011fini d\u00fc\u015f\u00fcn\u00fcyor. Arkada\u015f\u0131m\u0131n da sahiplenece\u011fi bir anayasa olmal\u0131. K\u00fcrt halk\u0131n\u0131n sahiplenebilece\u011fi, ikinci, \u00fc\u00e7\u00fcnc\u00fc s\u0131n\u0131f insan olarak g\u00f6r\u00fclmeyecekleri bir anayasaya ihtiya\u00e7 var. \u00c7o\u011funlu\u011fuz diye bir AKP anayasas\u0131 olmamal\u0131. \u00dclkedeki herkesin anayasas\u0131 olmal\u0131. Bu kritik bir ad\u0131m olacak. Neyse ki \u0130lerleme Raporu\u2019nda demokratikle\u015fme konusundaki eksiklikler de vurgulan\u0131yor. H\u00fck\u00fcmet karar veriyor, parlamento \u015fov gibi. Bir \u00e7e\u015fit sayg\u0131s\u0131zl\u0131k var.<\/p>\n<p style=\"text-align: justify;\">Demokrasilerde muhalefet \u00e7ok \u00f6nemlidir. Anayasa, kabul g\u00f6rmediklerini, e\u015fit olmad\u0131klar\u0131n\u0131 d\u00fc\u015f\u00fcnen insanlar\u0131n da entegre edilebilmesi a\u00e7\u0131s\u0131ndan T\u00fcrkiye i\u00e7in bir f\u0131rsat. Ya yarg\u0131 erki? Bu da inan\u0131lmaz. O kadar dava&#8230; Senelerdir kullan\u0131lmayan maddeleri bile kullanmaya ba\u015flad\u0131lar. Propaganda, ter\u00f6rist minvalinde 5 bin dava var.<\/p>\n<p style=\"text-align: justify;\"><strong>Reformlar marjinalle\u015fiyor\u00a0<\/strong><\/p>\n<p style=\"text-align: justify;\"><strong>&#8211; Ergenekon davas\u0131n\u0131n suland\u0131r\u0131ld\u0131\u011f\u0131n\u0131 d\u00fc\u015f\u00fcn\u00fcyor musunuz? AKP ni\u00e7in demokratikle\u015fme konusunda ad\u0131mlar atm\u0131yor art\u0131k?\u00a0<\/strong><\/p>\n<p style=\"text-align: justify;\">&#8211; Demokrasi eskisi kadar \u00f6nemli g\u00f6z\u00fckm\u00fcyor. Yine tekrarl\u0131yorum, hi\u00e7bir \u015fey yapmad\u0131klar\u0131n\u0131 s\u00f6yleyemem, \u00e7ok \u015fey yapt\u0131lar. Kopenhag kriterlerini \u0130stanbul, \u0130zmir, Diyarbak\u0131r kriterleri olarak uygulama s\u00f6z\u00fc vermi\u015flerdi yani AB istedi\u011fi i\u00e7in, T\u00fcrkiye i\u00e7in yap\u0131lacakt\u0131 baz\u0131 \u015feyler. T\u00fcrkiye toplumunun demokratikle\u015fmesi, hukuk devletinin g\u00fc\u00e7lenmesi \u00f6nemli, \u015fart. Demokratik reformlar\u0131n gittik\u00e7e marjinalize kald\u0131\u011f\u0131 y\u00f6n\u00fcnde bir izlenimim var. Sanki eskisi gibi \u00f6nemli de\u011fil. Biz ba\u015far\u0131l\u0131y\u0131z, b\u00f6lgede g\u00fc\u00e7l\u00fc bir akt\u00f6r\u00fcz, d\u00fcnyada \u00f6nemli bir akt\u00f6r\u00fcz&#8230; T\u00fcrkiye\u2019nin ekonomik b\u00fcy\u00fcmesi ger\u00e7ekten \u00c7in gibi. Umar\u0131m bu ger\u00e7ek b\u00fcy\u00fcmedir&#8230; Sanki art\u0131k demokrasiye ihtiya\u00e7 duymuyorlar.<\/p>\n<p style=\"text-align: justify;\"><a href=\"http:\/\/www.cumhuriyet.com.tr\/?hn=289892&amp;kw=Medya+korku+i%E7inde\" target=\"_blank\">Kaynak : Cumhuriyet Haber Portal\u0131<\/a><\/p>\n","protected":false},"excerpt":{"rendered":"<p style=\"text-align: center;\">\n<p style=\"text-align: justify;\">AKP&#8217;nin demokratikle\u015fme konusunda s\u00f6zlerini tutmad\u0131\u011f\u0131n\u0131 s\u00f6yleyen Roth gelecek i\u00e7in endi\u015feli.<\/p>\n<p style=\"text-align: justify;\">Cumhuriyet- Alman Ye\u015filler Partisi E\u015fba\u015fkan\u0131 Claudia Roth, iktidara geldi\u011fi ilk y\u0131llarda demokratikle\u015fme konusunda \u00f6nemli ad\u0131mlar atan AKP h\u00fck\u00fcmetinin, bir s\u00fcredir demokratikle\u015fmeyle ilgili s\u00f6zlerini yerine getirmedi\u011fini d\u00fc\u015f\u00fcn\u00fcyor.<\/p>\n","protected":false},"author":1,"featured_media":0,"comment_status":"open","ping_status":"open","sticky":false,"template":"","format":"standard","meta":{"footnotes":""},"categories":[105],"tags":[],"class_list":["post-41815","post","type-post","status-publish","format-standard","hentry","category-gundem","odd"],"_links":{"self":[{"href":"http:\/\/www.korhanyilmaz.com\/index.php?rest_route=\/wp\/v2\/posts\/41815","targetHints":{"allow":["GET"]}}],"collection":[{"href":"http:\/\/www.korhanyilmaz.com\/index.php?rest_route=\/wp\/v2\/posts"}],"about":[{"href":"http:\/\/www.korhanyilmaz.com\/index.php?rest_route=\/wp\/v2\/types\/post"}],"author":[{"embeddable":true,"href":"http:\/\/www.korhanyilmaz.com\/index.php?rest_route=\/wp\/v2\/users\/1"}],"replies":[{"embeddable":true,"href":"http:\/\/www.korhanyilmaz.com\/index.php?rest_route=%2Fwp%2Fv2%2Fcomments&post=41815"}],"version-history":[{"count":0,"href":"http:\/\/www.korhanyilmaz.com\/index.php?rest_route=\/wp\/v2\/posts\/41815\/revisions"}],"wp:attachment":[{"href":"http:\/\/www.korhanyilmaz.com\/index.php?rest_route=%2Fwp%2Fv2%2Fmedia&parent=41815"}],"wp:term":[{"taxonomy":"category","embeddable":true,"href":"http:\/\/www.korhanyilmaz.com\/index.php?rest_route=%2Fwp%2Fv2%2Fcategories&post=41815"},{"taxonomy":"post_tag","embeddable":true,"href":"http:\/\/www.korhanyilmaz.com\/index.php?rest_route=%2Fwp%2Fv2%2Ftags&post=41815"}],"curies":[{"name":"wp","href":"https:\/\/api.w.org\/{rel}","templated":true}]}}