{"id":41811,"date":"2011-11-01T06:11:40","date_gmt":"2011-11-01T04:11:40","guid":{"rendered":"http:\/\/www.korhanyilmaz.com\/?p=41811"},"modified":"2011-11-01T19:33:20","modified_gmt":"2011-11-01T17:33:20","slug":"cumhurbaskanimiz-akpyle-ayni-havuza-su-tasiyor","status":"publish","type":"post","link":"http:\/\/www.korhanyilmaz.com\/?p=41811","title":{"rendered":"&#8216;Cumhurba\u015fkan\u0131m\u0131z, AKP&#8217;yle ayn\u0131 havuza su ta\u015f\u0131yor&#8217;"},"content":{"rendered":"<p style=\"text-align: center;\"><a href=\"http:\/\/www.korhanyilmaz.com\/wp-content\/uploads\/2011\/11\/3065.jpg\"  class=\"lightview\"><img loading=\"lazy\" decoding=\"async\" class=\"aligncenter  wp-image-41812\" src=\"http:\/\/www.korhanyilmaz.com\/wp-content\/uploads\/2011\/11\/3065.jpg\" alt=\"\" width=\"276\" height=\"207\" \/><\/a><\/p>\n<p style=\"text-align: justify;\">CHP \u0130stanbul Milletvekili Ayd\u0131n Ayayd\u0131n, Cumhurba\u015fkan\u0131n\u0131n t\u00fcm cumhurun ba\u015f\u0131 olup, din, dil, \u0131rk, mezhep fark\u0131 g\u00f6zetmeksizin 74 milyon vatanda\u015f\u0131n devlet ba\u015fkan\u0131 oldu\u011funa i\u015faret ederek, buna kar\u015f\u0131n G\u00fcl&#8217;\u00fcn kendisini AKP&#8217;lilerin Cumhurba\u015fkan\u0131 olarak g\u00f6rd\u00fc\u011f\u00fcn\u00fc ileri s\u00fcrd\u00fc.\u00a0<!--more--><\/p>\n<p style=\"text-align: justify;\">Ankara- CHP \u0130stanbul Milletvekili Ayd\u0131n Ayayd\u0131n TBMM Plan ve B\u00fct\u00e7e Komisyonu&#8217;nda s\u00f6z ald\u0131. Anayasam\u0131z\u0131n 101. Maddesi&#8217;nde Cumhurba\u015fkan\u0131 se\u00e7ilen ki\u015finin partisiyle ili\u015fi\u011finin kesilece\u011fi ve TBMM \u00fcyeli\u011finin sona erece\u011fi h\u00fckme ba\u011fland\u0131\u011f\u0131na dikkat \u00e7eken Ayayd\u0131n, burada amac\u0131n tarafs\u0131z ve siyaset \u00fcst\u00fc k\u0131l\u0131nmak suretiyle Cumhurba\u015fkanl\u0131\u011f\u0131n\u0131n y\u00fcce bir makam olarak sayg\u0131nl\u0131\u011f\u0131n\u0131n korunmas\u0131 oldu\u011funu s\u00f6yledi. Cumhurba\u015fkan\u0131n\u0131n t\u00fcm cumhurun ba\u015f\u0131 olup, din, dil, \u0131rk, mezhep fark\u0131 g\u00f6zetmeksizin 74 milyon vatanda\u015f\u0131n devlet ba\u015fkan\u0131 oldu\u011funa i\u015faret eden Ayayd\u0131n, &#8220;Bu \u00e7er\u00e7evede, Cumhurba\u015fkan\u0131 sadece AKP&#8217;lilerin de\u011fil, bizlerin de, hatta TBMM&#8217;nin bir \u00fcyesi olarak Silivri Cezaevinde yatan Haberal, Balbay, Alan ve KCK tutuklusu olan di\u011fer milletvekillerinin de Cumhurba\u015fkanlar\u0131d\u0131r. Ancak g\u00f6r\u00fcnen o ki, Cumhurba\u015fkan\u0131 kendisini sadece AKP&#8217;lilerin Cumhurba\u015fkan\u0131 olarak g\u00f6rmektedir&#8221; dedi.<\/p>\n<p style=\"text-align: justify;\"><strong>&#8216;Cumhurba\u015fkan\u0131 atamalarda AKP kadrolar\u0131na yak\u0131n ki\u015filere \u00f6ncelik veriyor&#8217;\u00a0<\/strong><\/p>\n<p style=\"text-align: justify;\">&#8220;Cumhurba\u015fkanlar\u0131ndan beklenenin t\u00fcm topluma ayn\u0131 mesafede yer alarak kucaklay\u0131c\u0131 ve kapsay\u0131c\u0131 olmas\u0131d\u0131r&#8221; diyen Ayayd\u0131n \u015fu a\u00e7\u0131klamalarda bulundu: &#8220;Ancak \u00fcz\u00fclerek belirtmek istiyorum ki, mevcut Cumhurba\u015fkan\u0131m\u0131z bu hususlara pek de \u00f6zen g\u00f6stermemektedir. Bu durumun en \u00e7arp\u0131c\u0131 \u00f6rneklerini Cumhurba\u015fkan\u0131 taraf\u0131ndan yap\u0131lan atamalarda g\u00f6rmekteyiz. Anayasam\u0131zda ba\u015fta Anayasa Mahkemesi olmak \u00fczere pek \u00e7ok y\u00fcksek yarg\u0131 mensubunu, Y\u00d6K \u00fcyelerini ve \u00fcniversite rekt\u00f6rlerini se\u00e7me yetkisi tan\u0131nan Cumhurba\u015fkan\u0131 bug\u00fcne kadar yapt\u0131\u011f\u0131 atamalarda liyakat ve yetkinlikten ziyade sadakat ve yak\u0131nl\u0131k ve de hem\u015fehri kriterlerine g\u00f6re hareket etmi\u015ftir ve etmeye de devam ediyor. G\u00fcl&#8217;\u00fcn Cumhurba\u015fkanl\u0131\u011f\u0131 d\u00f6neminde, AKP kadrolar\u0131na yak\u0131n olan ki\u015filer atamalarda \u00f6ncelik kazanm\u0131\u015ft\u0131r. AKP&#8217;ye yak\u0131n olmak veya Kayserili olmak, fiilen atamalar i\u00e7in objektif bir kriter haline gelmi\u015ftir. \u00d6nemli makamlara atad\u0131\u011f\u0131 isimlere bak\u0131ld\u0131\u011f\u0131nda g\u00f6r\u00fcl\u00fcyor ki Cumhurba\u015fkan\u0131m\u0131z G\u00fcl AKP ile ayn\u0131 havuza birlikte su ta\u015f\u0131maktad\u0131rlar.&#8221;<\/p>\n<p style=\"text-align: justify;\">&#8216;<strong>Haberal, Balbay&#8217;la ilgili mesaj vermesini bekleyenler suk\u00fct-u hayale u\u011frad\u0131&#8217;\u00a0<\/strong><\/p>\n<p style=\"text-align: justify;\">Bu uygulamalar\u0131n Cumhurba\u015fkanl\u0131\u011f\u0131 y\u00fcce makam\u0131n\u0131n tarafs\u0131zl\u0131\u011f\u0131na ve siyaset \u00fcst\u00fc makam olmas\u0131 hususuna b\u00fcy\u00fck zarar verdi\u011fini ifade eden Ayayd\u0131n, bu duruma son \u00f6rne\u011fin Cumhurba\u015fkan\u0131n\u0131n 1 Ekim&#8217;de, Meclisin a\u00e7\u0131l\u0131\u015f g\u00fcn\u00fcnde yapt\u0131\u011f\u0131 konu\u015fma oldu\u011funa i\u015faret etti. Cumhurba\u015fkan\u0131 G\u00fcl&#8217;\u00fcn uzun konu\u015fmas\u0131 boyunca \u00fclkenin g\u00fcndemindeki en \u00f6nemli sorunlar\u0131 te\u011fet ge\u00e7erek bu konularda iktidar\u0131n yapmas\u0131 gereken hususlara de\u011finmedi\u011fine vurgu yapan Ayayd\u0131n, &#8220;\u00d6zellikle ekonomi ve d\u0131\u015f politika alanlar\u0131nda H\u00fck\u00fcmet taraf\u0131ndan izlenen politikalar\u0131n ba\u015far\u0131l\u0131 oldu\u011funu anlatma yolunu se\u00e7mi\u015ftir. Kendisinden, demokrasi, \u00f6zg\u00fcrl\u00fckler ve de konu\u015fma yapt\u0131\u011f\u0131 Y\u00fcce Meclisin orada bulunamayan \u00fcyeleri Haberal, Balbay ve di\u011fer tutuklu \u00fcyelerinin durumlar\u0131 ile ilgili mesaj vermesini bekleyen kesimi s\u00fckut-u hayale u\u011fratm\u0131\u015ft\u0131r. \u00d6te yandan cumhurun bekledi\u011fi, Cumhurba\u015fkan\u0131n\u0131n \u00e7\u00f6z\u00fclmeyen sorunlar\u0131 i\u015faret ederek bunlar\u0131 bir an \u00f6nce \u00e7\u00f6z\u00fclmesi i\u00e7in 9 y\u0131ld\u0131r iktidar olan AKP&#8217;ye gerekli mesajlar\u0131 vermesiydi&#8221; diye konu\u015ftu.<\/p>\n<p style=\"text-align: justify;\"><strong>&#8216;D\u0131\u015fi\u015fleri Bakan\u0131&#8217;na y\u0131ll\u0131k 500 bin lira kira \u00f6deniyor&#8217;\u00a0<\/strong><\/p>\n<p style=\"text-align: justify;\">Ayayd\u0131n konu\u015fmas\u0131nda, Cumhurba\u015fkan\u0131&#8217;n\u0131n se\u00e7ildi\u011fi g\u00fcnden bu yana ailesi ile birlikte Cumhurba\u015fkanl\u0131\u011f\u0131 K\u00f6\u015fk\u00fcndeki konutu yerine, D\u0131\u015fi\u015fleri Konutu kullanmas\u0131na da de\u011findi. Ayayd\u0131n, &#8220;Cumhurba\u015fkan\u0131, D\u0131\u015fi\u015fleri Konutunu kulland\u0131\u011f\u0131 i\u00e7in as\u0131l mal sahibi D\u0131\u015fi\u015fleri Bakan\u0131 da hakl\u0131 olarak bir ba\u015fka l\u00fcks konutu kiralamak durumunda kalm\u0131\u015f. S\u00f6ylentiler do\u011fru ise D\u0131\u015fi\u015fleri konutu olarak kiralanan yere de ayl\u0131k 40 bin TL civar\u0131nda, yani y\u0131ll\u0131k 500 bin TL&#8217;ye yakla\u015fan bir kira bedeli fakir fukaran\u0131n, i\u015f\u00e7inin, emeklinin ve de memurun ayl\u0131klar\u0131ndan kesilen vergilerden kar\u015f\u0131lanmaktad\u0131r&#8221; dedi.<\/p>\n<p style=\"text-align: justify;\"><strong>&#8216;Ke\u015fke Cumhurba\u015fkan\u0131 da ayn\u0131 yolu izleseydi&#8217;\u00a0<\/strong><\/p>\n<p style=\"text-align: justify;\">Ba\u015fbakan Recep Tayyip Erdo\u011fan&#8217;\u0131n da Ba\u015fbakanl\u0131k Konutunu kullanmad\u0131\u011f\u0131n\u0131 hat\u0131rlatan Ayayd\u0131n, ancak Ba\u015fbakan&#8217;\u0131n gidip bir ba\u015fkas\u0131n\u0131n konutunu fiilen i\u015fgal etmek yerine, paras\u0131n\u0131 cebinden \u00f6deyerek kendisine ev kiralad\u0131\u011f\u0131na i\u015faret etti. Ayayd\u0131n, &#8220;Ke\u015fke Cumhurba\u015fkan\u0131 da ayn\u0131 yolu izlemi\u015f olsayd\u0131. Bu y\u00fcksek mebla\u011fl\u0131 kiralama olay\u0131 do\u011fru de\u011fil ise de Cumhurba\u015fkanl\u0131\u011f\u0131 Genel Sekreteri do\u011frusunu a\u00e7\u0131klayarak, bug\u00fcn bu olaya son noktay\u0131 koymal\u0131d\u0131r&#8221; \u015feklinde konu\u015ftu.<\/p>\n<p style=\"text-align: justify;\"><strong>&#8216;TBMM, \u00fcyelerinin tutuklulu\u011funa seyirci konumunda&#8217;\u00a0<\/strong><\/p>\n<p style=\"text-align: justify;\">Ayayd\u0131n, konu\u015fmas\u0131nda TBMM&#8217;ye ili\u015fkin g\u00f6r\u00fc\u015flerini de aktard\u0131. TBMM B\u00fct\u00e7esini ele\u015ftirmek yerine olumlu katk\u0131 sa\u011flamay\u0131 \u00e7ok arzu etti\u011fini dile getirerek, &#8220;Ancak \u015fu anda TBMM denince, halk\u0131n iradesinin tecelli edildi\u011fi y\u00fcce meclis yerine, ne yaz\u0131k ki halk\u0131n iradesinin hi\u00e7e say\u0131ld\u0131\u011f\u0131 ve \u00fcyeleri Haberal, Balbay, Alan ve BDP li di\u011fer \u00fcyelerin parmakl\u0131klar aras\u0131nda oldu\u011fu bir ger\u00e7ekle kar\u015f\u0131 kar\u015f\u0131yay\u0131z. \u00dcstelik, TBMM bu durumu \u00e7\u00f6zme konusunda irade ortaya koymak yerine sadece seyirci konumunda&#8221; dedi.<\/p>\n<p style=\"text-align: justify;\"><strong>&#8216;Deniz Feneri ve K\u00f6stebek gibi olaylar\u0131 vatanda\u015f \u00f6\u011frenmesin diye&#8230;&#8217;\u00a0<\/strong><\/p>\n<p style=\"text-align: justify;\">\u0130ktidar partisinin talimat\u0131 ile Meclis TV&#8217;nin ekranlar\u0131n\u0131n karard\u0131\u011f\u0131na dikkat \u00e7eken Ayayd\u0131n, gerek\u00e7enin ise TBMM ile TRT aras\u0131nda yap\u0131lan anla\u015fmaya g\u00f6re, Meclis TV, sadece Genel Kurulun a\u00e7\u0131k oldu\u011fu Sal\u0131, \u00c7ar\u015famba ve Per\u015fembe g\u00fcnleri saat 15 ila 19 aras\u0131 naklen yay\u0131n yapmak durumunda olmas\u0131 oldu\u011funu s\u00f6yledi. Ayayd\u0131n, &#8220;\u0130yi de 2002 y\u0131l\u0131ndan 2011 y\u0131l\u0131na kadar akl\u0131n\u0131z neredeydi. 9 y\u0131l boyunca bu anla\u015fmay\u0131 b\u00f6yle uygulamak yerine, Grupta, komisyonda ve genel kurulun a\u00e7\u0131k oldu\u011fu her saatte Meclis TV&#8217;nin kameralar\u0131 kar\u015f\u0131s\u0131nda ahkam kesmediniz mi? O zaman bu anla\u015fma yok muydu? Desenize; ey 74 milyon insan biz sizi kand\u0131rd\u0131k. O tarihlerde g\u00f6rsel yay\u0131n yapan yanda\u015f bas\u0131n\u0131m\u0131z ve de iktidar\u0131m\u0131z\u0131n arka bah\u00e7esi olan TRT bize yetmiyordu. \u015eimdi yaz\u0131l\u0131 bas\u0131nda oldu\u011fu gibi g\u00f6rsel bas\u0131n\u0131n da tamam\u0131n\u0131 ele ge\u00e7irdik. Meclis TV&#8217;ye ihtiyac\u0131m\u0131z kalmad\u0131. \u00dcstelik haz\u0131r muhalefet partilerinin \u00e7al\u0131\u015fmalar\u0131n\u0131 g\u00f6steren TV kanal\u0131 kalmad\u0131. Meclis TV&#8217;yi de muhalefete kapatal\u0131m ki, muhalefetin g\u00fcndeme getirdi\u011fi Deniz Feneri, k\u00f6stebek gibi olaylar\u0131 vatanda\u015flar \u00f6\u011frenmesin. B\u00fct\u00fcn mesele budur. Ancak Meclis TV yay\u0131nlar\u0131n\u0131n sonland\u0131r\u0131lmas\u0131 Meclise hem g\u00f6lge hem de \u015faibe d\u00fc\u015f\u00fcrm\u00fc\u015ft\u00fcr. TBMM&#8217;nin yeni Ba\u015fkan\u0131ndan beklenen hem tutuklu milletvekillerinin meclis \u00e7al\u0131\u015fmalar\u0131na bir an \u00f6nce kat\u0131l\u0131mlar\u0131n\u0131n sa\u011flanmas\u0131, hem de Meclis TV&#8217;nin karanl\u0131\u011fa b\u00fcr\u00fcnen ekran\u0131n\u0131n yeniden \u0131\u015f\u0131\u011fa kavu\u015fmas\u0131n\u0131 sa\u011flamakt\u0131r&#8221; diye konu\u015ftu.<\/p>\n<p style=\"text-align: justify;\"><strong>&#8216;TBMM T\u00fcrkiye&#8217;nin en b\u00fcy\u00fck K\u0130T&#8217;i&#8217;\u00a0<\/strong><\/p>\n<p style=\"text-align: justify;\">Ayayd\u0131n, Meclis&#8217;in bug\u00fcn kamuda olumsuzluk anlam\u0131nda \u00f6rnek g\u00f6sterilen kurum haline geldi\u011fini s\u00f6yledi. TBMM&#8217;nin bug\u00fcn itibar\u0131yla T\u00fcrkiye&#8217;nin en b\u00fcy\u00fck K\u0130T&#8217;i haline geldi\u011fine dikkat \u00e7eken Ayayd\u0131n a\u00e7\u0131klamalar\u0131n\u0131 \u015f\u00f6yle s\u00fcrd\u00fcrd\u00fc: &#8220;Ge\u00e7ti\u011fimiz 9 y\u0131l i\u00e7inde TBMM idari kadrolar\u0131, hi\u00e7bir objektif kriter olmadan dost, ahbap-\u00e7avu\u015f ili\u015fkileri i\u00e7inde de\u011fi\u015ftirilmi\u015f ve bu kadrolara yeni elemanlar al\u0131nm\u0131\u015ft\u0131r. Bu d\u00f6nemde kimine g\u00f6re 600, kimine g\u00f6re 800 ki\u015fi bu \u015fekilde i\u015fe al\u0131nm\u0131\u015ft\u0131r. Al\u0131nanlar\u0131n kimi milletvekillerinin yak\u0131nlar\u0131, karde\u015fleri, hatta damad\u0131 ve gelini, kimi de e\u015f ve dostlar\u0131 oldu\u011fu dilden dile dola\u015fmaktad\u0131r. \u00dcstelik hukuksuzluk burada da durmayarak, daha nice ki\u015filer i\u00e7in h\u00fclle yolu ile hangi makamlara gelmeleri i\u00e7in hangi yollar, nas\u0131l izlenmi\u015ftir. Meclisin yasama kadrolar\u0131 kalitesi g\u00fcnden g\u00fcne kaybetmi\u015ftir. Kanunlar ve Kararnameler M\u00fcd\u00fcrl\u00fc\u011f\u00fcne ve yard\u0131mc\u0131l\u0131klar\u0131na getirilen ki\u015filer ile Yasamadan sorumlu Genel Sekreter Yard\u0131mc\u0131s\u0131n\u0131n bile Hukuk\u00e7u olmamalar\u0131 ayr\u0131 bir tart\u0131\u015fma konusudur. Maalesef TBMM&#8217;nin sayg\u0131nl\u0131\u011f\u0131na g\u00f6lge d\u00fc\u015f\u00fcren t\u00fcm bu uygulamalar sonucunda Meclis kan kaybetmektedir. Nitekim g\u00fcndemde olan TBMM Ba\u015fkanl\u0131\u011f\u0131 \u0130dari Te\u015fkilat\u0131 Kanunu Teklifinin gerek\u00e7esinde de &#8216;izlenen politikalar sonucunda i\u015fe g\u00f6re ki\u015fi de\u011fil, ki\u015fiye g\u00f6re i\u015f, atama ve y\u00fckselmede ehliyet ve liyakat ilkelerinin geri plana itilmesi gibi uygulamalar sonucunda adaletsizlik, motivasyon ve verimsizlik gibi sorunlar ya\u015fand\u0131\u011f\u0131&#8217; bizzat belirtilmektedir. Meclisin bu i\u00e7ler ac\u0131s\u0131 durumu Ba\u015fkan Cemil \u00c7i\u00e7ek&#8217;in de dikkatini \u00e7ekmi\u015f ve \u00c7i\u00e7ek ilk i\u015f olarak TBMM&#8217;nin bu haks\u0131zl\u0131klar\u0131 ve de s\u0131k\u0131nt\u0131lar\u0131 \u00e7\u00f6zmek i\u00e7in iyi niyetle b\u00f6yle bir te\u015fkilat kanunu \u00e7al\u0131\u015fmas\u0131 haz\u0131rlatm\u0131\u015ft\u0131r. CHP olarak Alt Komisyon s\u00fcreci tamamlanan bu TBMM Te\u015fkilat Kanun Teklifine ili\u015fkin bug\u00fcne kadar oldu\u011fu gibi bundan sonra da yap\u0131c\u0131 katk\u0131lar\u0131m\u0131z\u0131 vermeye devam edece\u011fiz. Ancak haks\u0131zl\u0131klara neden olacak maddelere de sonuna kadar muhalefetimizi s\u00fcrd\u00fcrece\u011fiz.&#8221;<\/p>\n<p style=\"text-align: justify;\"><strong>G\u00fcnal&#8217;dan KHK ele\u015ftirisi<\/strong><\/p>\n<p style=\"text-align: justify;\">MHP Antalya Milletvekili Mehmet G\u00fcnal, H\u00fck\u00fcmetin birbiri ard\u0131na yay\u0131nlad\u0131\u011f\u0131 Kanun H\u00fckm\u00fcnde Kararnameleri (KHK) ele\u015ftirdi. Kararnamelerin Resmi Gazetede yay\u0131mland\u0131klar\u0131 g\u00fcn T\u00fcrkiye B\u00fcy\u00fck Millet Meclisi&#8217;ne sunulaca\u011f\u0131na dikkat \u00e7eken G\u00fcnal, yetki kanunlar\u0131 ve bunlara dayanan kanun h\u00fckm\u00fcnde kararnamelerin, TBMM komisyonlar\u0131 ve Genel Kurul&#8217;unda \u00f6ncelikle ve ivedilikle g\u00f6r\u00fc\u015f\u00fclmesi gerekti\u011fini hat\u0131rlatt\u0131. Yani yetki kanununa g\u00f6re \u00e7\u0131kar\u0131lan KHK&#8217;leri TBMM&#8217;nin denetlemesi gerekti\u011fini s\u00f6yleyen G\u00fcnal, KHK&#8217;larla 8 y\u0131ld\u0131r bekleyen te\u015fkilat kanunlar\u0131n\u0131n \u00e7\u0131kar\u0131ld\u0131\u011f\u0131n\u0131 vurgulad\u0131. G\u00fcnal, bu kadar k\u00f6kl\u00fc de\u011fi\u015fiklik yapan, b\u00fct\u00fcn te\u015fkilatlar\u0131 yap\u0131land\u0131ran, devlet bi\u00e7imini, personel \u00e7al\u0131\u015fma bi\u00e7imini de\u011fi\u015ftiren d\u00fczenlemelerin KHK&#8217;larla d\u00fczenlendi\u011fini vurgulad\u0131. KHK&#8217;lar i\u00e7in verilen s\u00fcrenin 3 Kas\u0131m&#8217;da doldu\u011funu belirten G\u00fcnal, &#8220;Denetleme yetkisini kullanamazsak Meclisi kapatal\u0131m. Hesap Komisyonu kural\u0131m&#8221; dedi.<\/p>\n<p style=\"text-align: justify;\"><strong>&#8216;Cumhurba\u015fkanl\u0131\u011f\u0131 harcamalar\u0131 nereye gidiyor?&#8217;<\/strong><\/p>\n<p style=\"text-align: justify;\">\u00a0MHP \u0130stanbul Milletvekili Mehmet G\u00fcnal, Cumhurba\u015fkanl\u0131\u011f\u0131 harcamalar\u0131n\u0131n nereye gitti\u011fini sordu. Bu soruyu y\u0131llardan b\u00fct\u00e7e g\u00f6r\u00fc\u015fmelerinde iletti\u011fini dile getiren G\u00fcnal, buna kar\u015f\u0131n bir cevap alamad\u0131\u011f\u0131n\u0131 ifade etti. Cumhurba\u015fkan\u0131 G\u00fcl&#8217;\u00fcn K\u00f6\u015fk&#8217;e \u00e7\u0131kaca\u011f\u0131 ilk y\u0131l yapt\u0131rd\u0131klar\u0131 tadilat\u0131n anla\u015f\u0131labilece\u011fini ifade eden G\u00fcl, daha sonra bu harcamalar\u0131n nereye yap\u0131ld\u0131\u011f\u0131n\u0131n a\u00e7\u0131klanmas\u0131 gerekti\u011fini dile getirdi. G\u00fcnal, Say\u0131\u015ftay&#8217;\u0131n denetimlerde objektif kriterler belirlemesini istedi. Kayseri B\u00fcy\u00fck\u015fehir Belediyesi&#8217;nin denetlenip denetlenmeyece\u011fini sordu.<\/p>\n<p style=\"text-align: justify;\"><strong>&#8216;Cumhurba\u015fkan\u0131 neredeyse h\u00fck\u00fcmet program\u0131ndan pasajlar okuyor&#8217;\u00a0<\/strong><\/p>\n<p style=\"text-align: justify;\">MHP Manisa Milletvekili Erkan Ak\u00e7ay ise \u015fu a\u00e7\u0131klamalarda bulundu: &#8220;Cumhurba\u015fkan\u0131 neredeyse h\u00fck\u00fcmet program\u0131ndan pasajlar okuyor. TBMM&#8217;nin a\u00e7\u0131l\u0131\u015f\u0131nda yapt\u0131\u011f\u0131 son konu\u015fmas\u0131 ger\u00e7ekten \u00f6l\u00e7\u00fcy\u00fc zorlad\u0131. Cumhurba\u015fkan\u0131m\u0131z Cumhurba\u015fkan\u0131 oldu\u011funu ve devleti temsil etti\u011fini acaba bazen unutuyor mudur diye d\u00fc\u015f\u00fcn\u00fcyorum. Adalet Kalk\u0131nma Partisi h\u00fck\u00fcmeti mensubu gibi h\u00fck\u00fcmeti zora d\u00fc\u015f\u00fcren her konuda h\u00fck\u00fcmetten \u00f6nce a\u00e7\u0131klama yaparak h\u00fck\u00fcmeti koruma alt\u0131na almaya \u00e7al\u0131\u015fmaktad\u0131r.&#8221;<\/p>\n<p style=\"text-align: justify;\"><strong>Muhalefetten TBMM Ba\u015fkan\u0131&#8217;na &#8216;tutuklu vekiller&#8217; tepkisi\u00a0<\/strong><\/p>\n<p style=\"text-align: justify;\">B\u00fct\u00e7e g\u00f6r\u00fc\u015fmelerinde sunumlar\u0131n ard\u0131ndan milletvekilleri s\u00f6z alarak b\u00fct\u00e7e sunumlar\u0131na ili\u015fkin de\u011ferlendirmelerini sundu. CHP \u0130stanbul Milletvekili Ferit Mevl\u00fct Aslano\u011flu, tutuklu milletvekilleri sorununun TBMM Ba\u015fkan\u0131&#8217;n\u0131n da sorunu oldu\u011funa vurgu yapt\u0131\u011f\u0131 konu\u015fmas\u0131nda TBMM Ba\u015fkan\u0131 \u00c7i\u00e7ek&#8217;e &#8216;size olan inanc\u0131m\u0131z\u0131 yitiriyoruz&#8217; tepkisi g\u00f6sterdi. Aslano\u011flu, tutukluluk s\u00fcrelerinin uzunlu\u011fundan herkesin \u015fikayet etti\u011fini ve adaletin herkes i\u00e7in olmas\u0131 gerekti\u011fine vurgu yaparak, &#8220;Y\u0131llard\u0131r size inand\u0131k. \u0130nanc\u0131m\u0131z\u0131 kaybettirmeyin. \u0130nanc\u0131m\u0131z kayboluyor \u00e7\u00fcnk\u00fc. Yakla\u015f\u0131k 1 Ekim&#8217;den bu yana ge\u00e7en s\u00fcrede bu konuda hi\u00e7bir ad\u0131m at\u0131lmad\u0131. Bunlara sahip \u00e7\u0131kacak makam sizsiniz. Bu konuda bug\u00fcne kadar herhangi bir ad\u0131m at\u0131\u011f\u0131n\u0131z\u0131 g\u00f6rmedik. Size olan inanc\u0131m\u0131z\u0131 zedeletmeyin. Bizim size olan inanc\u0131m\u0131z zedelenmeye ba\u015flad\u0131. Sayg\u0131m\u0131z devam edecek ama inanc\u0131m\u0131z zedelenirse bundan en \u00e7ok biz \u00fcz\u00fcl\u00fcr\u00fcz&#8221; diye konu\u015ftu.<\/p>\n<p style=\"text-align: justify;\"><strong>&#8216;Halk iradesini Meclis&#8217;te g\u00f6rmek istiyor&#8217;\u00a0<\/strong><\/p>\n<p style=\"text-align: justify;\">BDP Diyarbak\u0131r Milletvekili Nursel Aydo\u011fan ise tutuklu vekiller konusunda Meclis Ba\u015fkanl\u0131\u011f\u0131&#8217;na \u00f6nemli g\u00f6revler d\u00fc\u015ft\u00fc\u011f\u00fcn\u00fc kaydederken &#8220;Arkada\u015flar\u0131m\u0131z her ne kadar g\u00f6r\u00fc\u015flerini be\u011fenmesek de halk\u0131n se\u00e7ti\u011fi arkada\u015flar\u0131m\u0131zd\u0131r. Halk da iradelerini Meclis&#8217;te g\u00f6rmek istemektedir. Meclis Ba\u015fkan\u0131 olarak size d\u00fc\u015fen \u00f6nemli g\u00f6revler var. Bizim beklentimiz 8 milletvekilimizin \u00e7al\u0131\u015fmalara ba\u015flamas\u0131d\u0131r. \u00d6l\u00fcm d\u0131\u015f\u0131nda di\u011fer vekil arkada\u015flar\u0131m\u0131n temsiliyet g\u00f6revlerini yapmalar\u0131 y\u00f6n\u00fcndedir&#8221; dedi.<\/p>\n<p style=\"text-align: justify;\">CHP \u0130zmir Milletvekili Musa \u00c7am ise AKP&#8217;li vekillerin Deniz Feneri davas\u0131nda tutuklular\u0131 ziyaretlerini hat\u0131rlatarak bunun yarg\u0131ya m\u00fcdahale olmad\u0131\u011f\u0131n\u0131, bir heyetle TBMM&#8217;nin de bu tutuklu milletvekillerini ziyaret etmesi gerekti\u011fini s\u00f6yledi.<\/p>\n<p style=\"text-align: justify;\"><strong>Meclis TV yay\u0131nlar\u0131n\u0131n kesilmesi\u00a0<\/strong><\/p>\n<p style=\"text-align: justify;\">B\u00fct\u00e7e g\u00f6r\u00fc\u015fmelerinde milletvekillerinin bir di\u011fer tepkisi ise Meclis TV&#8217;de partilerin grup toplant\u0131lar\u0131n\u0131n ve 19.00&#8217;dan sonraki \u00e7al\u0131\u015fmalar\u0131n yay\u0131nlanmamas\u0131 konusunda geldi. Milletvekilleri, yurtta\u015flar\u0131n mensubu olduklar\u0131 siyasi partilerin grup konu\u015fmalar\u0131n\u0131n Meclis TV \u00fczerinden takip edildi\u011fini belirterek se\u00e7menin her \u015feyi g\u00f6rmek istedi\u011fini, bu y\u00fczden yay\u0131nlar\u0131n durdurulmas\u0131 konusuna m\u00fcdahale edilmesini istedi. CHP&#8217;li Ferit Mevl\u00fct Aslano\u011flu Meclis Ba\u015fkan\u0131&#8217;n\u0131n bu konuda tavr\u0131n\u0131 g\u00f6stermesini ve masaya yumru\u011funu vurmas\u0131n\u0131 istedi.<\/p>\n<p style=\"text-align: justify;\"><strong>\u00c7al\u0131\u015fanlar aras\u0131ndaki adaletsizlik\u00a0<\/strong><\/p>\n<p style=\"text-align: justify;\">Milletvekillerinin g\u00fcndemindeki bir di\u011fer konu da TBMM \u00e7al\u0131\u015fanlar\u0131 aras\u0131ndaki adaletsizlik konusu oldu. Ayn\u0131 departmanda biri kadrolu di\u011feri 4C&#8217;ye tabi olarak \u00e7al\u0131\u015fan Meclis personeli aras\u0131nda \u00fccret konusunda \u00f6nemli bir fark bulundu\u011funa dikkat \u00e7eken vekiller, bu adaletsizli\u011finde \u00f6n\u00fcm\u00fczdeki d\u00f6nemde ortadan kald\u0131r\u0131lmas\u0131n\u0131 istedi.<\/p>\n<p style=\"text-align: justify;\">\u00d6te yandan CHP \u0130stanbul Milletvekili Ferit Mevl\u00fct Aslano\u011flu yerel y\u00f6netimlere y\u00f6nelik yolsuzluk soru\u015fturmalar\u0131na da B\u00fct\u00e7e konu\u015fmas\u0131nda tepki g\u00f6sterdi. Aslano\u011flu, muhalefet partisine ba\u011fl\u0131 belediye ba\u015fkanlar\u0131na sabah\u0131n erken saatlerinde bask\u0131nlar yap\u0131larak, elleri kelep\u00e7elenerek g\u00f6zalt\u0131na al\u0131nd\u0131\u011f\u0131n\u0131 kaydederek &#8220;Bug\u00fcne kadar bir iktidar partisinin belediye ba\u015fkan\u0131 eli kelep\u00e7eli gitti mi? Burada sizin acaba etkiniz var m\u0131? Burada kimin etkisi var? Maalesef her ne hikmetse hep muhalefet&#8221; diye konu\u015ftu.<\/p>\n<p style=\"text-align: justify;\"><strong>\u00c7i\u00e7ek, sorulara yan\u0131t verdi\u00a0<\/strong><\/p>\n<p style=\"text-align: justify;\">TBMM Ba\u015fkan\u0131 \u00c7i\u00e7ek, Plan ve B\u00fct\u00e7e Komisyonu&#8217;nda g\u00f6r\u00fc\u015f\u00fclen 2012 y\u0131l\u0131 B\u00fct\u00e7e g\u00f6r\u00fc\u015fmelerinde milletvekillerinin kendisine y\u00f6neltti\u011fi sorulara yan\u0131t verdi. \u00d6zellikle tutuklu vekiller konusunda kendisini bir \u015feyler yapmaya davet eden milletvekillerine yan\u0131t veren \u00c7i\u00e7ek, prensip itibariyle hi\u00e7bir insan\u0131n tutuklu kalmas\u0131n\u0131 arzu etmedi\u011fini, bunu temenni etmek ile temini i\u00e7in \u00e7aba sarf etmek aras\u0131nda fark oldu\u011funu s\u00f6yledi.<\/p>\n<p style=\"text-align: justify;\">\u00c7i\u00e7ek Anayasa&#8217;da da bu konuyla ilgili var olan h\u00fck\u00fcmleri hat\u0131rlatarak &#8220;Ge\u00e7mi\u015fte de bu Anayasa y\u00fcr\u00fcrl\u00fc\u011fe girdi\u011finden beri h\u00fck\u00fcmler 138. Madde 61 Anayasas\u0131&#8217;nda da var olan h\u00fck\u00fcmlerdir. O zaman baz\u0131 konular meclis g\u00fcndemine geldi\u011finde bu konuyu konu\u015famazs\u0131n\u0131z \u00e7\u00fcnk\u00fc yarg\u0131ya intikal etmi\u015f olayla ilgi mecliste konu\u015fma yap\u0131lamaz. A\u00e7\u0131n bak\u0131n tart\u0131\u015fmalar\u0131. O zaman \u015fu pozisyonda olanlar konu\u015fabilir demi\u015f, bu pozisyonda olan konu\u015fulamaz demi\u015f. Sonra devran de\u011fi\u015fince konu\u015fulur diyenler bu tarafa ge\u00e7mi\u015f konu\u015fulmaz diyenler bu tarafa ge\u00e7mi\u015f&#8221; dedi.<\/p>\n<p style=\"text-align: justify;\">\u00c7i\u00e7ek \u015f\u00f6yle devam etti: &#8220;Maalesef birileri belli bir s\u00fcreden beri bir k\u0131s\u0131m yarg\u0131 konular\u0131 T\u00fcrkiye&#8217;nin en \u00f6ncelikli konusu oluyor. Tabiat\u0131yla bir milletvekili tutukluysa bir an evvel \u00f6zg\u00fcrl\u00fc\u011f\u00fcne kavu\u015fmas\u0131n\u0131 ben de isterim. Ama cezaevinin anahtar\u0131 Meclis Ba\u015fkan\u0131&#8217;n\u0131n elinde de\u011fil ki. Meclis Ba\u015fkan\u0131 h\u00fck\u00fcmete emir veremez ki. Ben temenni mi s\u00f6ylerim. Yine s\u00f6yl\u00fcyorum. Ceza Muhakemesi Kanunu 100. Maddesi. Tutuklanma sebepleri orada yaz\u0131yor. Bu maddedeki kriterlerin \u00e7ok hassas uygulanmas\u0131 laz\u0131m. Bir s\u00fcre sonra insanlar beraat edecekse bu tutukluluk mahkumiyete d\u00f6n\u00fc\u015fmemeli. \u00c7\u00fcnk\u00fc tutukluluk bir tedbirdir. Tedbirden beklenen maksat has\u0131l olduysa, tahliyeleri gerekir. Biz bu konularda ileri bir d\u00fczenleme yapt\u0131k Anayasa&#8217;da. 90. Maddede insan hak ve \u00f6zg\u00fcrl\u00fckleri ile ilgili uluslararas\u0131 s\u00f6zle\u015fmeler kanunla \u00e7at\u0131\u015ft\u0131\u011f\u0131nda \u00f6ncelikle s\u00f6zle\u015fmeler uygulan\u0131r. 100. Maddeyi uygulamayan yarg\u0131 organlar\u0131n\u0131 dikkate alarak bu i\u015fleri g\u00f6t\u00fcrmeleri gerekir. Bunu bir temenni olarak s\u00f6yleriz. Bilemedi\u011fim bir konuda Meclis Ba\u015fkan\u0131 olarak konu\u015ftu\u011fumda yetkin kadar konu\u015f diyen olur. Bir defa daha temennimiz yarg\u0131lamalar\u0131n bir an evvel sonu\u00e7lanmas\u0131 ve bu i\u015flerin ayan beyan hale gelmesi ve tutukluluklar\u0131n mahkumiyete d\u00f6n\u00fc\u015fmemesidir.&#8221;<\/p>\n<p style=\"text-align: justify;\"><strong>&#8216;Te\u015febb\u00fcste bulunmad\u0131\u011f\u0131m\u0131 kimse s\u00f6yleyemez&#8217;\u00a0<\/strong><\/p>\n<p style=\"text-align: justify;\">TBMM Ba\u015fkan\u0131 Cemil \u00c7i\u00e7ek, tutuklu vekiller konusunda kimsenin kendisinin bir te\u015febb\u00fcste bulunmad\u0131\u011f\u0131n\u0131 s\u00f6yleyemeyece\u011fini belirterek, &#8220;Baz\u0131 i\u015fler vard\u0131r ki ilgililerle konu\u015fursunuz. \u0130lle de bunun herkesin g\u00f6z\u00fc \u00f6n\u00fcnde olmas\u0131 gerekmiyor. Daha sakin bir ortamda konu\u015fmak gerekiyor. Ben \u00fczerime d\u00fc\u015feni yapmaya \u00e7al\u0131\u015f\u0131yorum. Bunun d\u0131\u015f\u0131nda ne d\u00fc\u015ferse de yapmak isterim&#8221; dedi.<\/p>\n<p style=\"text-align: justify;\">\u00c7i\u00e7ek bu konuda gereken Anayasal d\u00fczenlemelerin yap\u0131lmas\u0131 konusunda milletvekillerine \u00f6nemli g\u00f6revler d\u00fc\u015ft\u00fc\u011f\u00fcn\u00fc hat\u0131rlatarak &#8220;Meclisin kendisinin yapmas\u0131 gereken bir hususu kendi yapmay\u0131p da ba\u015fkan yaps\u0131n dersek o da olmaz. Anayasan\u0131n 14. Maddesinde baz\u0131 su\u00e7lar dokunulmazl\u0131k kapsam\u0131na girmiyor. Bunu de\u011fi\u015ftirmek gerekecek. Milletvekilli\u011finin hangi hallerde d\u00fc\u015fece\u011fi belli. Bunlar\u0131n d\u00fczenlemesi yapmak laz\u0131m. \u0130yi de \u015fu an ya\u015fad\u0131\u011f\u0131m\u0131z sorunlar\u0131n \u00f6nemli bir k\u0131sm\u0131 anayasadaki g\u00fcn\u00fcn \u015fartlar\u0131na uygun olmayan d\u00fczenlemelerden kaynaklan\u0131yor. Bir milletvekili se\u00e7ilmeden \u00f6nce h\u00fck\u00fcm giymi\u015f. Bana h\u00fck\u00fcm b\u00f6yle bunu de\u011fi\u015ftirmek laz\u0131m. Bunu kim de\u011fi\u015ftirecek. Meclisteki tek organ meclis ba\u015fkan\u0131 de\u011fil&#8221; diye konu\u015ftu.<\/p>\n<p style=\"text-align: justify;\">&#8216;<strong>TRT ile baz\u0131 hususlar\u0131 g\u00f6r\u00fc\u015fmeye devam ediyoruz&#8217;\u00a0<\/strong><\/p>\n<p style=\"text-align: justify;\">TBMM Ba\u015fkan\u0131 \u00c7i\u00e7ek, TBMM TV&#8217;nin yay\u0131nlar\u0131n\u0131n durdurulmas\u0131 konusundaki milletvekillerinin tepkilerine de yan\u0131t verdi. Sorunun sadece ak\u015fam 19.00&#8217;u a\u015fan yay\u0131nlar konusunda ya\u015fand\u0131\u011f\u0131n\u0131 belirten \u00c7i\u00e7ek, &#8220;TRT ile baz\u0131 hususlar\u0131 g\u00f6r\u00fc\u015fmeye devam ediyoruz. \u00c7\u00f6zmeye \u00e7al\u0131\u015f\u0131yoruz&#8221; dedi.<\/p>\n<p style=\"text-align: justify;\"><strong>&#8216;Kar\u0131m 6 y\u0131ld\u0131r Meclis&#8217;e gelmedi&#8217;\u00a0<\/strong><\/p>\n<p style=\"text-align: justify;\">\u00c7i\u00e7ek, milletvekillerinin maa\u015flar\u0131 ve kendilerine sa\u011flanan imkanlar konusunda kamuoyunda olu\u015fan tepkilerin ise milletvekillerinin yek v\u00fccut olmamas\u0131ndan kaynakland\u0131\u011f\u0131n\u0131 s\u00f6yledi. Ta\u015f\u0131d\u0131\u011f\u0131 sorumluluk ve \u00e7ekti\u011fi s\u0131k\u0131nt\u0131ya g\u00f6re T\u00fcrkiye&#8217;nin en d\u00fc\u015f\u00fck \u00fccreti alan kurumunun TBMM oldu\u011funu s\u00f6yleyen \u00c7i\u00e7ek \u015f\u00f6yle konu\u015ftu: &#8220;Kamuda g\u00f6rev yapanlar bilecektir. Bir\u00e7ok kurumda g\u00f6rev yapan insanlar\u0131n temsil \u00f6dene\u011fi var. \u0130\u00e7irdi\u011fi \u00e7ay yedirdi\u011fi yemek devletten. Bunlar\u0131n temsil \u00f6dene\u011fi var. Siz yan\u0131l\u0131p bir temsil \u00f6dene\u011fi derseniz k\u0131yamet kopar. Valiye gelince eyvallah da lojman devletten araba devletten. \u0130stirahat odalar\u0131 bile sizin oturdu\u011funuz odalardan b\u00fcy\u00fckt\u00fcr. Bunlar\u0131 s\u00f6yledi\u011fimiz zaman baz\u0131 arkada\u015flar bedavaya da yapar\u0131z diyor. Hi\u00e7birimiz bu i\u015fi maa\u015f i\u00e7in yapm\u0131yoruz. Bir memleket hizmetidir ama vali de memleket hizmeti yapar. Halk\u0131n se\u00e7tiklerinin ayr\u0131ca ikinci plana itilmesi tu kaka yap\u0131lmas\u0131 beni en fazlas\u0131yla \u00fcz\u00fcyor. Bak\u0131n 6 y\u0131ld\u0131r Meclisteyim. Benim e\u015fim bir tek g\u00fcn burada yemek yememi\u015ftir. Ama \u00e7orba 50 kuru\u015f diye man\u015fet at\u0131l\u0131yor. Devlet kurumlar\u0131nda \u00e7\u0131kan yemekten fark\u0131 var m\u0131? Kar gayesi olmad\u0131\u011f\u0131 i\u00e7in her g\u00fcn 4 bin 5 bin ki\u015fiye yemek \u00e7\u0131kar\u0131yoruz. Sanki t\u00fcm \u00e7orbay\u0131 milletvekilleri i\u00e7iyor. T\u00fcm fasulyeyi milletvekillerin \u00e7ocuklar\u0131 yiyor. Buna kar\u015f\u0131l\u0131k kurumsal olarak toplu halde cevap vermiyoruz. Esas mesele buradad\u0131r. Hakimlerin ayr\u0131 yasas\u0131 var. Silahl\u0131 kuvvetlerin ayr\u0131 yasas\u0131 var milletvekillerinin ayr\u0131 yasas\u0131 yok. Biz bir \u015fey ka\u00e7\u0131rm\u0131yoruz. Burada se\u00e7ilen insanlar\u0131n milletin hakk\u0131n\u0131 yemek gibi bir d\u00fc\u015f\u00fcncesi olamaz. Bak\u0131n\u0131z gayet net milletvekili konu\u015funken yumurta at\u0131l\u0131r yuh \u00e7ekilir. Ayn\u0131 \u015fey kamu g\u00f6revlisine yap\u0131l\u0131rsa memura hakaretten i\u00e7eri girer. Ben adalet bakan\u0131 olarak 120 metrekare evimde oturuyordum m\u00fcste\u015far\u0131m lojmanda oturuyordu. Birine niye ayr\u0131cal\u0131k. Biz burada yek v\u00fccut olamad\u0131k.&#8221;<\/p>\n<p style=\"text-align: justify;\"><a href=\"http:\/\/www.cumhuriyet.com.tr\/?hn=289934\" target=\"_blank\">Kaynak : Cumhuriyet Haber portal\u0131<\/a><\/p>\n","protected":false},"excerpt":{"rendered":"<p style=\"text-align: center;\">\n<p style=\"text-align: justify;\">CHP \u0130stanbul Milletvekili Ayd\u0131n Ayayd\u0131n, Cumhurba\u015fkan\u0131n\u0131n t\u00fcm cumhurun ba\u015f\u0131 olup, din, dil, \u0131rk, mezhep fark\u0131 g\u00f6zetmeksizin 74 milyon vatanda\u015f\u0131n devlet ba\u015fkan\u0131 oldu\u011funa i\u015faret ederek, buna kar\u015f\u0131n G\u00fcl&#8217;\u00fcn kendisini AKP&#8217;lilerin Cumhurba\u015fkan\u0131 olarak g\u00f6rd\u00fc\u011f\u00fcn\u00fc ileri s\u00fcrd\u00fc. <\/p>\n","protected":false},"author":1,"featured_media":0,"comment_status":"open","ping_status":"open","sticky":false,"template":"","format":"standard","meta":{"footnotes":""},"categories":[105],"tags":[],"class_list":["post-41811","post","type-post","status-publish","format-standard","hentry","category-gundem","odd"],"_links":{"self":[{"href":"http:\/\/www.korhanyilmaz.com\/index.php?rest_route=\/wp\/v2\/posts\/41811","targetHints":{"allow":["GET"]}}],"collection":[{"href":"http:\/\/www.korhanyilmaz.com\/index.php?rest_route=\/wp\/v2\/posts"}],"about":[{"href":"http:\/\/www.korhanyilmaz.com\/index.php?rest_route=\/wp\/v2\/types\/post"}],"author":[{"embeddable":true,"href":"http:\/\/www.korhanyilmaz.com\/index.php?rest_route=\/wp\/v2\/users\/1"}],"replies":[{"embeddable":true,"href":"http:\/\/www.korhanyilmaz.com\/index.php?rest_route=%2Fwp%2Fv2%2Fcomments&post=41811"}],"version-history":[{"count":0,"href":"http:\/\/www.korhanyilmaz.com\/index.php?rest_route=\/wp\/v2\/posts\/41811\/revisions"}],"wp:attachment":[{"href":"http:\/\/www.korhanyilmaz.com\/index.php?rest_route=%2Fwp%2Fv2%2Fmedia&parent=41811"}],"wp:term":[{"taxonomy":"category","embeddable":true,"href":"http:\/\/www.korhanyilmaz.com\/index.php?rest_route=%2Fwp%2Fv2%2Fcategories&post=41811"},{"taxonomy":"post_tag","embeddable":true,"href":"http:\/\/www.korhanyilmaz.com\/index.php?rest_route=%2Fwp%2Fv2%2Ftags&post=41811"}],"curies":[{"name":"wp","href":"https:\/\/api.w.org\/{rel}","templated":true}]}}