{"id":41807,"date":"2011-10-30T17:47:52","date_gmt":"2011-10-30T15:47:52","guid":{"rendered":"http:\/\/www.korhanyilmaz.com\/?p=41807"},"modified":"2011-10-31T08:58:49","modified_gmt":"2011-10-31T06:58:49","slug":"24-pkkli-icin-onurumuzdur-dedi","status":"publish","type":"post","link":"http:\/\/www.korhanyilmaz.com\/?p=41807","title":{"rendered":"24 PKK&#8217;l\u0131 i\u00e7in &#8220;onurumuzdur&#8221; dedi"},"content":{"rendered":"<p style=\"text-align: justify;\"><a href=\"http:\/\/www.korhanyilmaz.com\/wp-content\/uploads\/2011\/10\/3064.jpg\"  class=\"lightview\"><img loading=\"lazy\" decoding=\"async\" class=\"aligncenter size-full wp-image-41808\" title=\"\" src=\"http:\/\/www.korhanyilmaz.com\/wp-content\/uploads\/2011\/10\/3064.jpg\" alt=\"\" width=\"292\" height=\"224\" \/><\/a><\/p>\n<p style=\"text-align: justify;\">BDP Genel Ba\u015fkan\u0131 Selahattin Demirta\u015f, ter\u00f6r \u00f6rg\u00fct\u00fc PKK&#8217;ya y\u00f6nelik operasyonlar\u0131 ve KCK&#8217;ya y\u00f6nelik g\u00f6zalt\u0131lar\u0131 ele\u015ftirdi. Demirta\u015f, &#8220;E\u011fik bir ba\u015f olmaktansa, yan\u0131k iki ayak olmay\u0131 tercih eden gen\u00e7ler onurumuzdur, sahip \u00e7\u0131kaca\u011f\u0131z&#8221; dedi.\u00a0<!--more--><\/p>\n<p style=\"text-align: justify;\">(DHA) &#8212; G\u00fcndo\u011fdu Mahallesi&#8217;ndeki \u015eah D\u00fc\u011f\u00fcn Salonu&#8217;nda BDP Mersin il kongresinde partililere hitap eden Demirta\u015f, boynuna as\u0131lan sar\u0131-k\u0131rm\u0131z\u0131-ye\u015fil renkli po\u015fuyla konu\u015fma yapt\u0131.<\/p>\n<p style=\"text-align: justify;\">Salonu dolduran partililer de sar\u0131-k\u0131rm\u0131z\u0131-ye\u015fil renkli bez par\u00e7alar\u0131 sallay\u0131p, K\u00fcrt\u00e7e &#8216;Ya\u015fas\u0131n Ba\u015fkan Apo&#8217; diye sloganlar\u0131 att\u0131.<\/p>\n<p style=\"text-align: justify;\">Selahattin Demirta\u015f, Malatya morgunda 24 PKK&#8217;l\u0131n\u0131n cenazesinin bekletildi\u011fini, bunlara vah\u015fet uyguland\u0131\u011f\u0131n\u0131 iddia etti.<\/p>\n<p style=\"text-align: justify;\">Demirta\u015f, \u015f\u00f6yle konu\u015ftu: &#8220;Cenazelere sayg\u0131 g\u00f6sterilmemektedir. H\u00fck\u00fcmetten elbette ki b\u00f6ylesine bir konuda duyarl\u0131l\u0131k beklemiyoruz. \u00c7\u00fcnk\u00fc art\u0131k \u00e7ok a\u00e7\u0131k anla\u015f\u0131ld\u0131 ki, bunlar kanla abdest al\u0131p, g\u00f6stermelik namaza duran \u00fc\u00e7 ka\u011f\u0131t\u00e7\u0131lard\u0131r. Bizi anlamak istemeyenlere bir kez daha a\u00e7\u0131k\u00e7a belirtiyorum; e\u011fik bir ba\u015f olmaktansa, yan\u0131k iki ayak olmay\u0131 tercih eden gen\u00e7ler onurumuzdur, sahip \u00e7\u0131kaca\u011f\u0131z. Sahip \u00e7\u0131kmamak onursuzluktur, cenazesine, evlad\u0131na sahip \u00e7\u0131kmamak onursuzluktur, bu vah\u015fete sessiz kalmak onursuzluktur. Biz b\u00f6yle bir onursuzlu\u011fu kabul etmeyece\u011fiz.&#8221;<\/p>\n<p style=\"text-align: justify;\">S\u00fcleyman Demirel ve Tansu \u00c7iller&#8217;in ba\u015fbakan oldu\u011fu d\u00f6nemleri de hat\u0131rlatan Demirta\u015f, s\u00f6zlerini \u015f\u00f6yle s\u00fcrd\u00fcrd\u00fc: &#8220;O d\u00f6nemlerde de bunlar\u0131n \u00e7ok daha beterini g\u00f6rd\u00fck. &#8216;Bunlar\u0131 bitirece\u011fiz&#8217; diyorlard\u0131. \u015eimdi bak\u0131n &#8216;ya bitecek ya bitecek&#8217; diyenlerin nerede oldu\u011fu belli de\u011fil, ama BDP 36 milletvekili ile Meclis&#8217;te. Zulm\u00fcn varaca\u011f\u0131 yer, Tansu \u00c7iller&#8217;in vard\u0131\u011f\u0131 yerdir. Kim bitecek hepimiz g\u00f6rece\u011fiz. O nedenle kimseden aman dilemiyoruz. Ne kadar cezaevi varsa hepimizi oraya doldurun. Bakal\u0131m kim bitecek? Biz hakl\u0131y\u0131z, bizim me\u015fru taleplerimiz var. Biz kimseye zul\u00fcm yapmad\u0131k, yapmayaca\u011f\u0131z. Kimse moralini bozmas\u0131n. Bunlar\u0131n \u00e7ok kulland\u0131\u011f\u0131 bir laf var, \u015fimdi ben onlara s\u00f6yleyeyim; &#8216;Bunlar\u0131n son \u00e7\u0131rp\u0131n\u0131\u015flar\u0131d\u0131r, son \u00e7\u0131rp\u0131n\u0131\u015flar\u0131&#8217;&#8230; Kar\u0131ncaya sormu\u015flar, &#8216;Nereye gidiyorsun?&#8217;, &#8216;Hacca gidiyorum&#8217; demi\u015f. &#8216;Sen bu gidi\u015fler Hacca yeti\u015femezsin&#8217; demi\u015fler. O da &#8216;En az\u0131ndan yolunda \u00f6l\u00fcr\u00fcm&#8217; demi\u015f. Bize d\u00fc\u015fen de b\u00f6yle bir onurlu yolda y\u00fcr\u00fcmektir. En az\u0131ndan u\u011frunda \u00f6l\u00fcr\u00fcz.&#8221;<\/p>\n<p style=\"text-align: justify;\"><a href=\"http:\/\/www.cnnturk.com\/2011\/guncel\/10\/30\/24.pkkli.icin.onurumuzdur.dedi\/635024.0\/index.html\" target=\"_blank\">Kaynak : CNN T\u00dcRK<\/a><\/p>\n","protected":false},"excerpt":{"rendered":"<p style=\"text-align: justify;\">\n<p style=\"text-align: justify;\">BDP Genel Ba\u015fkan\u0131 Selahattin Demirta\u015f, ter\u00f6r \u00f6rg\u00fct\u00fc PKK&#8217;ya y\u00f6nelik operasyonlar\u0131 ve KCK&#8217;ya y\u00f6nelik g\u00f6zalt\u0131lar\u0131 ele\u015ftirdi. Demirta\u015f, &#8220;E\u011fik bir ba\u015f olmaktansa, yan\u0131k iki ayak olmay\u0131 tercih eden gen\u00e7ler onurumuzdur, sahip \u00e7\u0131kaca\u011f\u0131z&#8221; dedi. <\/p>\n","protected":false},"author":1,"featured_media":0,"comment_status":"open","ping_status":"open","sticky":false,"template":"","format":"standard","meta":{"footnotes":""},"categories":[105],"tags":[],"class_list":["post-41807","post","type-post","status-publish","format-standard","hentry","category-gundem","odd"],"_links":{"self":[{"href":"http:\/\/www.korhanyilmaz.com\/index.php?rest_route=\/wp\/v2\/posts\/41807","targetHints":{"allow":["GET"]}}],"collection":[{"href":"http:\/\/www.korhanyilmaz.com\/index.php?rest_route=\/wp\/v2\/posts"}],"about":[{"href":"http:\/\/www.korhanyilmaz.com\/index.php?rest_route=\/wp\/v2\/types\/post"}],"author":[{"embeddable":true,"href":"http:\/\/www.korhanyilmaz.com\/index.php?rest_route=\/wp\/v2\/users\/1"}],"replies":[{"embeddable":true,"href":"http:\/\/www.korhanyilmaz.com\/index.php?rest_route=%2Fwp%2Fv2%2Fcomments&post=41807"}],"version-history":[{"count":0,"href":"http:\/\/www.korhanyilmaz.com\/index.php?rest_route=\/wp\/v2\/posts\/41807\/revisions"}],"wp:attachment":[{"href":"http:\/\/www.korhanyilmaz.com\/index.php?rest_route=%2Fwp%2Fv2%2Fmedia&parent=41807"}],"wp:term":[{"taxonomy":"category","embeddable":true,"href":"http:\/\/www.korhanyilmaz.com\/index.php?rest_route=%2Fwp%2Fv2%2Fcategories&post=41807"},{"taxonomy":"post_tag","embeddable":true,"href":"http:\/\/www.korhanyilmaz.com\/index.php?rest_route=%2Fwp%2Fv2%2Ftags&post=41807"}],"curies":[{"name":"wp","href":"https:\/\/api.w.org\/{rel}","templated":true}]}}