{"id":41804,"date":"2011-10-31T00:12:09","date_gmt":"2011-10-30T22:12:09","guid":{"rendered":"http:\/\/www.korhanyilmaz.com\/?p=41804"},"modified":"2011-10-31T08:56:08","modified_gmt":"2011-10-31T06:56:08","slug":"erdogan-kusurlarimiz-oldu-elbet","status":"publish","type":"post","link":"http:\/\/www.korhanyilmaz.com\/?p=41804","title":{"rendered":"Erdo\u011fan: &#8220;Kusurlar\u0131m\u0131z oldu elbet&#8230;&#8221;"},"content":{"rendered":"<p style=\"text-align: center;\"><a href=\"http:\/\/www.korhanyilmaz.com\/wp-content\/uploads\/2011\/10\/3063.jpg\"  class=\"lightview\"><img loading=\"lazy\" decoding=\"async\" class=\"aligncenter  wp-image-41805\" src=\"http:\/\/www.korhanyilmaz.com\/wp-content\/uploads\/2011\/10\/3063.jpg\" alt=\"\" width=\"307\" height=\"236\" \/><\/a><\/p>\n<p style=\"text-align: justify;\">Ba\u015fbakan Recep Tayyip Erdo\u011fan, &#8220;Ulusa Sesleni\u015f&#8221; konu\u015fmas\u0131nda Van&#8217;daki deprem sonras\u0131 yap\u0131lan m\u00fcdahaleleri hat\u0131rlatarak &#8220;Kusurlar\u0131m\u0131z oldu elbet&#8221; dedi. Erdo\u011fan, ter\u00f6rle m\u00fccadele i\u00e7in ise, &#8220;ter\u00f6r \u00f6rg\u00fct\u00fcn\u00fc oksijensiz b\u0131rakmak i\u00e7in her t\u00fcrl\u00fc tedbiri al\u0131yoruz&#8221; diye konu\u015ftu.<!--more--><\/p>\n<p style=\"text-align: justify;\">Erdo\u011fan, televizyonlarda yay\u0131mlanan Ulusa Sesleni\u015f konu\u015fmas\u0131nda vatanda\u015flara seslendi.<\/p>\n<p style=\"text-align: justify;\">Konu\u015fmas\u0131n\u0131n ba\u015f\u0131nda, 23 Ekim Pazar g\u00fcn\u00fc Van&#8217;da meydana gelen depremde hayat\u0131n\u0131 kaybeden vatanda\u015flara Allah&#8217;tan rahmet, yak\u0131nlar\u0131na, t\u00fcm millete sab\u0131r ve ba\u015fsa\u011fl\u0131\u011f\u0131, yaral\u0131lara da acil \u015fifalar dileyen Erdo\u011fan, \u015f\u00f6yle konu\u015ftu:<\/p>\n<p style=\"text-align: justify;\">&#8220;Yine bu vesileyle ba\u015fta \u00c7ukurca&#8217;ya yap\u0131lan hain sald\u0131r\u0131 nedeniyle olmak \u00fczere, ter\u00f6rle m\u00fccadelede vatan ve millet u\u011fruna canlar\u0131n\u0131 feda eden, \u015fahadete eri\u015fen kahramanlar\u0131m\u0131za da Allah&#8217;tan rahmet niyaz ediyorum. Yaralanan t\u00fcm g\u00fcvenlik g\u00fc\u00e7lerimizin bir an \u00f6nce s\u0131hhatlerine kavu\u015fmalar\u0131 arzu ve temennimi burada bir kez daha tekrarlamak istiyorum.<\/p>\n<p style=\"text-align: justify;\">Bilindi\u011fi \u00fczere, 23 Ekim g\u00fcn\u00fc, merkez \u00fcss\u00fc Van&#8217;\u0131n Tabanl\u0131 k\u00f6y\u00fc olan 7.2 \u015fiddetinde bir deprem meydana geldi. Erci\u015f ba\u015fta olmak \u00fczere \u00e7evre iller ve k\u00f6ylerde de y\u0131k\u0131m ve hasara yol a\u00e7an bu deprem, hepimizi derinden sarst\u0131. Deprem, Van \u00e7evresindeki \u015fehirleri ve k\u0131rsallar\u0131n\u0131 da etkiledi, y\u00fcre\u011fimizi yakan can kay\u0131plar\u0131na neden oldu.<\/p>\n<p style=\"text-align: justify;\">Bu zor g\u00fcn\u00fcm\u00fczde yurt d\u0131\u015f\u0131ndan taziye mesajlar\u0131n\u0131, ge\u00e7mi\u015f olsun dileklerini ileten, yard\u0131m\u0131m\u0131za ko\u015fan t\u00fcm \u00fclke liderlerine, dost ve karde\u015f \u00fclke halklar\u0131na \u00fclkem ve milletim ad\u0131na \u015f\u00fckranlar\u0131m\u0131 sunuyorum. Bu felaket g\u00fcnlerinde, t\u00fcm d\u00fcnyaya \u00f6rnek te\u015fkil edecek bir dayan\u0131\u015fma sergileyen, karde\u015fli\u011fimizi t\u00fcm d\u00fcnyaya bir kez daha en m\u00fc\u015fahhas \u015fekilde ispat eden 74 milyon T\u00fcrkiye Cumhuriyeti vatanda\u015f\u0131n\u0131n da her birine kalpten te\u015fekk\u00fcr ediyorum.&#8221;<\/p>\n<p style=\"text-align: justify;\"><strong>&#8220;Tecr\u00fcbelerden ders \u00e7\u0131karmak&#8221;\u00a0<\/strong><\/p>\n<p style=\"text-align: justify;\">T\u00fcrkiye&#8217;nin bir deprem \u00fclkesi oldu\u011funa vurgu yapan Ba\u015fbakan Erdo\u011fan, depremlerle ya\u015famay\u0131 \u00f6\u011frenmek, bu duruma uyum g\u00f6stermek mecburiyetinde oldu\u011fumuzu dile getirdi.<\/p>\n<p style=\"text-align: justify;\">Zira, depremleri \u00f6nlemenin, yerk\u00fcrenin hareketlerini engellemenin, fizik kanunlar\u0131n\u0131 de\u011fi\u015ftirmenin, b\u00f6ylesi tabii afetlerin \u00f6n\u00fcne ge\u00e7menin imkan\u0131 bulunmad\u0131\u011f\u0131na i\u015faret eden Erdo\u011fan, s\u00f6zlerini \u015f\u00f6yle s\u00fcrd\u00fcrd\u00fc:<\/p>\n<p style=\"text-align: justify;\">&#8220;Maalesef, her toplum, her \u00fclke bu ac\u0131 tecr\u00fcbeleri ya\u015f\u0131yor, ya\u015famak zorunda kal\u0131yor. Ancak, bu tecr\u00fcbelerden dersler \u00e7\u0131karmak, depremin yaralar\u0131n\u0131n sar\u0131lmas\u0131nda en do\u011fru y\u00f6ntemleri bulmak mecburiyetindeyiz. Nitekim bu son hadisede, ge\u00e7mi\u015fte ya\u015fad\u0131\u011f\u0131m\u0131z ac\u0131 tecr\u00fcbelerden b\u00fcy\u00fck oranda dersler \u00e7\u0131kar\u0131ld\u0131\u011f\u0131na, ge\u00e7mi\u015fteki hatalar\u0131n tekrar edilmedi\u011fine, \u00e7aresizlik ve a\u015f\u0131r\u0131 panik ya\u015fanmad\u0131\u011f\u0131na \u015fahit olduk.<\/p>\n<p style=\"text-align: justify;\">Kamu kurum ve kurulu\u015flar\u0131m\u0131z\u0131n, sivil toplum \u00f6rg\u00fctlerimizin, sa\u011fl\u0131k kurulu\u015flar\u0131m\u0131z\u0131n, yerel y\u00f6netimlerimizin, arama kurtarma ekiplerimizin, yard\u0131m kurulu\u015flar\u0131m\u0131z\u0131n, g\u00fcvenlik g\u00fc\u00e7lerimizin ivedilikle b\u00f6lgeye intikal ettiklerini, edebildiklerini hep birlikte g\u00f6rd\u00fck. Her ne kadar aksakl\u0131klar, eksiklikler olsa da gerekli te\u00e7hizatlar, yard\u0131m malzemeleri s\u00fcratle afetzedelerle bulu\u015fturuldu, b\u00f6lgedeki yaralar bir an evvel sar\u0131lmaya ba\u015fland\u0131.<\/p>\n<p style=\"text-align: justify;\">Deprem an\u0131ndan itibaren, ilgili bakanlar\u0131m\u0131z, Van milletvekillerimiz, ilgili kurumlar\u0131m\u0131z derhal deprem mahalline do\u011fru harekete ge\u00e7tiler. Ben de ayn\u0131 saatlerde beraberimdeki bakan arkada\u015flar\u0131mla, \u0130stanbul&#8217;dan Van&#8217;a do\u011fru yola \u00e7\u0131kt\u0131m ve burada ilk de\u011ferlendirmeleri yapt\u0131ktan hemen sonra felaketin en ciddi bi\u00e7imde ya\u015fand\u0131\u011f\u0131 Erci\u015f il\u00e7emize gittim. Gerek Erci\u015f il\u00e7emizde gerek Van&#8217;da incelemelerde bulundum: Hem yetkilileri, hem vatanda\u015flar\u0131m\u0131z\u0131 dinledim, ya\u015fanan s\u0131k\u0131nt\u0131lar\u0131 yakinen tespit ettim.<\/p>\n<p style=\"text-align: justify;\">Aksakl\u0131klar\u0131n giderilmesi, ihtiya\u00e7lar\u0131n kar\u015f\u0131lanmas\u0131, \u00e7al\u0131\u015fmalar\u0131n koordineli bir \u015fekilde y\u00fcr\u00fct\u00fclmesi i\u00e7in b\u00f6lgede haz\u0131r bulunan yetkililere gerekli talimatlar\u0131 verdim ve bakan arkada\u015flar\u0131m\u0131n riyasetinde orada koordinasyon merkezlerini s\u00fcratle olu\u015fturduk, olgunla\u015ft\u0131rd\u0131k.&#8221;<\/p>\n<p style=\"text-align: justify;\"><strong>&#8220;Kusurlar\u0131m\u0131z oldu elbet&#8221;\u00a0<\/strong><\/p>\n<p style=\"text-align: justify;\">B\u00fct\u00fcn bakanl\u0131klar\u0131n, T\u00fcrk K\u0131z\u0131lay&#8217;\u0131, Ba\u015fbakanl\u0131k Afet ve Acil Durum Y\u00f6netimi Ba\u015fkanl\u0131\u011f\u0131, T\u00fcrk Silahl\u0131 Kuvvetleri, Emniyet Genel M\u00fcd\u00fcrl\u00fc\u011f\u00fc, T\u00fcrk Hava Yollar\u0131n\u0131n, tek tek ismini sayamayamad\u0131\u011f\u0131 her kurumun, depremle ilgili olarak tedbirlerini ald\u0131klar\u0131n\u0131, harekete ge\u00e7tiklerini ve \u00e7al\u0131\u015fmalar\u0131n i\u00e7inde bulunduklar\u0131n\u0131 dile getiren Erdo\u011fan, \u015f\u00f6yle devam etti:<\/p>\n<p style=\"text-align: justify;\">&#8220;\u00c7ad\u0131r ve battaniye da\u011f\u0131t\u0131m\u0131ndan g\u00fcnl\u00fck g\u0131da teminine, sa\u011fl\u0131k hizmetlerinden psikolojik deste\u011fe, \u0131s\u0131nmadan e\u011fitime, tar\u0131mdan maliyeye kadar her alanda ama her alanda geni\u015f spektrumlu bir yakla\u015f\u0131mla b\u00f6lge insan\u0131n\u0131n elinden tuttuk, tutaca\u011f\u0131z.<\/p>\n<p style=\"text-align: justify;\">Kusurlar\u0131m\u0131z elbette oldu. Elbette an\u0131nda b\u00fct\u00fcn ihtiya\u00e7 sahiplerine ula\u015fmak m\u00fcmk\u00fcn olmad\u0131. Ancak, b\u00f6yle b\u00fcy\u00fck ve geni\u015f \u00e7apl\u0131 bir afette, bu t\u00fcr aksakl\u0131klar\u0131n ya\u015fanmas\u0131 takdir edersiniz ki gayet tabiidir. Nitekim, zaman ilerledik\u00e7e bu aksakl\u0131klar da giderilmi\u015f, en \u00fccra k\u00f6\u015feye kadar ihtiya\u00e7 sahiplerine ula\u015f\u0131lm\u0131\u015ft\u0131r.<\/p>\n<p style=\"text-align: justify;\"><strong>&#8220;\u00c7\u00fcr\u00fck binalar&#8230;&#8221;\u00a0<\/strong><\/p>\n<p style=\"text-align: justify;\">Vatanda\u015flardan biraz daha sab\u0131r isteyen Ba\u015fbakan Erdo\u011fan, \u015f\u00f6yle konu\u015ftu: &#8220;Zira kal\u0131c\u0131 konutlar\u0131 24 saatte kurmak m\u00fcmk\u00fcn de\u011fil. Onun i\u00e7in burada Elaz\u0131\u011f&#8217;da oldu\u011fu gibi Erzurum&#8217;da oldu\u011fu gibi, Bursada oldu\u011fu gibi 6-8 ay gibi bir zamana ihtiyac\u0131m\u0131z var. Yine \u015funu unutmayal\u0131m; \u00f6zellikle belirtmek istiyorum: Biz deprem ku\u015fa\u011f\u0131 \u00fczerinde, fay hatlar\u0131n\u0131n bulundu\u011fu bir b\u00f6lgede yer al\u0131yoruz, farkl\u0131 iklim \u00f6zelliklerinin oldu\u011fu, d\u00f6rt mevsimin ya\u015fand\u0131\u011f\u0131 bir co\u011frafyada ya\u015f\u0131yoruz.<\/p>\n<p style=\"text-align: justify;\">Haliyle, bug\u00fcne kadar ya\u015fad\u0131\u011f\u0131m\u0131z afetler, sel felaketleri, depremler bug\u00fcne kadar oldu\u011fu gibi bundan sonra da ka\u00e7\u0131n\u0131lmaz olarak ya\u015fanabilir. Burada \u00f6nemli olan, bu afetler kar\u015f\u0131s\u0131nda her an tedbirli olmak, haz\u0131rl\u0131kl\u0131 olmak ve an\u0131nda m\u00fcdahale edebilmektir, Bizi as\u0131l y\u0131kan, bize as\u0131l zarar veren, depremin kendisinden \u00e7ok, depreme kar\u015f\u0131 gerekli hassasiyetin g\u00f6sterilmemi\u015f olmas\u0131d\u0131r, felaketlere kar\u015f\u0131 gerekli hassasiyetin g\u00f6sterilmemi\u015f olmas\u0131d\u0131r. Van depreminde bunu bir kez daha tecr\u00fcbe ettik.<\/p>\n<p style=\"text-align: justify;\">Yap\u0131lan onca uyar\u0131ya, ya\u015fanan onca ac\u0131 tecr\u00fcbeye, \u00f6denen onca a\u011f\u0131r bedele ra\u011fmen, tedbirin elden b\u0131rak\u0131ld\u0131\u011f\u0131na, \u00e7\u00fcr\u00fck binalar\u0131n in\u015fa edildi\u011fine, nerede yap\u0131lacak nerede yap\u0131lmayacak buna dikkat edilmeden binalar\u0131n in\u015fa edildi\u011fine, \u00e7\u00fcr\u00fck binalarda ya\u015fand\u0131\u011f\u0131na \u015fahit olduk, hala da oluyoruz.<\/p>\n<p style=\"text-align: justify;\">Y\u0131k\u0131lan binalar, enkazlar her \u015feyi ayan beyan ortaya koyuyor. Beton bina ad\u0131 alt\u0131nda adeta kumdan kaleler, kumdan binalar, kumdan meskenler in\u015fa ediliyor. Binalar\u0131n kalitesiz malzemeyle yap\u0131lmas\u0131 yetmezmi\u015f gibi, &#8216;daireyi, d\u00fckkan\u0131, ma\u011fazay\u0131 geni\u015fletece\u011fim&#8217; d\u00fc\u015f\u00fcncesiyle binalardaki ta\u015f\u0131y\u0131c\u0131 s\u00fctunlar kald\u0131r\u0131l\u0131yor, kolonlar kesiliyor.<\/p>\n<p style=\"text-align: justify;\">Belediyeler de m\u00fcteahhitler de denetim elemanlar\u0131 da bu ihmallerin cinayetle, intiharla e\u015f anlaml\u0131 oldu\u011funu art\u0131k kabul etmek durumundad\u0131r. Bunun yan\u0131nda, deprem sonras\u0131nda \u00f6zellikle sosyal payla\u015f\u0131m sitelerinde, baz\u0131 televizyon ekranlar\u0131nda, baz\u0131 gazete k\u00f6\u015felerinde ortaya konan ayr\u0131mc\u0131 tutum ve tav\u0131r da yaram\u0131za tuz bas\u0131yor.<\/p>\n<p style=\"text-align: justify;\"><strong>Ter\u00f6r\u00a0<\/strong><\/p>\n<p style=\"text-align: justify;\">Erdo\u011fan, televizyonlarda yay\u0131mlanan &#8220;Ulusa Sesleni\u015f&#8221; konu\u015fmas\u0131nda, Cumhuriyetin 88&#8217;inci kurulu\u015f y\u0131ld\u00f6n\u00fcm\u00fcn\u00fcn idrak edildi\u011fi, ileri demokrasi ad\u0131na \u00e7ok \u00f6nemli ad\u0131mlar atmaya haz\u0131rlan\u0131lan bir d\u00f6nemde maalesef kirli eller taraf\u0131ndan yine sevince g\u00f6lge d\u00fc\u015f\u00fcr\u00fclmeye \u00e7al\u0131\u015f\u0131ld\u0131\u011f\u0131n\u0131 s\u00f6yledi.<\/p>\n<p style=\"text-align: justify;\">Ba\u015fbakan Erdo\u011fan, \u00f6nce Bitlis G\u00fcroymak&#8217;tan 5 polisin bombal\u0131 bir sald\u0131r\u0131 sonucunda \u015fehit edildi\u011fi haberi geldi\u011fini an\u0131msatarak, \u015funlar\u0131 kaydetti: &#8220;Ayn\u0131 olayda biri \u00e7ocuk 5 sivil vatanda\u015f\u0131m\u0131z da hayat\u0131n\u0131 kaybetti, bir\u00e7ok sivil yaraland\u0131. Ard\u0131ndan, TBMM&#8217;de \u00fclkemize daha demokratik, daha adil ve daha \u00f6zg\u00fcrl\u00fck\u00e7\u00fc bir anayasa haz\u0131rlama \u00e7al\u0131\u015fmalar\u0131n\u0131n ba\u015flayaca\u011f\u0131 bir g\u00fcnde \u00c7ukurca&#8217;da, haince bir ter\u00f6r sald\u0131r \u0131s\u0131nda 25 askerimizi \u015fehit verdik. Ancak, y\u0131lmadan, yorulmadan, ter\u00f6rle m\u00fccadelemizi de s\u00fcrd\u00fcrd\u00fck ve s\u00fcrd\u00fcr\u00fcyoruz. G\u00fcvenlik g\u00fc\u00e7lerimizin bir s\u00fcredir koordineli bir \u015fekilde y\u00fcr\u00fctmekte oldu\u011fu operasyonlar, son olaylar\u0131n ard\u0131ndan daha da yo\u011funla\u015fm\u0131\u015f bir \u015fekilde devam ediyor.&#8221;<\/p>\n<p style=\"text-align: justify;\"><strong>&#8220;Ter\u00f6r \u00f6rg\u00fct\u00fc \u00f6nemli kay\u0131plara u\u011frat\u0131l\u0131yor&#8221;\u00a0<\/strong><\/p>\n<p style=\"text-align: justify;\">T\u00fcrk silahl\u0131 kuvvetlerinin ve polisin, emniyet g\u00fc\u00e7lerinin el ele, omuz omuza dayan\u0131\u015fma i\u00e7erisinde bu m\u00fccadeleyi s\u00fcrd\u00fcrd\u00fcklerini vurgulayan Ba\u015fbakan Erdo\u011fan, konu\u015fmas\u0131n\u0131 \u015f\u00f6yle s\u00fcrd\u00fcrd\u00fc: &#8220;\u00c7ukurca ve \u00e7evresi ba\u015fta olmak \u00fczere yurt i\u00e7inde ve s\u0131n\u0131r \u00f6tesinde<\/p>\n<p style=\"text-align: justify;\">s\u00fcrd\u00fcr\u00fclen hava destekli kara operasyonu an be an hedefine ula\u015f\u0131yor. Ter\u00f6r \u00f6rg\u00fct\u00fc \u00f6nemli kay\u0131plara u\u011frat\u0131l\u0131yor. H\u00fck\u00fcmet olarak, bir yandan ter\u00f6rle m\u00fccadelede kararl\u0131 ad\u0131mlar\u0131 atarken, di\u011fer yandan uluslararas\u0131 temaslar\u0131m\u0131z\u0131 yo\u011funla\u015ft\u0131r\u0131yoruz. Bu kapsamda, Irak B\u00f6lgesel Y\u00f6netimi eski Ba\u015fbakan\u0131 ve KDP Ba\u015fkan Yard\u0131mc\u0131s\u0131 Say\u0131n Ne\u00e7irvan Barzani ile bir g\u00f6r\u00fc\u015fme yapt\u0131k. Mesut Barzani ile de telefon g\u00f6r\u00fc\u015fmesi ger\u00e7ekle\u015ftirdik ve bir araya gelme karar\u0131 i\u00e7in kendilerini T\u00fcrkiye&#8217;ye davet ettik ve gelecekler. Yine, \u0130ran D\u0131\u015fi\u015fleri Bakan\u0131 Salihi&#8217;yi kabul ederek, b\u00f6lgedeki son geli\u015fmelere ili\u015fkin de\u011ferlendirmelerimizi payla\u015ft\u0131k.&#8221;<\/p>\n<p style=\"text-align: justify;\"><strong>&#8220;Ter\u00f6r \u00f6rg\u00fct\u00fcn\u00fc oksijensiz b\u0131rakmak&#8230;&#8221;\u00a0<\/strong><\/p>\n<p style=\"text-align: justify;\">Erdo\u011fan, medya sahipleri, genel yay\u0131n y\u00f6netmenleri ve temsilcileriyle bir araya geldiklerini de hat\u0131rlatarak, \u015funlar\u0131 kaydetti: &#8220;Yakla\u015f\u0131k 3 saatlik bir toplant\u0131da, hem kendilerini bilgilendirdik, hem medya ter\u00f6r ili\u015fkisine dair baz\u0131 hissiyat\u0131m\u0131z\u0131 kendileriyle payla\u015ft\u0131k, hem de kendilerini dinleme imkan\u0131 bulduk. Ter\u00f6r\u00fcn propagandas\u0131n\u0131 engellemek, ter\u00f6r \u00f6rg\u00fct\u00fcn\u00fc oksijensiz b\u0131rakmak i\u00e7in her t\u00fcrl\u00fc tedbiri al\u0131yoruz. Bunu yaparken hi\u00e7bir kesimi \u00f6tekile\u015ftirmiyoruz, hi\u00e7bir kesime \u00f6nyarg\u0131yla yakla\u015fm\u0131yoruz. Bu \u00fclkenin insanlar\u0131n\u0131n b\u00fct\u00fcn hayal k\u0131r\u0131kl\u0131klar\u0131, b\u00fct\u00fcn g\u00f6n\u00fcl k\u0131rg\u0131nl\u0131klar\u0131, b\u00fct\u00fcn vicdan yaralar\u0131 sevgiyle, karde\u015flikle, \u015fefkatle iyile\u015ftirilecek. Daha fazla adaletle, daha fazla demokrasiyle, daha fazla \u00f6zg\u00fcrl\u00fckle bu \u00fclke bir u\u00e7tan bir uca bir daha kararmamak \u00fczere ayd\u0131nlanacak. Zira ter\u00f6r\u00fcn panzehiri daha fazla demokrasidir. Ter\u00f6r\u00fcn \u00e7aresi insan haklar\u0131nda, hukukta, adalette, \u00f6zg\u00fcrl\u00fckte, demokraside sebat etmek, ilerlemek, daha m\u00fcreffeh bir toplum olabilmektedir.&#8221;<\/p>\n<p style=\"text-align: justify;\"><strong>&#8220;Bu kirli hesap tutmayacak&#8221;\u00a0<\/strong><\/p>\n<p style=\"text-align: justify;\">Ba\u015fbakan Erdo\u011fan \u015f\u00f6yle devam etti: &#8220;Onun i\u00e7in, ter\u00f6r \u00f6rg\u00fct\u00fc mevcudiyetini korumak ad\u0131na, ger\u00e7ekte milletimizin karde\u015fli\u011fini, T\u00fcrkiye&#8217;nin de\u011fi\u015fim umutlar\u0131n\u0131, demokrasimizi,<\/p>\n<p style=\"text-align: justify;\">hukukumuzu hedef almaktad\u0131r. Bu kirli odaklar T\u00fcrkiye&#8217;nin geli\u015fmesini, \u00f6zg\u00fcrle\u015fmesini, demokratikle\u015fmesini, huzur ve istikrar i\u00e7inde karde\u015f\u00e7e m\u00fc\u015fterek bir gelece\u011fe y\u00fcr\u00fcmesini istemiyorlar. Bu \u00fclkenin b\u00fcy\u00fcmesini, g\u00fc\u00e7lenmesini, b\u00f6lgesinde ve d\u00fcnyada s\u00f6z sahibi olmas\u0131n\u0131, hakl\u0131n\u0131n yan\u0131nda yer al\u0131p haks\u0131za kar\u015f\u0131 \u00e7\u0131kmas\u0131n\u0131 istemiyorlar.<\/p>\n<p style=\"text-align: justify;\">Ancak bu kirli hesap tutmayacak, ter\u00f6rden medet umanlar maksatlar\u0131na asla ula\u015famayacaklar. Kimsenin ama kimsenin bu \u00fclkenin baht\u0131n\u0131 karartmas\u0131na izin vermeyece\u011fiz. Birli\u011fimizi, beraberli\u011fimizi, karde\u015fli\u011fimizi onlar\u0131n kirli hesaplar\u0131na kurban etmeyece\u011fiz. Bu \u00fclkenin huzur ve istikrar\u0131n\u0131 bozdurmayacak, milletimizin de\u011fi\u015fim iradesini sekteye u\u011fratmayaca\u011f\u0131z.&#8221;<\/p>\n<p style=\"text-align: justify;\"><a href=\"http:\/\/www.cnnturk.com\/2011\/turkiye\/10\/30\/erdogan.kusurlarimiz.oldu.elbet\/635043.0\/index.html\" target=\"_blank\">Kaynak : CNN T\u00dcRK<\/a><\/p>\n","protected":false},"excerpt":{"rendered":"<p style=\"text-align: center;\">\n<p style=\"text-align: justify;\">Ba\u015fbakan Recep Tayyip Erdo\u011fan, &#8220;Ulusa Sesleni\u015f&#8221; konu\u015fmas\u0131nda Van&#8217;daki deprem sonras\u0131 yap\u0131lan m\u00fcdahaleleri hat\u0131rlatarak &#8220;Kusurlar\u0131m\u0131z oldu elbet&#8221; dedi. Erdo\u011fan, ter\u00f6rle m\u00fccadele i\u00e7in ise, &#8220;ter\u00f6r \u00f6rg\u00fct\u00fcn\u00fc oksijensiz b\u0131rakmak i\u00e7in her t\u00fcrl\u00fc tedbiri al\u0131yoruz&#8221; diye konu\u015ftu.<\/p>\n","protected":false},"author":1,"featured_media":0,"comment_status":"open","ping_status":"open","sticky":false,"template":"","format":"standard","meta":{"footnotes":""},"categories":[105],"tags":[],"class_list":["post-41804","post","type-post","status-publish","format-standard","hentry","category-gundem","odd"],"_links":{"self":[{"href":"http:\/\/www.korhanyilmaz.com\/index.php?rest_route=\/wp\/v2\/posts\/41804","targetHints":{"allow":["GET"]}}],"collection":[{"href":"http:\/\/www.korhanyilmaz.com\/index.php?rest_route=\/wp\/v2\/posts"}],"about":[{"href":"http:\/\/www.korhanyilmaz.com\/index.php?rest_route=\/wp\/v2\/types\/post"}],"author":[{"embeddable":true,"href":"http:\/\/www.korhanyilmaz.com\/index.php?rest_route=\/wp\/v2\/users\/1"}],"replies":[{"embeddable":true,"href":"http:\/\/www.korhanyilmaz.com\/index.php?rest_route=%2Fwp%2Fv2%2Fcomments&post=41804"}],"version-history":[{"count":0,"href":"http:\/\/www.korhanyilmaz.com\/index.php?rest_route=\/wp\/v2\/posts\/41804\/revisions"}],"wp:attachment":[{"href":"http:\/\/www.korhanyilmaz.com\/index.php?rest_route=%2Fwp%2Fv2%2Fmedia&parent=41804"}],"wp:term":[{"taxonomy":"category","embeddable":true,"href":"http:\/\/www.korhanyilmaz.com\/index.php?rest_route=%2Fwp%2Fv2%2Fcategories&post=41804"},{"taxonomy":"post_tag","embeddable":true,"href":"http:\/\/www.korhanyilmaz.com\/index.php?rest_route=%2Fwp%2Fv2%2Ftags&post=41804"}],"curies":[{"name":"wp","href":"https:\/\/api.w.org\/{rel}","templated":true}]}}