{"id":4180,"date":"2009-02-27T17:25:45","date_gmt":"2009-02-27T15:25:45","guid":{"rendered":"http:\/\/www.korhanyilmaz.com\/?p=4180"},"modified":"2009-02-27T17:25:45","modified_gmt":"2009-02-27T15:25:45","slug":"usakta-son-35-yilin-en-yuksek-yagis-miktari","status":"publish","type":"post","link":"http:\/\/www.korhanyilmaz.com\/?p=4180","title":{"rendered":"U\u015fak&#039;ta son 35 y\u0131l\u0131n en y\u00fcksek ya\u011f\u0131\u015f miktar\u0131"},"content":{"rendered":"<p style=\"text-align: center;\"><img loading=\"lazy\" decoding=\"async\" class=\"aligncenter size-full wp-image-4181\" title=\"U\u015fak'ta son 35 y\u0131l\u0131n en y\u00fcksek ya\u011f\u0131\u015f miktar\u0131  \" src=\"http:\/\/www.korhanyilmaz.com\/wp-content\/uploads\/2009\/02\/image3.jpg\" alt=\"U\u015fak'ta son 35 y\u0131l\u0131n en y\u00fcksek ya\u011f\u0131\u015f miktar\u0131  \" width=\"420\" height=\"244\" \/><\/p>\n<p style=\"text-align: justify;\">\n<p style=\"text-align: justify;\"><strong>U\u015fak&#8217;ta bu ay son 35 y\u0131l\u0131n en y\u00fcksek ya\u011f\u0131\u015f miktar\u0131na ula\u015f\u0131ld\u0131\u011f\u0131, metrekareye 171.2 kilogram ya\u011f\u0131\u015f d\u00fc\u015ft\u00fc\u011f\u00fc, g\u00f6let ve barajlardaki doluluk oran\u0131n y\u00fczde 100&#8217;e yakla\u015ft\u0131\u011f\u0131 bildirildi. U\u015fak Meteoroloji M\u00fcd\u00fcrl\u00fc\u011f\u00fcnden al\u0131nan bilgiye g\u00f6re, bu ay il genelinde metrekareye 171.2 kilogram ya\u011f\u0131\u015f d\u00fc\u015ft\u00fc.<\/strong><\/p>\n<p style=\"text-align: justify;\">Ayl\u0131k verilere g\u00f6re, son 35 y\u0131l\u0131n en y\u00fcksek ya\u011f\u0131\u015f oran\u0131na ula\u015f\u0131ld\u0131\u011f\u0131n\u0131 bildiren yetkililer, son 5 ayda il genelinde metrekareye 479 kilogram ya\u011f\u0131\u015f d\u00fc\u015ft\u00fc\u011f\u00fcn\u00fc, bu rakam\u0131n ge\u00e7en y\u0131l\u0131n ayn\u0131 d\u00f6neminde metrekareye 297 kilogram oldu\u011funu bildirdi.<!--more--><\/p>\n<p style=\"text-align: justify;\">U\u015fak Tar\u0131m M\u00fcd\u00fcr\u00fc Atilla Arslan, gazetecilere yapt\u0131\u011f\u0131 a\u00e7\u0131klamada, ya\u011f\u0131\u015flarla il genelinde bulunan 16 g\u00f6let ve 1 barajdaki doluluk oranlar\u0131n\u0131n y\u00fczde 100&#8217;e ula\u015ft\u0131\u011f\u0131n\u0131 belirterek, tar\u0131m arazilerinde bu y\u0131l rekor \u00fcr\u00fcn beklediklerini ifade etti.<\/p>\n<p style=\"text-align: justify;\">Arslan, &#8221;\u0130l genelinde a\u011f\u0131rl\u0131kl\u0131 olarak kuru tar\u0131m yap\u0131l\u0131yor. Son 5 ayda istedi\u011fimizin \u00fczerinde ya\u011f\u0131\u015f ald\u0131k. \u00c7ift\u00e7imiz olduk\u00e7a memnun. Mart ve nisan aylar\u0131nda metrekareye yakla\u015f\u0131k 150 kilogram ya\u011f\u0131\u015f alabilirsek t\u00fcm tar\u0131m \u00fcr\u00fcnlerinde rekor seviyede verimlilik bekliyoruz&#8221; ded\u0130.<\/p>\n<p style=\"text-align: justify;\"><span style=\"color: #888888;\">Kaynak : Star Gazetesi<\/span><\/p>\n","protected":false},"excerpt":{"rendered":"<p style=\"text-align: center;\">\n<p style=\"text-align: justify;\">\n<p style=\"text-align: justify;\">U\u015fak&#8217;ta bu ay son 35 y\u0131l\u0131n en y\u00fcksek ya\u011f\u0131\u015f miktar\u0131na ula\u015f\u0131ld\u0131\u011f\u0131, metrekareye 171.2 kilogram ya\u011f\u0131\u015f d\u00fc\u015ft\u00fc\u011f\u00fc, g\u00f6let ve barajlardaki doluluk oran\u0131n y\u00fczde 100&#8217;e yakla\u015ft\u0131\u011f\u0131 bildirildi. U\u015fak Meteoroloji M\u00fcd\u00fcrl\u00fc\u011f\u00fcnden al\u0131nan bilgiye g\u00f6re, bu ay il genelinde metrekareye 171.2 kilogram ya\u011f\u0131\u015f d\u00fc\u015ft\u00fc.<\/p>\n<p style=\"text-align: justify;\">Ayl\u0131k verilere g\u00f6re, son 35 <\/p>\n","protected":false},"author":1,"featured_media":0,"comment_status":"open","ping_status":"closed","sticky":false,"template":"","format":"standard","meta":{"footnotes":""},"categories":[105],"tags":[],"class_list":["post-4180","post","type-post","status-publish","format-standard","hentry","category-gundem","odd"],"_links":{"self":[{"href":"http:\/\/www.korhanyilmaz.com\/index.php?rest_route=\/wp\/v2\/posts\/4180","targetHints":{"allow":["GET"]}}],"collection":[{"href":"http:\/\/www.korhanyilmaz.com\/index.php?rest_route=\/wp\/v2\/posts"}],"about":[{"href":"http:\/\/www.korhanyilmaz.com\/index.php?rest_route=\/wp\/v2\/types\/post"}],"author":[{"embeddable":true,"href":"http:\/\/www.korhanyilmaz.com\/index.php?rest_route=\/wp\/v2\/users\/1"}],"replies":[{"embeddable":true,"href":"http:\/\/www.korhanyilmaz.com\/index.php?rest_route=%2Fwp%2Fv2%2Fcomments&post=4180"}],"version-history":[{"count":0,"href":"http:\/\/www.korhanyilmaz.com\/index.php?rest_route=\/wp\/v2\/posts\/4180\/revisions"}],"wp:attachment":[{"href":"http:\/\/www.korhanyilmaz.com\/index.php?rest_route=%2Fwp%2Fv2%2Fmedia&parent=4180"}],"wp:term":[{"taxonomy":"category","embeddable":true,"href":"http:\/\/www.korhanyilmaz.com\/index.php?rest_route=%2Fwp%2Fv2%2Fcategories&post=4180"},{"taxonomy":"post_tag","embeddable":true,"href":"http:\/\/www.korhanyilmaz.com\/index.php?rest_route=%2Fwp%2Fv2%2Ftags&post=4180"}],"curies":[{"name":"wp","href":"https:\/\/api.w.org\/{rel}","templated":true}]}}