{"id":41799,"date":"2011-10-30T11:48:01","date_gmt":"2011-10-30T09:48:01","guid":{"rendered":"http:\/\/www.korhanyilmaz.com\/?p=41799"},"modified":"2011-10-30T15:55:21","modified_gmt":"2011-10-30T13:55:21","slug":"daglicadaki-ihmal-ve-zaafin-belgeleri","status":"publish","type":"post","link":"http:\/\/www.korhanyilmaz.com\/?p=41799","title":{"rendered":"Da\u011fl\u0131ca&#8217;daki ihmal ve zaaf\u0131n belgeleri"},"content":{"rendered":"<p style=\"text-align: justify;\"><a href=\"http:\/\/www.korhanyilmaz.com\/wp-content\/uploads\/2011\/10\/3062.jpg\"  class=\"lightview\"><img loading=\"lazy\" decoding=\"async\" class=\"aligncenter size-full wp-image-41801\" title=\"\" src=\"http:\/\/www.korhanyilmaz.com\/wp-content\/uploads\/2011\/10\/3062.jpg\" alt=\"\" width=\"292\" height=\"201\" \/><\/a><\/p>\n<p style=\"text-align: justify;\">Da\u011fl\u0131ca&#8217;da 12 askerin \u00f6ld\u00fc\u011f\u00fc bask\u0131ndan \u00f6nce, \u00fcst komutanl\u0131klar\u0131n defaatle bilgilendirildi\u011fi ancak bu uyar\u0131lar\u0131n dikkate al\u0131nmad\u0131\u011f\u0131n\u0131 g\u00f6steren belgeler ortaya \u00e7\u0131kt\u0131.<\/p>\n<p style=\"text-align: justify;\">Zaman gazetesinde yer alan haberdeki belgelere g\u00f6re bu uyar\u0131lar\u0131n dikkate al\u0131nmad\u0131\u011f\u0131 belirtiliyor.\u00a0<!--more--><\/p>\n<p style=\"text-align: justify;\">Da\u011fl\u0131ca&#8217;da 12 askerin \u00f6ld\u00fc\u011f\u00fc, 8 erin de ka\u00e7\u0131r\u0131ld\u0131\u011f\u0131 bask\u0131n\u0131n g\u00fcnler \u00f6ncesinden bilinmesine ra\u011fmen hi\u00e7bir \u00f6nlem al\u0131nmad\u0131\u011f\u0131 ortaya \u00e7\u0131kt\u0131. PKK&#8217;l\u0131lar\u0131n b\u00f6lgeye giri\u015flerinin devam etti\u011fine ili\u015fkin bilgiler, bask\u0131ndan yar\u0131m saat \u00f6nce bile Da\u011fl\u0131ca&#8217;dan 11 farkl\u0131 merkeze &#8220;\u00e7ok ivedi&#8221; notuyla faks \u00e7ekilmi\u015f. 28 g\u00fcnde \u00fcst komutanl\u0131klar\u0131n 6 kez uyar\u0131ld\u0131\u011f\u0131 raporlardan sonuncusu 20 Ekim 2007 g\u00fcn\u00fc saat 23.30&#8217;da g\u00f6nderilmi\u015f. Bu raporda, PKK&#8217;l\u0131lar\u0131n ikmal faaliyetlerinin s\u00fcrd\u00fc\u011f\u00fc, Engizer ve Havin kod adl\u0131 PKK&#8217;l\u0131lar\u0131n aras\u0131nda ge\u00e7en telsiz konu\u015fmalar\u0131nda Keri Tepe ileri \u00fcs b\u00f6lgesine y\u00f6nelik faaliyet y\u00fcr\u00fct\u00fcld\u00fc\u011f\u00fc vurgulan\u0131yor. &#8220;S\u0131zma giri\u015fimlerinin h\u0131zland\u0131\u011f\u0131&#8221;n\u0131n alt\u0131 \u00e7iziliyor. Sald\u0131r\u0131ya ili\u015fkin emarelerin 8 ay \u00f6ncesinden belirdi\u011fine dikkat \u00e7ekilen mektupta ise ter\u00f6ristlerin bu hareketlili\u011finin raporlarla \u00fcst makamlara iletilmesine ra\u011fmen dikkate al\u0131nmad\u0131\u011f\u0131 ileri s\u00fcr\u00fcl\u00fcyor. Da\u011fl\u0131ca bask\u0131n\u0131n\u0131n oldu\u011fu d\u00f6nem yarbay r\u00fctbesiyle tabur komutan\u0131 olarak g\u00f6rev yapan Onur Dirik de, daha \u00f6nce yapt\u0131\u011f\u0131 a\u00e7\u0131klamada kendini \u015f\u00f6yle savunmu\u015ftu: &#8220;\u00dcstlerden gelen emir \u00fczerine operasyonu iptal ettik, bundan 4 saat sonra bask\u0131n yedik.&#8221;<\/p>\n<p style=\"text-align: justify;\">Dirik, daha \u00f6nce, operasyon i\u00e7in haz\u0131rland\u0131\u011f\u0131 s\u0131rada \u00fcstlerinden emir geldi\u011fini ve operasyonun iptal edildi\u011fini anlatm\u0131\u015f, 4 saat sonra da bask\u0131n yediklerini s\u00f6ylemi\u015fti. Dirik ayr\u0131ca, ge\u00e7ti\u011fimiz g\u00fcnlerde bir TV program\u0131nda, &#8220;\u00dcst makamlar\u0131m\u0131za, 11 ayr\u0131 adrese, tehdit de\u011ferlendirmeleri oldu\u011funu 6 ayr\u0131 raporla yazd\u0131k&#8221; ifadelerini kullanm\u0131\u015ft\u0131.<\/p>\n<p style=\"text-align: justify;\">Zaman gazetesinde yay\u0131mlanan sald\u0131r\u0131yla ilgili durum de\u011ferlendirme raporlar\u0131, Onur Dirik&#8217;in a\u00e7\u0131klamalar\u0131n\u0131 do\u011fruluyor. 20 Ekim 2007 saat 23.30&#8217;da \u00e7ok ivedi olarak \u00e7ekilen gizli ibareli faksta ter\u00f6rist gruplar\u0131n b\u00f6lgeye giri\u015flerinin devam etti\u011fi belirtiliyor. S\u00f6z konusu raporda, &#8220;daha \u00f6nce de\u011ferlendirmelere benzer \u015fekilde B\u00f6l\u00fcc\u00fc Ter\u00f6r \u00d6rg\u00fct\u00fc (BT\u00d6) mensuplar\u0131n\u0131n ikmal faaliyetlerinin ve yeni gruplar\u0131n b\u00f6lgeye sevkinin devam etti\u011fi, 20 Ekim 2007 g\u00fcn\u00fc saat 21.00&#8217;de Engizer (Kod) ile Havin (Kod) aras\u0131ndaki konu\u015fman\u0131n, Keri Tepe ileri \u00fcs b\u00f6lgesindeki D\/K faaliyetinin yap\u0131ld\u0131\u011f\u0131 tarihten itibaren ilk defa bu saatte bir konu\u015fman\u0131n ger\u00e7ekle\u015fmesi nedeniyle dikkat \u00e7ekici oldu\u011fu&#8221; aktar\u0131l\u0131yor.<\/p>\n<p style=\"text-align: justify;\">Raporlar, Y\u00fcksekova Taktik Jandarma S\u0131n\u0131r Alay Komutanl\u0131\u011f\u0131, 3&#8217;\u00fcnc\u00fc Taktik T\u00fcmen Komutanl\u0131\u011f\u0131, 21&#8217;inci Jandarma S\u0131n\u0131r Tugay Komutanl\u0131\u011f\u0131, Hakkari Da\u011f ve Komando Tugay\u0131, Y\u00fcksekova Da\u011f ve Komando Tugay Yard\u0131mc\u0131s\u0131 Komutanl\u0131\u011f\u0131&#8217;na, Hakkari \u0130l Jandarma Alay Komutanl\u0131\u011f\u0131, Y\u00fcksekova 2. Jandarma S\u0131n\u0131r Tabur Komutanl\u0131\u011f\u0131, 5. Jandarma S\u0131n\u0131r B\u00f6l\u00fck Komutanl\u0131\u011f\u0131, Y\u00fcksekova \u0130l\u00e7e Jandarma Komutanl\u0131\u011f\u0131, \u015e\u0131rnak 62&#8217;nci Elektronik Mevzi Komutanl\u0131\u011f\u0131 ve Van Jandarma Asayi\u015f Kolordu Komutanl\u0131\u011f\u0131&#8217;na ayn\u0131 anda g\u00f6nderilmi\u015f.<\/p>\n<p style=\"text-align: justify;\"><strong>&#8220;Gitti benim alay komutanl\u0131\u011f\u0131m&#8221;\u00a0<\/strong><\/p>\n<p style=\"text-align: justify;\">Zaman gazetesine belgelerle birlikte g\u00f6nderilen mektupta da sald\u0131r\u0131yla ilgili ayr\u0131nt\u0131lar var. Da\u011fl\u0131ca&#8217;daki 3. Motorlu Piyade Taburu&#8217;na y\u00f6nelik yap\u0131lan sald\u0131r\u0131ya ili\u015fkin emarelerin 8 ay \u00f6ncesinden ortaya \u00e7\u0131kmaya ba\u015flad\u0131\u011f\u0131 ifade ediliyor. Sald\u0131r\u0131n\u0131n oldu\u011fu d\u00f6nemde taburda g\u00f6revli bir subay\u0131n anlatt\u0131klar\u0131na g\u00f6re, b\u00f6lgede artan PKK&#8217;l\u0131lar\u0131n hareketlili\u011fi olaydan 20 g\u00fcn \u00f6ncesinden itibaren \u00fcst makamlara rapor ediliyor. \u0130ddiaya g\u00f6re, s\u00f6z konusu makamlar taraf\u0131ndan bu raporlar dikkate al\u0131nm\u0131yor ve hi\u00e7bir cevap verilmiyor. S\u00f6z konusu mektupta, Onur Dirik&#8217;in anlatt\u0131klar\u0131 do\u011frulan\u0131yor. Buna g\u00f6re, tabur i\u00e7erisinde Dirik&#8217;in emriyle \u00d6zel Bu\u011fra B\u00f6l\u00fck Timi kuruluyor. Yakla\u015f\u0131k 150 ki\u015filik personelden olu\u015fan \u00f6zel tim, ter\u00f6ristlere y\u00f6nelik ger\u00e7ekle\u015ftirilecek operasyon i\u00e7in e\u011fitiliyor. Fakat bu timin operasyona \u00e7\u0131kmas\u0131 \u00fcst makamlar taraf\u0131ndan engelleniyor. Mektupta, sald\u0131r\u0131 sonras\u0131nda ter\u00f6ristlerin b\u00f6lgeyi terk ederken s\u0131cak takibin Tugay Komutan\u0131 taraf\u0131ndan engellendi\u011fi ve PKK&#8217;l\u0131lar\u0131n ka\u00e7\u0131\u015f\u0131na g\u00f6z yumuldu\u011fu belirtiliyor. Y\u00fcksekova Alay Komutan\u0131 M.Y.&#8217;nin ise g\u00f6nderilen raporlar\u0131 dikkate almad\u0131\u011f\u0131 aktar\u0131l\u0131yor. M.Y.&#8217;nin \u00e7at\u0131\u015fma esnas\u0131nda gelen \u015fehit haberleri \u00fczerine, &#8220;Gitti benim alay komutanl\u0131\u011f\u0131m!&#8221; dedi\u011fi ileri s\u00fcr\u00fcl\u00fcyor. \u0130\u015fte Da\u011fl\u0131ca&#8217;n\u0131n bas\u0131laca\u011f\u0131na ili\u015fkin raporun g\u00f6nderildi\u011fi merkezler: Y\u00fcksekova Taktik Jandarma S\u0131n\u0131r Alay Komutanl\u0131\u011f\u0131, 3&#8217;\u00fcnc\u00fc Taktik T\u00fcmen Komutanl\u0131\u011f\u0131, 21&#8217;inci Jandarma S\u0131n\u0131r Tugay Komutanl\u0131\u011f\u0131, Hakk\u00e2ri Da\u011f ve Komando Tugay\u0131, Y\u00fcksekova Da\u011f ve Komando Tugay Komutanl\u0131\u011f\u0131, Hakk\u00e2ri \u0130l Jandarma Alay Komutanl\u0131\u011f\u0131, Y\u00fcksekova 2. Jandarma S\u0131n\u0131r Tabur Komutanl\u0131\u011f\u0131, 5. Jandarma S\u0131n\u0131r B\u00f6l\u00fck Komutanl\u0131\u011f\u0131, Y\u00fcksekova \u0130l\u00e7e Jandarma Komutanl\u0131\u011f\u0131, \u015e\u0131rnak 62&#8217;nci Elektronik Mevzi Komutanl\u0131\u011f\u0131 ve Van Jandarma Asayi\u015f Kolordu Komutanl\u0131\u011f\u0131.<\/p>\n<p style=\"text-align: justify;\"><a href=\"http:\/\/www.cnnturk.com\/2011\/guncel\/10\/30\/daglicadaki.ihmal.ve.zaafin.belgeleri\/634987.0\/index.html\" target=\"_blank\">Kaynak : CNN T\u00dcRK<\/a><\/p>\n","protected":false},"excerpt":{"rendered":"<p style=\"text-align: justify;\">\n<p style=\"text-align: justify;\">Da\u011fl\u0131ca&#8217;da 12 askerin \u00f6ld\u00fc\u011f\u00fc bask\u0131ndan \u00f6nce, \u00fcst komutanl\u0131klar\u0131n defaatle bilgilendirildi\u011fi ancak bu uyar\u0131lar\u0131n dikkate al\u0131nmad\u0131\u011f\u0131n\u0131 g\u00f6steren belgeler ortaya \u00e7\u0131kt\u0131.<\/p>\n<p style=\"text-align: justify;\">Zaman gazetesinde yer alan haberdeki belgelere g\u00f6re bu uyar\u0131lar\u0131n dikkate al\u0131nmad\u0131\u011f\u0131 belirtiliyor. <\/p>\n","protected":false},"author":1,"featured_media":0,"comment_status":"open","ping_status":"open","sticky":false,"template":"","format":"standard","meta":{"footnotes":""},"categories":[105],"tags":[],"class_list":["post-41799","post","type-post","status-publish","format-standard","hentry","category-gundem","odd"],"_links":{"self":[{"href":"http:\/\/www.korhanyilmaz.com\/index.php?rest_route=\/wp\/v2\/posts\/41799","targetHints":{"allow":["GET"]}}],"collection":[{"href":"http:\/\/www.korhanyilmaz.com\/index.php?rest_route=\/wp\/v2\/posts"}],"about":[{"href":"http:\/\/www.korhanyilmaz.com\/index.php?rest_route=\/wp\/v2\/types\/post"}],"author":[{"embeddable":true,"href":"http:\/\/www.korhanyilmaz.com\/index.php?rest_route=\/wp\/v2\/users\/1"}],"replies":[{"embeddable":true,"href":"http:\/\/www.korhanyilmaz.com\/index.php?rest_route=%2Fwp%2Fv2%2Fcomments&post=41799"}],"version-history":[{"count":0,"href":"http:\/\/www.korhanyilmaz.com\/index.php?rest_route=\/wp\/v2\/posts\/41799\/revisions"}],"wp:attachment":[{"href":"http:\/\/www.korhanyilmaz.com\/index.php?rest_route=%2Fwp%2Fv2%2Fmedia&parent=41799"}],"wp:term":[{"taxonomy":"category","embeddable":true,"href":"http:\/\/www.korhanyilmaz.com\/index.php?rest_route=%2Fwp%2Fv2%2Fcategories&post=41799"},{"taxonomy":"post_tag","embeddable":true,"href":"http:\/\/www.korhanyilmaz.com\/index.php?rest_route=%2Fwp%2Fv2%2Ftags&post=41799"}],"curies":[{"name":"wp","href":"https:\/\/api.w.org\/{rel}","templated":true}]}}