{"id":41796,"date":"2011-10-30T15:33:41","date_gmt":"2011-10-30T13:33:41","guid":{"rendered":"http:\/\/www.korhanyilmaz.com\/?p=41796"},"modified":"2011-10-30T15:51:39","modified_gmt":"2011-10-30T13:51:39","slug":"kilicdaroglundan-erdogana-mektup","status":"publish","type":"post","link":"http:\/\/www.korhanyilmaz.com\/?p=41796","title":{"rendered":"K\u0131l\u0131\u00e7daro\u011flu&#8217;ndan Erdo\u011fan&#8217;a mektup"},"content":{"rendered":"<p style=\"text-align: justify;\"><a href=\"http:\/\/www.korhanyilmaz.com\/wp-content\/uploads\/2011\/10\/3061.jpg\"  class=\"lightview\"><img loading=\"lazy\" decoding=\"async\" class=\"aligncenter size-full wp-image-41797\" title=\"\" src=\"http:\/\/www.korhanyilmaz.com\/wp-content\/uploads\/2011\/10\/3061.jpg\" alt=\"\" width=\"292\" height=\"201\" \/><\/a><\/p>\n<p style=\"text-align: justify;\">Ba\u015fbakan Recep Tayyip Erdo\u011fan&#8217;a \u00f6zek kuryeyle bir mektup g\u00f6nderen CHP lideri Kemal K\u0131l\u0131\u00e7daro\u011flu, mektubunda &#8220;Kayseri Belediyesi&#8217;ndeki r\u00fc\u015fvet trafi\u011fini \u00e7ok somut olarak ortaya koyan o defteri siz rafa kald\u0131r\u0131n, kasaya kilitleyip su\u00e7un \u00fcst\u00fcn\u00fc \u00f6rt\u00fcn diye g\u00f6ndermedim&#8221; ifadelerine yer verdi.\u00a0<!--more--><\/p>\n<p style=\"text-align: justify;\">CHP Genel Merkezinden yap\u0131lan a\u00e7\u0131klamaya g\u00f6re, K\u0131l\u0131\u00e7daro\u011flu, Ba\u015fbakan Erdo\u011fan&#8217;a kurye ile mektup g\u00f6nderdi. K\u0131l\u0131\u00e7daro\u011flu&#8217;nun, &#8220;Say\u0131n Ba\u015fbakan&#8221; diyerek ba\u015flad\u0131\u011f\u0131 mektubunda, Erdo\u011fan&#8217;\u0131n 17 Ekim 2011&#8217;de K\u0131z\u0131lcahamam&#8217;da konu\u015furken, &#8220;\u0130sim vermeyece\u011fim, biri \u00e7\u0131km\u0131\u015f siyasetin kirlendi\u011finden s\u00f6z ediyor. Biraz haya eden insan b\u00fct\u00fcn T\u00fcrkiye&#8217;nin duydu\u011fu, kendi partisinin belediye ba\u015fkan\u0131n\u0131n ifadesiyle, ses kasetlerini hep beraber dinledik. &#8216;Yamyamlar\u0131 doyuram\u0131yorum&#8217; diyen kendi belediye ba\u015fkan\u0131n\u0131n itiraf\u0131n\u0131 da duyar da ses verir&#8221; dedi\u011fini belirtti.<\/p>\n<p style=\"text-align: justify;\"><span style=\"text-decoration: underline;\">K\u0131l\u0131\u00e7daro\u011flu, mektubunda \u015funlar\u0131 kaydetti:<\/span><\/p>\n<p style=\"text-align: justify;\">&#8220;Hakl\u0131s\u0131n\u0131z, yolsuzluk olunca insan ger\u00e7ekten de haya eder, ses verir. Peki siz neden haya edip, ses vermiyorsunuz? Hat\u0131rlar m\u0131s\u0131n\u0131z? Kayseri Belediyesi&#8217;ndeki r\u00fc\u015fvet trafi\u011fini \u00e7ok somut olarak ortaya koyan defteri size g\u00f6ndermi\u015ftim. O defterde, kimden ne kadar r\u00fc\u015fvet al\u0131nd\u0131\u011f\u0131, r\u00fc\u015fvetin kime verildi\u011fi, nas\u0131l payla\u015ft\u0131r\u0131ld\u0131\u011f\u0131 kuru\u015fu kuru\u015funa kay\u0131tl\u0131yd\u0131. Siz ne yapt\u0131n\u0131z? &#8216;Bunun alt\u0131nda imza yok&#8217; diyerek s\u00fcmen alt\u0131 ettiniz. Ben o defteri siz rafa kald\u0131r\u0131n, kasaya kilitleyip su\u00e7un \u00fcst\u00fcn\u00fc \u00f6rt\u00fcn diye g\u00f6ndermedim. Ba\u015fbakan oldu\u011funuzu hat\u0131rlay\u0131p, ar ve haya edip sorumlulu\u011funuzu yerine getirin diye g\u00f6nderdim. Ama siz, &#8216;r\u00fc\u015fvet defterinin alt\u0131nda imza yok&#8217; diye Kayseri Belediyesi&#8217;nde d\u00f6nen yolsuzluklar\u0131n \u00fczerini \u00f6rtt\u00fcn\u00fcz. Defterdeki r\u00fc\u015fvet ak\u0131\u015f\u0131yla ilgili iddialar\u0131 incelemesi i\u00e7in bir m\u00fcfetti\u015f bile g\u00f6revlendirmediniz. \u00d6te yandan, Elaz\u0131\u011f belediyesi ile ilgili olarak namuslu, vicdanl\u0131 bir AKP&#8217;linin yapt\u0131\u011f\u0131 yolsuzluk ihbar\u0131n\u0131 da s\u00fcmen alt\u0131 ettiniz. Yani, her iki olayda da hayal\u0131 davranmad\u0131n\u0131z. \u00dcstelik CHP&#8217;yi AKP zannederek \u00e7amur att\u0131n\u0131z. \u015eunu \u00e7ok iyi biliniz ki CHP, AKP de\u011fildir. Biz nerede yolsuzluk, hukuksuzluk, usuls\u00fczl\u00fck varsa, kararl\u0131l\u0131kla \u00fczerine giden bir partiyiz. Siz CHP&#8217;ye \u00e7amur atmak i\u00e7in eski defterleri kar\u0131\u015ft\u0131r\u0131rken, biz \u00e7oktan ses vermi\u015f, tam 34 ay \u00f6nce, CHP Genel Sekreteri&#8217;nin imzas\u0131yla 23.12.2008 tarih ve 2008\/4934 say\u0131l\u0131 yaz\u0131m\u0131z\u0131 Ankara Cumhuriyet Ba\u015fsavc\u0131l\u0131\u011f\u0131&#8217;na g\u00f6ndermi\u015f, su\u00e7 duyurusunda bulunmu\u015ftuk. Bu da g\u00f6steriyor ki, CHP AKP de\u011fildir. Toz, kir, pislik kabul etmez. Hayal\u0131 davran\u0131r. Sizin de hayal\u0131 davranarak, elinizdeki yolsuzluk bilgi ve belgeleriyle r\u00fc\u015fvet defterini yarg\u0131ya teslim etmenizi \u00f6neriyorum. Bu arada, size \u00f6rnek olmas\u0131 dile\u011fiyle, CHP&#8217;nin Genel Sekreteri Say\u0131n \u00d6nder Sav&#8217;\u0131n Ankara Cumhuriyet Ba\u015fsavc\u0131l\u0131\u011f\u0131&#8217;na yapt\u0131\u011f\u0131 su\u00e7 duyurusu metnini de g\u00f6nderiyorum. Sayg\u0131lar\u0131mla.&#8221;<\/p>\n<p style=\"text-align: justify;\">Kemal K\u0131l\u0131\u00e7daro\u011flu, mektubun ekinde d\u00f6nemin CHP Genel Sekreteri \u00d6nder Sav&#8217;\u0131n Ankara Cumhuriyet Ba\u015fsavc\u0131l\u0131\u011f\u0131&#8217;na g\u00f6nderdi\u011fi su\u00e7 duyurusu metnine de yer verdi.<\/p>\n<p style=\"text-align: justify;\"><a href=\"http:\/\/www.cnnturk.com\/2011\/turkiye\/10\/30\/kilicdaroglundan.erdogana.mektup\/635008.0\/index.html\" target=\"_blank\">Kaynak : CNN T\u00dcRK<\/a><\/p>\n","protected":false},"excerpt":{"rendered":"<p style=\"text-align: justify;\">\n<p style=\"text-align: justify;\">Ba\u015fbakan Recep Tayyip Erdo\u011fan&#8217;a \u00f6zek kuryeyle bir mektup g\u00f6nderen CHP lideri Kemal K\u0131l\u0131\u00e7daro\u011flu, mektubunda &#8220;Kayseri Belediyesi&#8217;ndeki r\u00fc\u015fvet trafi\u011fini \u00e7ok somut olarak ortaya koyan o defteri siz rafa kald\u0131r\u0131n, kasaya kilitleyip su\u00e7un \u00fcst\u00fcn\u00fc \u00f6rt\u00fcn diye g\u00f6ndermedim&#8221; ifadelerine yer verdi. <\/p>\n","protected":false},"author":1,"featured_media":0,"comment_status":"open","ping_status":"open","sticky":false,"template":"","format":"standard","meta":{"footnotes":""},"categories":[105],"tags":[],"class_list":["post-41796","post","type-post","status-publish","format-standard","hentry","category-gundem","odd"],"_links":{"self":[{"href":"http:\/\/www.korhanyilmaz.com\/index.php?rest_route=\/wp\/v2\/posts\/41796","targetHints":{"allow":["GET"]}}],"collection":[{"href":"http:\/\/www.korhanyilmaz.com\/index.php?rest_route=\/wp\/v2\/posts"}],"about":[{"href":"http:\/\/www.korhanyilmaz.com\/index.php?rest_route=\/wp\/v2\/types\/post"}],"author":[{"embeddable":true,"href":"http:\/\/www.korhanyilmaz.com\/index.php?rest_route=\/wp\/v2\/users\/1"}],"replies":[{"embeddable":true,"href":"http:\/\/www.korhanyilmaz.com\/index.php?rest_route=%2Fwp%2Fv2%2Fcomments&post=41796"}],"version-history":[{"count":0,"href":"http:\/\/www.korhanyilmaz.com\/index.php?rest_route=\/wp\/v2\/posts\/41796\/revisions"}],"wp:attachment":[{"href":"http:\/\/www.korhanyilmaz.com\/index.php?rest_route=%2Fwp%2Fv2%2Fmedia&parent=41796"}],"wp:term":[{"taxonomy":"category","embeddable":true,"href":"http:\/\/www.korhanyilmaz.com\/index.php?rest_route=%2Fwp%2Fv2%2Fcategories&post=41796"},{"taxonomy":"post_tag","embeddable":true,"href":"http:\/\/www.korhanyilmaz.com\/index.php?rest_route=%2Fwp%2Fv2%2Ftags&post=41796"}],"curies":[{"name":"wp","href":"https:\/\/api.w.org\/{rel}","templated":true}]}}