{"id":41791,"date":"2011-10-30T12:24:28","date_gmt":"2011-10-30T10:24:28","guid":{"rendered":"http:\/\/www.korhanyilmaz.com\/?p=41791"},"modified":"2011-10-30T15:23:01","modified_gmt":"2011-10-30T13:23:01","slug":"bakan-sahin-katirin-hakkini-korumak-da-bize-ait","status":"publish","type":"post","link":"http:\/\/www.korhanyilmaz.com\/?p=41791","title":{"rendered":"Bakan \u015eahin: Kat\u0131r\u0131n hakk\u0131n\u0131 korumak da bize ait"},"content":{"rendered":"<p style=\"text-align: center;\"><a href=\"http:\/\/www.korhanyilmaz.com\/wp-content\/uploads\/2011\/10\/3060.jpg\"  class=\"lightview\"><img loading=\"lazy\" decoding=\"async\" class=\"aligncenter  wp-image-41793\" src=\"http:\/\/www.korhanyilmaz.com\/wp-content\/uploads\/2011\/10\/3060.jpg\" alt=\"\" width=\"407\" height=\"202\" \/><\/a><\/p>\n<p style=\"text-align: justify;\">Diyanet \u0130\u015fleri Ba\u015fkan\u0131 ile depremzedeleri ziyaret eden Bakan \u015eahin 3 \u00f6\u011f\u00fcn \u00e7\u0131kan yemeklerden memnuniyeti dile getirmek isterken bir gafa imza att\u0131.<\/p>\n<p style=\"text-align: justify;\">Diyanet \u0130\u015fleri Ba\u015fkan\u0131&#8217;na &#8220;Biz de mi buraya bir \u00e7ad\u0131r kursak acaba&#8221; diyen Bakan depremzedelere, &#8220;Koskocaman sarayda oturuyorsunuz&#8221; diyerek depremle sars\u0131lan Vanl\u0131 depremzedeleri bir kez de s\u00f6zleri ile sarst\u0131.<!--more--><\/p>\n<p style=\"text-align: justify;\">\u0130\u00c7\u0130\u015eLER\u0130 Bakan\u0131 \u0130dris Naim \u015eahin, depremin vurdu\u011fu Van\u2019\u0131n Er\u00e7i\u015f il\u00e7esinde hayat\u0131n\u0131 kaybedenler i\u00e7in \u00e7ad\u0131r kentte d\u00fczenlenen mevlide kat\u0131ld\u0131. Depremzede vatanda\u015flarla birlikte dua edip lokum yiyen \u015eahin, Hakkari\u2019de polis noktas\u0131na kat\u0131r\u0131n \u00fczerindeki bombayla sald\u0131r\u0131 giri\u015fimiyle ilgili olarak, &#8220;O kat\u0131r\u0131n hesab\u0131n\u0131 nas\u0131l verecekler, ben merak ediyorum. Bir g\u00fcn hesab\u0131n\u0131 verecekler. Kat\u0131r\u0131n hakk\u0131n\u0131 korumakta bize ait&#8221; dedi.<\/p>\n<p style=\"text-align: justify;\">Bakan \u0130dris Naim \u015eahin, Er\u00e7i\u015f Stadyumu\u2019nda kurulan \u00e7ad\u0131r kentteki Hilali Ahmer Camisi ad\u0131 verilen \u00e7ad\u0131rda d\u00fczenlenen mevlide kat\u0131ld\u0131. Bakan \u015eahin, mevlidin ard\u0131ndan depremde hayat\u0131n\u0131 kaybedenler i\u00e7in dua edip, da\u011f\u0131t\u0131lan lokumdan yedi. Depremzedelerle de sohbet eden Bakan \u015eahin, bug\u00fcn, Bing\u00f6l ve Hakkari\u2019de ter\u00f6r \u00f6rg\u00fct\u00fc mensuplar\u0131nca d\u00fczenlenen eylemlere de\u011findi. Bakan \u015eahin, &#8220;Bing\u00f6l\u2019deki sald\u0131r\u0131, bug\u00fcn, canl\u0131 bomba \u015feklinde ger\u00e7ekle\u015fti. Her zaman oldu\u011fu gibi \u015fuursuzca, belirli bir hedef g\u00f6zetmeden, \u00e7ocuk, kad\u0131n demeden rastgele se\u00e7ilen bir hedef, Gen\u00e7 Caddesi \u00fczerinde meydana geldi. Tespite g\u00f6re, bomban\u0131n \u00fczerinde patlad\u0131\u011f\u0131 bir kad\u0131n ter\u00f6rist var. 3 \u00f6l\u00fc var. 3\u2019\u00fc a\u011f\u0131r 20 yaral\u0131 var. Yak\u0131n noktada \u00e7evik kuvvet vard\u0131r. Oras\u0131 da hedef olabilir \u0130lk hedef ama kafe Hakkaydi. Ama oraya ula\u015famadan, kendi kedini patlatt\u0131. Ter\u00f6r\u00fcn kirli y\u00fcz\u00fcn\u00fc bir kez daha g\u00f6rd\u00fck. Hakkari\u2019de ise polis noktas\u0131na, \u00fczerinde bomba bulunan bir kat\u0131r g\u00f6nderildi. Kat\u0131r\u0131n \u00fczerinde uzaktan kumanda d\u00fczene\u011fi vard\u0131, ama istihbarat\u0131n\u0131 alm\u0131\u015flard\u0131. Onu 150 metre mesafede etkisiz hale getirdiler. Ter\u00f6r o kadar ac\u0131mas\u0131z ki, kad\u0131n \u00e7ocuk, hayvan, insan hakk\u0131 diyorlar. Ama bug\u00fcn kat\u0131r \u00fczerinde bombayla bir hareket ger\u00e7ekle\u015ftiriyorlar. Ne diyorlarsa tersi. Bar\u0131\u015f diyorlarsa sava\u015f, demokrasi diyorlarsa zul\u00fcm. Tersinden okunursa ger\u00e7ek y\u00fczleri okunur&#8221; dedi.<\/p>\n<p style=\"text-align: justify;\"><strong>KATIRIN HESABINI NASIL VERECEKLER\u00a0<\/strong><\/p>\n<p style=\"text-align: justify;\">Bakan \u015eahin, &#8220;Burada depremin yaralar\u0131n\u0131 sarmaya \u00e7al\u0131\u015f\u0131yoruz. Onlar burada da f\u0131rsat arad\u0131lar, f\u0131rsat bulamad\u0131lar. Bug\u00fcn Bing\u00f6l\u2019de eylem ger\u00e7ekle\u015ftirdiler. Hakkari\u2019de giri\u015fimleri oldu. O kat\u0131r\u0131n hesab\u0131n\u0131 nas\u0131l verecekler, ben merak ediyorum. Bir g\u00fcn verecekler. Kat\u0131r\u0131n hakk\u0131n\u0131 korumakta bize ait. B\u00fct\u00fcn canl\u0131lar\u0131n. Bunlar ne a\u011fa\u00e7 ne insan, ne do\u011fa sevgisi ta\u015f\u0131mayan apayr\u0131 bir yery\u00fcz\u00fc varl\u0131klar. Bunlar\u0131 apayr\u0131 terminolojide de\u011ferlendirmek laz\u0131m. G\u00fcnl\u00fck hayattaki iyi ve k\u00f6t\u00fcye ait kelimeler, bunlar i\u00e7in yetersiz. T\u00fcrk Dil Kurumu ve Edebiyat Fak\u00fcltelerinin ayr\u0131 bir \u00e7al\u0131\u015fma yapmalar\u0131 laz\u0131m. Kelimeler yetmiyor. Kat\u0131r\u0131n su\u00e7u ne, Bing\u00f6l\u2019deki kad\u0131n\u0131n su\u00e7u ne. Millet\u00e7e soruyoruz. G\u00f6revliler olarak takibini, tedbirini al\u0131yoruz. \u00dclkemiz her zaman ayaktad\u0131r. Sosyal felaketler bizim varl\u0131\u011f\u0131m\u0131z\u0131 birli\u011fimizi g\u00fc\u00e7lendiriyor. Allah milletimize ve b\u00fct\u00fcn insanl\u0131\u011fa yard\u0131mc\u0131 olsun&#8221; diye konu\u015ftu.<\/p>\n<p style=\"text-align: justify;\">[flv]http:\/\/milliyet.cubecdn.net\/2011\/10\/29\/76624.flv[\/flv]<\/p>\n<p style=\"text-align: justify;\"><a href=\"http:\/\/siyaset.milliyet.com.tr\/bakan-sahin-katirin-hakkini-korumak-da-bize-ait\/siyaset\/siyasetdetay\/30.10.2011\/1457093\/default.htm\" target=\"_blank\">Kaynak : Milliyet.com.tr<\/a><\/p>\n","protected":false},"excerpt":{"rendered":"<p style=\"text-align: center;\">\n<p style=\"text-align: justify;\">Diyanet \u0130\u015fleri Ba\u015fkan\u0131 ile depremzedeleri ziyaret eden Bakan \u015eahin 3 \u00f6\u011f\u00fcn \u00e7\u0131kan yemeklerden memnuniyeti dile getirmek isterken bir gafa imza att\u0131.<\/p>\n<p style=\"text-align: justify;\">Diyanet \u0130\u015fleri Ba\u015fkan\u0131&#8217;na &#8220;Biz de mi buraya bir \u00e7ad\u0131r kursak acaba&#8221; diyen Bakan depremzedelere, &#8220;Koskocaman sarayda oturuyorsunuz&#8221; diyerek depremle sars\u0131lan Vanl\u0131 depremzedeleri bir kez de s\u00f6zleri ile <\/p>\n","protected":false},"author":1,"featured_media":0,"comment_status":"open","ping_status":"open","sticky":false,"template":"","format":"standard","meta":{"footnotes":""},"categories":[105],"tags":[],"class_list":["post-41791","post","type-post","status-publish","format-standard","hentry","category-gundem","odd"],"_links":{"self":[{"href":"http:\/\/www.korhanyilmaz.com\/index.php?rest_route=\/wp\/v2\/posts\/41791","targetHints":{"allow":["GET"]}}],"collection":[{"href":"http:\/\/www.korhanyilmaz.com\/index.php?rest_route=\/wp\/v2\/posts"}],"about":[{"href":"http:\/\/www.korhanyilmaz.com\/index.php?rest_route=\/wp\/v2\/types\/post"}],"author":[{"embeddable":true,"href":"http:\/\/www.korhanyilmaz.com\/index.php?rest_route=\/wp\/v2\/users\/1"}],"replies":[{"embeddable":true,"href":"http:\/\/www.korhanyilmaz.com\/index.php?rest_route=%2Fwp%2Fv2%2Fcomments&post=41791"}],"version-history":[{"count":0,"href":"http:\/\/www.korhanyilmaz.com\/index.php?rest_route=\/wp\/v2\/posts\/41791\/revisions"}],"wp:attachment":[{"href":"http:\/\/www.korhanyilmaz.com\/index.php?rest_route=%2Fwp%2Fv2%2Fmedia&parent=41791"}],"wp:term":[{"taxonomy":"category","embeddable":true,"href":"http:\/\/www.korhanyilmaz.com\/index.php?rest_route=%2Fwp%2Fv2%2Fcategories&post=41791"},{"taxonomy":"post_tag","embeddable":true,"href":"http:\/\/www.korhanyilmaz.com\/index.php?rest_route=%2Fwp%2Fv2%2Ftags&post=41791"}],"curies":[{"name":"wp","href":"https:\/\/api.w.org\/{rel}","templated":true}]}}