{"id":41781,"date":"2011-10-29T11:27:28","date_gmt":"2011-10-29T08:27:28","guid":{"rendered":"http:\/\/www.korhanyilmaz.com\/?p=41781"},"modified":"2011-10-30T08:28:15","modified_gmt":"2011-10-30T06:28:15","slug":"saat-icin-kis-vakti","status":"publish","type":"post","link":"http:\/\/www.korhanyilmaz.com\/?p=41781","title":{"rendered":"Saat i\u00e7in k\u0131\u015f vakti!"},"content":{"rendered":"<p style=\"text-align: center;\"><a href=\"http:\/\/www.korhanyilmaz.com\/wp-content\/uploads\/2011\/10\/3058.jpg\"  class=\"lightview\"><img loading=\"lazy\" decoding=\"async\" class=\"aligncenter  wp-image-41782\" src=\"http:\/\/www.korhanyilmaz.com\/wp-content\/uploads\/2011\/10\/3058.jpg\" alt=\"\" width=\"308\" height=\"206\" \/><\/a><\/p>\n<p style=\"text-align: justify;\">&#8216;K\u0131\u015f saati&#8217; uygulamas\u0131 bu gece sona eriyor. Saatler, sabaha kar\u015f\u0131 saat 04.00&#8217;te 1 saat geri al\u0131nacak.<\/p>\n<p style=\"text-align: justify;\">ANKARA &#8211; 28 Mart pazartesi g\u00fcn\u00fc saat 03.00&#8217;te t\u00fcm yurtta saatlerin bir saat ileriye al\u0131nmas\u0131yla ba\u015flayan ileri saat uygulamas\u0131 sona eriyor.<!--more--><\/p>\n<p style=\"text-align: justify;\">Bu gece, saat 04.00&#8217;te saatler 1 saat geri al\u0131narak k\u0131\u015f saati uygulamas\u0131na ge\u00e7ilecek. Avrupa \u00fclkeleriyle e\u015f zamanl\u0131 olarak yap\u0131lan, Enerji ve Tabii Kaynaklar Bakanl\u0131\u011f\u0131\u2019n\u0131n \u00f6nerisi ile ileri veya geri saat uygulamas\u0131na her y\u0131l\u0131n Mart ve Ekim ay\u0131n\u0131n son pazar g\u00fcn\u00fc ba\u015flan\u0131yor.<\/p>\n<p style=\"text-align: justify;\"><a href=\"http:\/\/www.radikal.com.tr\/Radikal.aspx?aType=RadikalDetayV3&amp;ArticleID=1067878&amp;Date=30.10.2011&amp;CategoryID=77\" target=\"_blank\">Kaynak : Radikal.com.tr<\/a><\/p>\n","protected":false},"excerpt":{"rendered":"<p style=\"text-align: center;\">\n<p style=\"text-align: justify;\">&#8216;K\u0131\u015f saati&#8217; uygulamas\u0131 bu gece sona eriyor. Saatler, sabaha kar\u015f\u0131 saat 04.00&#8217;te 1 saat geri al\u0131nacak.<\/p>\n<p style=\"text-align: justify;\">ANKARA &#8211; 28 Mart pazartesi g\u00fcn\u00fc saat 03.00&#8217;te t\u00fcm yurtta saatlerin bir saat ileriye al\u0131nmas\u0131yla ba\u015flayan ileri saat uygulamas\u0131 sona eriyor.<\/p>\n","protected":false},"author":1,"featured_media":0,"comment_status":"open","ping_status":"open","sticky":false,"template":"","format":"standard","meta":{"footnotes":""},"categories":[105],"tags":[],"class_list":["post-41781","post","type-post","status-publish","format-standard","hentry","category-gundem","odd"],"_links":{"self":[{"href":"http:\/\/www.korhanyilmaz.com\/index.php?rest_route=\/wp\/v2\/posts\/41781","targetHints":{"allow":["GET"]}}],"collection":[{"href":"http:\/\/www.korhanyilmaz.com\/index.php?rest_route=\/wp\/v2\/posts"}],"about":[{"href":"http:\/\/www.korhanyilmaz.com\/index.php?rest_route=\/wp\/v2\/types\/post"}],"author":[{"embeddable":true,"href":"http:\/\/www.korhanyilmaz.com\/index.php?rest_route=\/wp\/v2\/users\/1"}],"replies":[{"embeddable":true,"href":"http:\/\/www.korhanyilmaz.com\/index.php?rest_route=%2Fwp%2Fv2%2Fcomments&post=41781"}],"version-history":[{"count":0,"href":"http:\/\/www.korhanyilmaz.com\/index.php?rest_route=\/wp\/v2\/posts\/41781\/revisions"}],"wp:attachment":[{"href":"http:\/\/www.korhanyilmaz.com\/index.php?rest_route=%2Fwp%2Fv2%2Fmedia&parent=41781"}],"wp:term":[{"taxonomy":"category","embeddable":true,"href":"http:\/\/www.korhanyilmaz.com\/index.php?rest_route=%2Fwp%2Fv2%2Fcategories&post=41781"},{"taxonomy":"post_tag","embeddable":true,"href":"http:\/\/www.korhanyilmaz.com\/index.php?rest_route=%2Fwp%2Fv2%2Ftags&post=41781"}],"curies":[{"name":"wp","href":"https:\/\/api.w.org\/{rel}","templated":true}]}}