{"id":41777,"date":"2011-10-29T16:51:14","date_gmt":"2011-10-29T13:51:14","guid":{"rendered":"http:\/\/www.korhanyilmaz.com\/?p=41777"},"modified":"2011-10-30T08:22:55","modified_gmt":"2011-10-30T06:22:55","slug":"deprem-vergisi-diye-bir-sey-yok","status":"publish","type":"post","link":"http:\/\/www.korhanyilmaz.com\/?p=41777","title":{"rendered":"&#8216;Deprem vergisi diye bir \u015fey yok&#8217;"},"content":{"rendered":"<p style=\"text-align: center;\"><a href=\"http:\/\/www.korhanyilmaz.com\/wp-content\/uploads\/2011\/10\/3057.jpg\"  class=\"lightview\"><img loading=\"lazy\" decoding=\"async\" class=\"aligncenter  wp-image-41778\" src=\"http:\/\/www.korhanyilmaz.com\/wp-content\/uploads\/2011\/10\/3057.jpg\" alt=\"\" width=\"336\" height=\"223\" \/><\/a><\/p>\n<p style=\"text-align: justify;\">Verginin ad\u0131 ne olursa olsun vatanda\u015fa hizmet olarak d\u00f6nd\u00fc\u011f\u00fc belirten AK Parti Genel Ba\u015fkan Yard\u0131mc\u0131s\u0131 \u00c7elik, &#8220;Deprem vergisi diye bir vergi yok&#8221; dedi.<\/p>\n<p style=\"text-align: justify;\">AK Parti Genel Ba\u015fkan Yard\u0131mc\u0131s\u0131 H\u00fcseyin \u00c7elik, NTV Ankara Temsilcisi Nilg\u00fcn Balka\u00e7\u2019\u0131n deprem sonras\u0131 durumla ilgili sorular\u0131n\u0131 yan\u0131tlad\u0131. Kendisinin K\u0131z\u0131lay\u2019\u0131 ilk g\u00fcn\u00fcn hemen ard\u0131ndan ele\u015ftirdi\u011fini hat\u0131rlatan \u00c7elik, koordinasyon bozukluklar\u0131n\u0131n art\u0131k ya\u015fanmad\u0131\u011f\u0131n\u0131 s\u00f6yledi, felaketten siyasi rant elde etmek isteyenlerin olabilece\u011fini ifade etti.\u00a0<!--more--><\/p>\n<p style=\"text-align: justify;\"><strong>YARDIM YA\u011eMASI VE \u0130ST\u0130HDAM PLANI<\/strong><\/p>\n<p style=\"text-align: justify;\">\u201cVan\u2019\u0131n n\u00fcfusu 1 milyon 50 bin. 500 ki\u015finin yapt\u0131\u011f\u0131 hareketten dolay\u0131 b\u00fct\u00fcn Van\u2019\u0131 itham etmek do\u011fru olmaz\u201d diyen AK Parti Genel Ba\u015fkan Yard\u0131mc\u0131s\u0131, deprem b\u00f6lgesi i\u00e7in haz\u0131rlanan ve 3 bin ki\u015fi i\u00e7in d\u00fc\u015f\u00fcn\u00fclen istihdam plan\u0131n\u0131n 5 bin ki\u015fiye \u00e7\u0131kart\u0131ld\u0131\u011f\u0131n\u0131 ve 3 y\u0131l i\u00e7inde toplam 600 g\u00fcn sigorta pirimi yat\u0131rm\u0131\u015f olan \u00e7al\u0131\u015fanlar\u0131n, maa\u015flar\u0131n\u0131 3 ay boyunca devlet taraf\u0131ndan \u00f6denece\u011fini s\u00f6yledi.<\/p>\n<p style=\"text-align: justify;\"><strong>DEPREM VERG\u0130S\u0130 TARTI\u015eMASI<\/strong><\/p>\n<p style=\"text-align: justify;\">Verginin ad\u0131 ne olursa olsun vatanda\u015fa hizmet olarak d\u00f6nd\u00fc\u011f\u00fcn\u00fcn alt\u0131n\u0131 \u00e7izen H\u00fcseyin \u00c7elik, \u201cDeprem vergisi diye bir vergi yok. \u00d6zel \u0130leti\u015fim Vergisi var. Bunlar devletin kasas\u0131na ak\u0131yor. Devletin halk\u0131n aya\u011f\u0131na g\u00f6t\u00fcrd\u00fc\u011f\u00fc hizmetler buradan kar\u015f\u0131lan\u0131yor. Paralar\u0131 Bakan Mehmet \u015eim\u015fek Bey cebine mi att\u0131? Villa m\u0131 yapt\u0131rd\u0131?\u201d diyerek tepkisini dile getirdi.<\/p>\n<p style=\"text-align: justify;\">AK Parti Genel Ba\u015fkan Yard\u0131mc\u0131s\u0131 H\u00fcseyin \u00c7elik\u2019in \u00f6ne \u00e7\u0131kan di\u011fer s\u00f6zleri ise \u015f\u00f6yle:<\/p>\n<p style=\"text-align: justify;\">-BDP\u2019li arkada\u015flar iyi bir s\u0131nav vermedi. BDP hakk\u0131nda s\u00f6yleyecek \u00e7ok \u015fey var ama g\u00fcn bug\u00fcn de\u011fil.<\/p>\n<p style=\"text-align: justify;\">-BDP\u2019liler Van\u2019da daha dramatik g\u00f6r\u00fcnt\u00fcler ortaya \u00e7\u0131ks\u0131n diye gayret ediyor.<\/p>\n<p style=\"text-align: justify;\">-\u2018Oh olsun\u2019 diyenler ak\u0131l hastal\u0131\u011f\u0131na yakalanm\u0131\u015flard\u0131r. Bunlar internetteki sosyopatlard\u0131r.<\/p>\n<p style=\"text-align: justify;\"><a href=\"http:\/\/www.radikal.com.tr\/Radikal.aspx?aType=RadikalDetayV3&amp;ArticleID=1067894&amp;Date=30.10.2011&amp;CategoryID=78\" target=\"_blank\">Kaynak : Radikal.com.tr<\/a><\/p>\n","protected":false},"excerpt":{"rendered":"<p style=\"text-align: center;\">\n<p style=\"text-align: justify;\">Verginin ad\u0131 ne olursa olsun vatanda\u015fa hizmet olarak d\u00f6nd\u00fc\u011f\u00fc belirten AK Parti Genel Ba\u015fkan Yard\u0131mc\u0131s\u0131 \u00c7elik, &#8220;Deprem vergisi diye bir vergi yok&#8221; dedi.<\/p>\n<p style=\"text-align: justify;\">AK Parti Genel Ba\u015fkan Yard\u0131mc\u0131s\u0131 H\u00fcseyin \u00c7elik, NTV Ankara Temsilcisi Nilg\u00fcn Balka\u00e7\u2019\u0131n deprem sonras\u0131 durumla ilgili sorular\u0131n\u0131 yan\u0131tlad\u0131. Kendisinin K\u0131z\u0131lay\u2019\u0131 ilk g\u00fcn\u00fcn hemen ard\u0131ndan ele\u015ftirdi\u011fini <\/p>\n","protected":false},"author":1,"featured_media":0,"comment_status":"open","ping_status":"open","sticky":false,"template":"","format":"standard","meta":{"footnotes":""},"categories":[105],"tags":[],"class_list":["post-41777","post","type-post","status-publish","format-standard","hentry","category-gundem","odd"],"_links":{"self":[{"href":"http:\/\/www.korhanyilmaz.com\/index.php?rest_route=\/wp\/v2\/posts\/41777","targetHints":{"allow":["GET"]}}],"collection":[{"href":"http:\/\/www.korhanyilmaz.com\/index.php?rest_route=\/wp\/v2\/posts"}],"about":[{"href":"http:\/\/www.korhanyilmaz.com\/index.php?rest_route=\/wp\/v2\/types\/post"}],"author":[{"embeddable":true,"href":"http:\/\/www.korhanyilmaz.com\/index.php?rest_route=\/wp\/v2\/users\/1"}],"replies":[{"embeddable":true,"href":"http:\/\/www.korhanyilmaz.com\/index.php?rest_route=%2Fwp%2Fv2%2Fcomments&post=41777"}],"version-history":[{"count":0,"href":"http:\/\/www.korhanyilmaz.com\/index.php?rest_route=\/wp\/v2\/posts\/41777\/revisions"}],"wp:attachment":[{"href":"http:\/\/www.korhanyilmaz.com\/index.php?rest_route=%2Fwp%2Fv2%2Fmedia&parent=41777"}],"wp:term":[{"taxonomy":"category","embeddable":true,"href":"http:\/\/www.korhanyilmaz.com\/index.php?rest_route=%2Fwp%2Fv2%2Fcategories&post=41777"},{"taxonomy":"post_tag","embeddable":true,"href":"http:\/\/www.korhanyilmaz.com\/index.php?rest_route=%2Fwp%2Fv2%2Ftags&post=41777"}],"curies":[{"name":"wp","href":"https:\/\/api.w.org\/{rel}","templated":true}]}}