{"id":41772,"date":"2011-10-29T13:21:48","date_gmt":"2011-10-29T10:21:48","guid":{"rendered":"http:\/\/www.korhanyilmaz.com\/?p=41772"},"modified":"2011-10-30T08:17:54","modified_gmt":"2011-10-30T06:17:54","slug":"tbmmde-ayri-yone-baktilar","status":"publish","type":"post","link":"http:\/\/www.korhanyilmaz.com\/?p=41772","title":{"rendered":"TBMM&#8217;de ayr\u0131 y\u00f6ne bakt\u0131lar!"},"content":{"rendered":"<p style=\"text-align: center;\"><a href=\"http:\/\/www.korhanyilmaz.com\/wp-content\/uploads\/2011\/10\/3056.jpg\"  class=\"lightview\"><img loading=\"lazy\" decoding=\"async\" class=\"aligncenter  wp-image-41773\" src=\"http:\/\/www.korhanyilmaz.com\/wp-content\/uploads\/2011\/10\/3056.jpg\" alt=\"\" width=\"336\" height=\"223\" \/><\/a><\/p>\n<p style=\"text-align: justify;\">TBMM&#8217;deki t\u00f6rende Ba\u015fbakan Erdo\u011fan ile CHP Genel Ba\u015fkan\u0131 K\u0131l\u0131\u00e7daro\u011flu tokala\u015fmad\u0131. MHP lideri Bah\u00e7eli ve BDP E\u015f Ba\u015fkan\u0131 Selahattin Demirta\u015f t\u00f6rene kat\u0131lmad\u0131. \u0130ki b\u00fcy\u00fckel\u00e7inin G\u00fcl&#8217;\u00fc pas ge\u00e7meleri salondakileri g\u00fcld\u00fcrd\u00fc.<!--more--><\/p>\n<p style=\"text-align: justify;\">ANKARA &#8211; Cumhurba\u015fkan\u0131 Abdullah G\u00fcl, Cumhuriyetin 88. y\u0131ld\u00f6n\u00fcm\u00fc dolay\u0131s\u0131yla TBMM&#8217;de kutlamalar\u0131 kabul etti. An\u0131tkabir&#8217;deki t\u00f6renin ard\u0131ndan Meclise gelen G\u00fcl&#8217;\u00fc, TBMM Ba\u015fkan\u0131 Cemil \u00c7i\u00e7ek, askeri t\u00f6renle kar\u015f\u0131lad\u0131. T\u00f6ren k\u0131tas\u0131n\u0131 selamlayan G\u00fcl, tebrikleri kabul etmek \u00fczere T\u00f6ren Salonuna ge\u00e7ti. G\u00fcl, kutlamalar\u0131 kabul etti\u011fi salonda, bir s\u00fcre TBMM Ba\u015fkan\u0131 Cemil \u00c7i\u00e7ek ile sohbet etti.<\/p>\n<p style=\"text-align: justify;\">T\u00f6rene ilk gelen Ba\u015fbakan Recep Tayyip Erdo\u011fan oldu. CHP Genel Ba\u015fkan\u0131 Kemal K\u0131l\u0131\u00e7daro\u011flu, salonda Anayasa Mahkemesi Ba\u015fkan\u0131 Ha\u015fim K\u0131l\u0131\u00e7 ile tokala\u015f\u0131rken, kar\u015f\u0131s\u0131nda bulunan Bakanlar Kurulu \u00fcyelerini ba\u015f\u0131yla selamlad\u0131, Erdo\u011fan ile tokala\u015fmad\u0131. \u0130kili An\u0131tkabir&#8217;deki t\u00f6rende tokala\u015fm\u0131\u015ft\u0131. Ba\u015fbakan Erdo\u011fan, G\u00fcl&#8217;\u00fcn kutlamalar\u0131 kabul etmesini beklerken Ba\u015fbakan Yard\u0131mc\u0131s\u0131 Bekir Bozda\u011f ve Milli E\u011fitim Bakan\u0131 \u00d6mer Din\u00e7er ile ayak\u00fcst\u00fc sohbet etti. Salona en son Genelkurmay Ba\u015fkan\u0131 Orgeneral Necdet \u00d6zel ve kuvvet komutanlar\u0131 geldi. Bakanlar, kuvvet komutanlar\u0131yla ele s\u0131k\u0131\u015farak k\u0131sa s\u00fcre sohbet etti.<\/p>\n<p style=\"text-align: justify;\"><strong>DEM\u0130RTA\u015e KATILMADI\u00a0<\/strong><\/p>\n<p style=\"text-align: justify;\">MHP Genel Ba\u015fkan\u0131 Devlet Bah\u00e7eli ile BDP Genel Ba\u015fkan\u0131 Selahattin Demirta\u015f t\u00f6rene kat\u0131lmad\u0131. MHP&#8217;yi Grup Ba\u015fkanvekilleri Mehmet \u015eand\u0131r ile Oktay Vural, BDP&#8217;yi ise Grup Ba\u015fkanvekili Hasip Kaplan temsil etti.<\/p>\n<p style=\"text-align: justify;\">Cumhurba\u015fkan\u0131 G\u00fcl&#8217;\u00fcn yerini almas\u0131n\u0131n ard\u0131ndan, \u0130stiklal Mar\u015f\u0131 okundu. G\u00fcl, daha sonra kutlamalar\u0131 kabul etti. TBMM Ba\u015fkan\u0131 \u00c7i\u00e7ek, Ba\u015fbakan Erdo\u011fan, CHP Genel Ba\u015fkan\u0131 K\u0131l\u0131\u00e7daro\u011flu, Genelkurmay Ba\u015fkan\u0131 Orgeneral \u00d6zel, Anayasa Mahkemesi Ba\u015fkan\u0131 K\u0131l\u0131\u00e7, Yarg\u0131tay Ba\u015fkan\u0131 Nazmi Kaynak, Dan\u0131\u015ftay Ba\u015fkan\u0131 H\u00fcseyin H\u00fcsn\u00fc Karakulluk\u00e7u, Bakanlar Kurulu \u00fcyeleri, kuvvet komutanlar\u0131, TBMM Ba\u015fkanvekili Mehmet Sa\u011flam, Y\u00d6K Ba\u015fkan\u0131 Yusuf Ziya \u00d6zcan, milletvekilleri, Ankara Valisi Alaaddin Y\u00fcksel, Ankara B\u00fcy\u00fck\u015fehir Belediye Ba\u015fkan\u0131 Melih G\u00f6k\u00e7ek, Anadolu Ajans\u0131 Y\u00f6netim Kurulu Ba\u015fkan\u0131 ve Genel M\u00fcd\u00fcr\u00fc Kemal \u00d6zt\u00fcrk, b\u00fcrokratlar ile yabanc\u0131 misyon \u015fefleri, G\u00fcl&#8217;e tebriklerini iletti.<\/p>\n<p style=\"text-align: justify;\"><strong>G\u00dcL\u00dc\u015eMELERE NEDEN OLDU\u00a0<\/strong><\/p>\n<p style=\"text-align: justify;\">Cumhurba\u015fkan\u0131 Abdullah G\u00fcl, aralar\u0131nda ABD ve \u0130srail maslahatg\u00fczarlar\u0131n\u0131n da bulundu\u011fu yabanc\u0131 misyon \u015feflerinin kutlamalar\u0131n\u0131 kabul ettikten sonra gazetecilerin de bayram\u0131n\u0131 kutlad\u0131. Vietnam ve H\u0131rvatistan b\u00fcy\u00fckel\u00e7ilerinin G\u00fcl&#8217;\u00fc kutlamay\u0131 unutarak \u00f6n\u00fcnden ge\u00e7mesi, salonda g\u00fcl\u00fc\u015fmelere neden oldu. B\u00fcy\u00fckel\u00e7iler, G\u00fcl&#8217;\u00fcn uyar\u0131s\u0131 \u00fczerine, durumu fark ederek kendisine tebriklerini sundu. \u00d6te yandan eski Milletvekili Mustafa Karada\u011f, yabanc\u0131 misyon \u015feflerinin tebriklerini sundu\u011fu s\u0131rada araya girerek Cumhurba\u015fkan\u0131 G\u00fcl&#8217;\u00fc kutlad\u0131.<\/p>\n<p style=\"text-align: justify;\"><strong>GENELKURMAY BA\u015eKANI BA\u015eIYLA SELAM VERD\u0130\u00a0<\/strong><\/p>\n<p style=\"text-align: justify;\">Genelkurmay Ba\u015fkan\u0131 Orgeneral Necdet \u00d6zel ve kuvvet komutanlar\u0131 t\u00f6ren ba\u015flamadan 5 dakika \u00f6nce salonda yerlerini ald\u0131. Genelkurmay Ba\u015fkan\u0131\u2019n\u0131n yerine ge\u00e7erken Ba\u015fbakan ve K\u0131l\u0131\u00e7daro\u011flu\u2019na ba\u015f\u0131yla selam vermesi dikkat \u00e7ekti. Kuvvet komutanlar\u0131 da bakanlar\u0131n ellerini s\u0131kt\u0131.<\/p>\n<p style=\"text-align: justify;\"><strong>G\u00dcL\u2019\u00dcN YANITSIZ BIRAKTI\u011eI SORU\u00a0<\/strong><\/p>\n<p style=\"text-align: justify;\">Cumhurba\u015fkan\u0131 Abdullah G\u00fcl, kutlamalar\u0131 kabul ettikten sonra bas\u0131n mensuplar\u0131na k\u0131sa bir a\u00e7\u0131klama yapt\u0131. Cumhuriyet Bayram\u0131n\u0131 kutlayan G\u00fcl, Van\u2019daki depremin b\u00fct\u00fcn T\u00fcrkiye\u2019yi \u00e7ok \u00fczd\u00fc\u011f\u00fcn\u00fc belirterek, &#8220;Milletimizin bir ferdinin, bir il\u00e7esinin, bir ilinin ac\u0131s\u0131 hepimizin ac\u0131s\u0131 demektir&#8221; dedi. G\u00fcl, \u015f\u00f6yle dedi: &#8220;Bildi\u011finiz gibi bug\u00fcn Cumhuriyet Bayram\u0131m\u0131z\u0131 kutluyoruz, b\u00fcy\u00fck bir gururla ama ayn\u0131 zamanda da ac\u0131 i\u00e7erisindeyiz. \u00c7\u00fcnk\u00fc Van ve \u00e7evresindeki deprem b\u00fct\u00fcn T\u00fcrkiye\u2019yi \u00e7ok \u00fczm\u00fc\u015ft\u00fcr, b\u00fct\u00fcn milletimizi \u00e7ok \u00fczm\u00fc\u015ft\u00fcr. Milletimizin bir ferdinin, bir il\u00e7esinin, bir ilinin ac\u0131s\u0131 hepimizin ac\u0131s\u0131 demektir. Dolay\u0131s\u0131yla b\u00f6yle bir \u00fcz\u00fcnt\u00fc i\u00e7erisinde ya\u015f\u0131yoruz ama 88 y\u0131l i\u00e7erisinde de Cumhuriyetin ba\u015far\u0131lar\u0131yla da b\u00fcy\u00fck bir gurur duyuyoruz. Bu vesileyle bir kez daha b\u00fct\u00fcn halk\u0131m\u0131z\u0131n bayram\u0131n\u0131 tebrik ediyorum, yurt d\u0131\u015f\u0131nda olan b\u00fct\u00fcn vatanda\u015flar\u0131m\u0131n bayram\u0131n\u0131 tebrik ediyorum.&#8221;<\/p>\n<p style=\"text-align: justify;\">Bas\u0131n mensuplar\u0131 da ayn\u0131 zamanda bug\u00fcn do\u011fum g\u00fcn\u00fc olan G\u00fcl\u2019\u00fcn do\u011fum g\u00fcn\u00fcn\u00fc kutlad\u0131. Bir bas\u0131n mensubunun, &#8220;29 Ekim t\u00f6renlerinin iptal edilmesine baz\u0131 tepkiler oldu, nas\u0131l de\u011ferlendiriyorsunuz?&#8221; sorusunu ise G\u00fcl, yan\u0131ts\u0131z b\u0131rakt\u0131.<\/p>\n<p style=\"text-align: justify;\"><strong>TBMM BA\u015eKANI\u2019NIN ODASINDA M\u0130N\u0130 Z\u0130RVE\u00a0<\/strong><\/p>\n<p style=\"text-align: justify;\">Bu arada t\u00f6renin ard\u0131ndan TBMM Ba\u015fkan\u0131 Cemil \u00c7i\u00e7ek\u2019in makam\u0131nda Cumhurba\u015fkan\u0131 G\u00fcl, Ba\u015fbakan Erdo\u011fan ve baz\u0131 bakanlar\u0131n da kat\u0131ld\u0131\u011f\u0131 bir toplant\u0131 ger\u00e7ekle\u015fti. Ba\u015fbakan Erdo\u011fan t\u00f6renin ard\u0131ndan TBMM Ba\u015fkan\u0131 Cemil \u00c7i\u00e7ek\u2019in makam\u0131na ge\u00e7ti. G\u00fcl\u2019de, kutlamalar\u0131 kabul ettikten sonra TBMM\u2019den ayr\u0131lmak \u00fczere d\u0131\u015far\u0131 \u00e7\u0131kt\u0131. Bu arada Cemil \u00c7i\u00e7ek, G\u00fcl\u2019\u00fc, TBMM\u2019deki makam\u0131na davet etti. Daveti kabul eden G\u00fcl, \u00c7i\u00e7ek\u2019in makam\u0131na y\u00fcr\u00fcyerek gitti. \u00c7ok say\u0131da bakan\u0131n da kat\u0131ld\u0131\u011f\u0131 bulu\u015fma yakla\u015f\u0131k yar\u0131m saat s\u00fcrd\u00fc. Edinilen bilgiye g\u00f6re \u00c7i\u00e7ek, makam\u0131nda konuklar\u0131na kahvalt\u0131 ikram\u0131nda bulundu. \u00c7i\u00e7ek\u2019in makam\u0131nda ger\u00e7ekle\u015fen bulu\u015fmadan ilk \u00e7\u0131kan Cumhurba\u015fkan\u0131 G\u00fcl oldu. Ard\u0131ndan Ba\u015fbakan Yard\u0131mc\u0131s\u0131 B\u00fclent Ar\u0131n\u00e7 \u00e7\u0131kt\u0131. Daha sonra da Ba\u015fbakan Erdo\u011fan ayr\u0131ld\u0131. Bulu\u015fmaya Ba\u015fbakan Yard\u0131mc\u0131s\u0131 Bekir Bozda\u011f, AB Bakan\u0131 Egemen Ba\u011f\u0131\u015f, Enerji ve Tabii Kaynaklar Bakan\u0131 Taner Y\u0131ld\u0131z, Sa\u011fl\u0131k Bakan\u0131 Recep Akda\u011f, Gen\u00e7lik ve Spor Bakan\u0131 Suat K\u0131l\u0131\u00e7, Orman ve Su \u0130\u015fleri Bakan\u0131 Veysel Ero\u011flu, Milli E\u011fitim Bakan\u0131 \u00d6mer Din\u00e7er ve Ula\u015ft\u0131rma Bakan\u0131 Binali Y\u0131ld\u0131r\u0131m kat\u0131ld\u0131.<\/p>\n<p style=\"text-align: justify;\">Bas\u0131n mensuplar\u0131n\u0131n sorular\u0131n\u0131 yan\u0131tlayan Ula\u015ft\u0131rma Bakan\u0131, &#8220;Kahvalt\u0131 m\u0131 yapt\u0131n\u0131z?&#8221; sorusuna, &#8220;Biz her g\u00fcn kahvalt\u0131 yap\u0131yoruz. Ne yapal\u0131m bug\u00fcn bir yere s\u0131\u011f\u0131namad\u0131k. Kahvalt\u0131 var, dediler, yapt\u0131k&#8221; diyerek espriyle yan\u0131t verdi. Bakan Y\u0131ld\u0131r\u0131m, ne konu\u015fuldu\u011fu sorusuna ise, &#8220;Siz aran\u0131zda ne konu\u015fuyorsan\u0131z, biz de onu konu\u015ftuk&#8221; demekle yetindi. Y\u0131ld\u0131r\u0131m, ter\u00f6r, deprem olmak \u00fczere g\u00fcndemdeki konular\u0131n sohbette ge\u00e7ti\u011fini ifade etti.<\/p>\n<p style=\"text-align: justify;\"><a href=\"http:\/\/www.radikal.com.tr\/Radikal.aspx?aType=RadikalDetayV3&amp;ArticleID=1067883&amp;Date=30.10.2011&amp;CategoryID=78\" target=\"_blank\">Kaynak : Radikal.com.tr<\/a><\/p>\n","protected":false},"excerpt":{"rendered":"<p style=\"text-align: center;\">\n<p style=\"text-align: justify;\">TBMM&#8217;deki t\u00f6rende Ba\u015fbakan Erdo\u011fan ile CHP Genel Ba\u015fkan\u0131 K\u0131l\u0131\u00e7daro\u011flu tokala\u015fmad\u0131. MHP lideri Bah\u00e7eli ve BDP E\u015f Ba\u015fkan\u0131 Selahattin Demirta\u015f t\u00f6rene kat\u0131lmad\u0131. \u0130ki b\u00fcy\u00fckel\u00e7inin G\u00fcl&#8217;\u00fc pas ge\u00e7meleri salondakileri g\u00fcld\u00fcrd\u00fc.<\/p>\n","protected":false},"author":1,"featured_media":0,"comment_status":"open","ping_status":"open","sticky":false,"template":"","format":"standard","meta":{"footnotes":""},"categories":[105],"tags":[],"class_list":["post-41772","post","type-post","status-publish","format-standard","hentry","category-gundem","odd"],"_links":{"self":[{"href":"http:\/\/www.korhanyilmaz.com\/index.php?rest_route=\/wp\/v2\/posts\/41772","targetHints":{"allow":["GET"]}}],"collection":[{"href":"http:\/\/www.korhanyilmaz.com\/index.php?rest_route=\/wp\/v2\/posts"}],"about":[{"href":"http:\/\/www.korhanyilmaz.com\/index.php?rest_route=\/wp\/v2\/types\/post"}],"author":[{"embeddable":true,"href":"http:\/\/www.korhanyilmaz.com\/index.php?rest_route=\/wp\/v2\/users\/1"}],"replies":[{"embeddable":true,"href":"http:\/\/www.korhanyilmaz.com\/index.php?rest_route=%2Fwp%2Fv2%2Fcomments&post=41772"}],"version-history":[{"count":0,"href":"http:\/\/www.korhanyilmaz.com\/index.php?rest_route=\/wp\/v2\/posts\/41772\/revisions"}],"wp:attachment":[{"href":"http:\/\/www.korhanyilmaz.com\/index.php?rest_route=%2Fwp%2Fv2%2Fmedia&parent=41772"}],"wp:term":[{"taxonomy":"category","embeddable":true,"href":"http:\/\/www.korhanyilmaz.com\/index.php?rest_route=%2Fwp%2Fv2%2Fcategories&post=41772"},{"taxonomy":"post_tag","embeddable":true,"href":"http:\/\/www.korhanyilmaz.com\/index.php?rest_route=%2Fwp%2Fv2%2Ftags&post=41772"}],"curies":[{"name":"wp","href":"https:\/\/api.w.org\/{rel}","templated":true}]}}