{"id":41766,"date":"2011-10-29T16:48:36","date_gmt":"2011-10-29T13:48:36","guid":{"rendered":"http:\/\/www.korhanyilmaz.com\/?p=41766"},"modified":"2011-10-29T21:27:49","modified_gmt":"2011-10-29T18:27:49","slug":"yurttas-cumhuriyete-sahip-cikti","status":"publish","type":"post","link":"http:\/\/www.korhanyilmaz.com\/?p=41766","title":{"rendered":"Yurtta\u015f Cumhuriyet&#8217;e sahip \u00e7\u0131kt\u0131"},"content":{"rendered":"<p style=\"text-align: center;\"><a href=\"http:\/\/www.korhanyilmaz.com\/wp-content\/uploads\/2011\/10\/3055.jpg\"  class=\"lightview\"><img loading=\"lazy\" decoding=\"async\" class=\"aligncenter  wp-image-41767\" src=\"http:\/\/www.korhanyilmaz.com\/wp-content\/uploads\/2011\/10\/3055.jpg\" alt=\"\" width=\"366\" height=\"273\" \/><\/a><\/p>\n<p style=\"text-align: justify;\">29 Ekim Cumhuriyet Bayram\u0131 kapsam\u0131nda d\u00fczenlenen resmi t\u00f6renler iptal edilirken yurtta\u015flar Cumhuriyet y\u00fcr\u00fcy\u00fc\u015fleri d\u00fczenliyor. G\u00fcndo\u011fdu Meydan\u0131, Ba\u011fdat Caddesi, \u015ei\u015fli, Ulus, Marmaris gibi merkezlerde binlerce yurtta\u015f Cumhuriyet&#8217;in ilan\u0131n\u0131 kutlad\u0131lar. Etkinliklerde depremzedelerin ve \u015fehitlerin unutulmad\u0131\u011f\u0131n\u0131 an\u0131msatan pankartlar dikkat \u00e7ekti.<!--more--><\/p>\n<p style=\"text-align: justify;\">\u0130stanbul- \u0130zmir&#8217;de baz\u0131 sivil toplum \u00f6rg\u00fctleri y\u00fcr\u00fcy\u00fc\u015f d\u00fczenlendi. Cumhuriyet Bayram\u0131 kapsam\u0131nda, E\u011fitim ve Bilim \u0130\u015fg\u00f6renleri Sendikas\u0131 (E\u011fitim-\u0130\u015f) \u0130zmir \u015eubesince d\u00fczenlenen etkinlik kapsam\u0131nda \u0130\u015f\u00e7i Partisi, sendikalar ve baz\u0131 derneklerin kat\u0131l\u0131m\u0131yla G\u00fcndo\u011fdu Meydan\u0131&#8217;ndan Cumhuriyet Meydan\u0131&#8217;na y\u00fcr\u00fcy\u00fc\u015f d\u00fczenlendi. Slogan atarak Konak Meydan\u0131&#8217;na kadar y\u00fcr\u00fcyen grup, Hasan Tahsin An\u0131t\u0131&#8217;n\u0131n \u00f6n\u00fcnde sayg\u0131 duru\u015funda bulundu ve \u0130stiklal Mar\u015f\u0131&#8217;n\u0131 okudu.<\/p>\n<p style=\"text-align: justify;\"><strong>Bergama&#8217;da \u00f6\u011frenciler ve yurtta\u015flar Cumhuriyet Meydan\u0131&#8217;ndayd\u0131<\/strong><\/p>\n<p style=\"text-align: justify;\">\u0130zmir&#8217;in Bergama il\u00e7esinde 29 Ekim Cumhuriyet Bayram\u0131 dolay\u0131s\u0131yla CHP il\u00e7e \u00f6rg\u00fct\u00fcnce anma program\u0131 d\u00fczenlendi.<\/p>\n<p style=\"text-align: justify;\">CHP Genel Ba\u015fkan Yard\u0131mc\u0131s\u0131 ve \u0130zmir Milletvekili Birg\u00fcl Ayman G\u00fcler, Bergama Belediye Ba\u015fkan\u0131 Mehmet G\u00f6nen\u00e7&#8217;le \u00e7ok say\u0131da \u00f6\u011frenci ve yurtta\u015f\u0131n kat\u0131l\u0131m\u0131yla d\u00fczenlenen kutlamada, Bergama End\u00fcstri Meslek Lisesi&#8217;nin \u00f6n\u00fcnde toplanan grup &#8221;Sevdam\u0131z Cumhuriyet&#8221; yaz\u0131l\u0131 pankart, Atat\u00fcrk portresi, b\u00fcy\u00fck boy T\u00fcrk bayraklar\u0131yla slogan atarak Cumhuriyet Meydan\u0131&#8217;na kadar y\u00fcr\u00fcd\u00fc. Meydanda mar\u015flar s\u00f6yleyen grup, daha sonra sayg\u0131 duru\u015funda bulunarak \u0130stiklal Mar\u015f\u0131&#8217;n\u0131 okudu.<\/p>\n<p style=\"text-align: justify;\">CHP Genel Ba\u015fkan Yard\u0131mc\u0131s\u0131 G\u00fcler, bu milletin her zaman bir ve beraber oldu\u011funu ifade ederek, &#8221;Bu millet, cumhuriyet sevdas\u0131n\u0131 genelgelerle ortadan kald\u0131r\u0131lamayacak kadar g\u00fc\u00e7l\u00fcd\u00fcr. Cumhuriyet halk\u0131n eseridir, halk\u0131n iktidar\u0131d\u0131r. Talimatla kurulmam\u0131\u015ft\u0131r. Tam tersi i\u015f birlik\u00e7i talimatlar\u0131 reddeden devrimci ruhla kurulmu\u015f, o nedenle de talimatla unutturulamaz, sindirilemez&#8221; diye konu\u015ftu.<\/p>\n<p style=\"text-align: justify;\"><strong>CHP&#8217;lilerden Cumhuriyet Y\u00fcr\u00fcy\u00fc\u015f\u00fc\u00a0<\/strong><\/p>\n<p style=\"text-align: justify;\">CHP \u0130zmir \u0130l Ba\u015fkanl\u0131\u011f\u0131, Cumhuriyet Bayram\u0131 dolay\u0131s\u0131yla &#8221;Cumhuriyet Y\u00fcr\u00fcy\u00fc\u015f\u00fc&#8221; d\u00fczenledi.<\/p>\n<p style=\"text-align: justify;\">Konak Vapur \u0130skelesi&#8217;nde toplanan grup, cumhuriyeti kuranlar, \u015fehitler ve Van&#8217;daki depremde hayat\u0131n\u0131 kaybedenler i\u00e7in sayg\u0131 duru\u015funda bulundu, \u0130stiklal Mar\u015f\u0131 okudu.<\/p>\n<p style=\"text-align: justify;\">CHP \u0130l Ba\u015fkan\u0131 Tacettin Bay\u0131r, grup ad\u0131na yapt\u0131\u011f\u0131 a\u00e7\u0131klamada, Cumhuriyetin tasada ve k\u0131van\u00e7ta beraber olmak anlam\u0131n\u0131 ta\u015f\u0131d\u0131\u011f\u0131n\u0131 ifade ederek, &#8221;Resepsiyonlar\u0131n iptalini anlay\u0131\u015fla kar\u015f\u0131lar\u0131z ama resmi t\u00f6ren ge\u00e7itlerini ve okullarda cumhuriyet etkinliklerini iptal etmek cumhuriyeti anlamamak demektir. Cumhuriyetin ruhunu anlamayanlara bu b\u00fcy\u00fck millet hak etti\u011fi dersi mutlaka verecektir&#8221; diye konu\u015ftu.<\/p>\n<p style=\"text-align: justify;\">Grup, daha sonra T\u00fcrk bayraklar\u0131 ve me\u015falelerle mar\u015flar s\u00f6yleyip h\u00fck\u00fcmet aleyhine sloganlar atarak Alsancak Vapur \u0130skelesi&#8217;ne kadar y\u00fcr\u00fcd\u00fc.<\/p>\n<p style=\"text-align: justify;\"><strong>\u0130stanbul<\/strong><\/p>\n<p style=\"text-align: justify;\">\u0130stanbul Valisi H\u00fcseyin Avni Mutlu, Cumhuriyetin 88. y\u0131l\u0131 program\u0131 \u00e7er\u00e7evesinde d\u00fczenlenmesi planlanan resmige\u00e7it t\u00f6renleri ile ak\u015fam verilecek resepsiyonun Van\u2019daki deprem nedeniyle iptal edildi\u011fini bildirdi. \u0130stanbul B\u00fcy\u00fck\u015fehir Belediyesi havai fi\u015fek g\u00f6sterisini de iptal etmi\u015fti.<\/p>\n<p style=\"text-align: justify;\"><strong>Ba\u011fdat Caddesi&#8217;nde co\u015fkulu y\u00fcr\u00fcy\u00fc\u015f\u00a0<\/strong><\/p>\n<p style=\"text-align: justify;\">Kad\u0131k\u00f6y Belediyesi kutlamalar\u0131 iptal etmek yerine ya\u015fam\u0131n\u0131 yitirenlerin an\u0131laca\u011f\u0131 bir y\u00fcr\u00fcy\u00fc\u015f d\u00fczenlemeyi tercih etti. Her y\u0131l geleneksel hale gelen y\u00fcr\u00fcy\u00fc\u015fe bayraklar, Atat\u00fcrk posterleri ve k\u0131rm\u0131z\u0131 giysileriyle kat\u0131lan Kad\u0131k\u00f6yl\u00fcler bu y\u0131l siyahlara b\u00fcr\u00fcnd\u00fc. 19.00\u2019da Ba\u011fdat Caddesi\u2019nde ba\u015flayan \u201cCumhuriyete Ba\u011fl\u0131l\u0131k Y\u00fcr\u00fcy\u00fc\u015f\u00fc\u201dnde \u015fehit askerlerin resimleri ve Atat\u00fcrk posterleri ta\u015f\u0131nd\u0131. Ba\u011fdat Caddesi Suadiye \u0131\u015f\u0131klarda bulu\u015fan cumhuriyet sevdal\u0131lar\u0131, G\u00f6ztepe\u2019ye kadar y\u00fcr\u00fcd\u00fckten sonra Kad\u0131k\u00f6y Belediye Ba\u015fkan\u0131 Selami \u00d6zt\u00fcrk\u2019\u00fcn tekrarlataca\u011f\u0131 Cumhuriyet And\u0131\u2019n\u0131n hep bir a\u011f\u0131zdan okudu. Be\u015fikta\u015f Belediyesi taraf\u0131ndan organize edilen y\u00fcr\u00fcy\u00fc\u015f ve fener alay\u0131 da bug\u00fcn saat 18.30\u2019da ba\u015flad\u0131. Ortak\u00f6y Dereboyu Meydan\u0131\u2019ndan ba\u015flayacak olan y\u00fcr\u00fcy\u00fc\u015f Barboros Meydan\u0131\u2019nda sona erecek.<\/p>\n<p style=\"text-align: justify;\"><strong>\u015ei\u015fli&#8217;de Cumhuriyet co\u015fkusu\u00a0<\/strong><\/p>\n<p style=\"text-align: justify;\">\u015ei\u015fli Belediyesi de Cumhuriyet Bayram\u0131 nedeniyle Valikona\u011f\u0131 Caddesi ve Abdi \u0130pek\u00e7i Caddesinin kesi\u015fme noktas\u0131nda Cumhuriyet\u2019in epik hik\u00e2yesini anlatan bir video mapping \u015f\u00f6leni d\u00fczenledi. Saat 19.30-22.30 aras\u0131nda her 20 dk da bir, 4 dakikal\u0131k seanslar halinde Cumhuriyetin hik\u00e2yesi anlat\u0131ld\u0131. CHP Bayrampa\u015fa il\u00e7e y\u00f6netimi de bug\u00fcn 17.00\u2019de Y\u0131ld\u0131r\u0131m Mahallesi\u2019ndeki \u015eehit K\u00e2mil Balkan \u0130lk\u00f6\u011fretim Okulu \u00f6n\u00fcnden Bayrampa\u015fa CHP il\u00e7e binas\u0131na 350 metrelik T\u00fcrk bayra\u011f\u0131 a\u00e7arak y\u00fcr\u00fcy\u00fc\u015f yapt\u0131.<\/p>\n<p style=\"text-align: justify;\"><strong>Kuryeler Edirnekap\u0131 \u015fehitli\u011findeydi\u00a0<\/strong><\/p>\n<p style=\"text-align: justify;\">Kuryeler Derne\u011fi, Anadolu Y\u0131ld\u0131zlar\u0131 ve \u0130stanbul Y\u0131ld\u0131zlar\u0131 \u00fcyelerinden olu\u015fan bir grup motosikletli kurye, Cumhuriyet&#8217;in 88. y\u0131l d\u00f6n\u00fcm\u00fc dolay\u0131s\u0131yla Edirnekap\u0131 \u015eehitli\u011fi&#8217;ni ziyaret etti.<\/p>\n<p style=\"text-align: justify;\">Merter \u0130SPARK&#8217;tan hareket eden motosikletli kuryeler, Karak\u00f6y-Dolmabah\u00e7e istikametinden Kad\u0131k\u00f6y&#8217;e ge\u00e7ti. Burada &#8221;Sal\u0131 Pazar\u0131&#8221; olarak bilinen yerde miting d\u00fczenleyen grup, daha sonra Edirnekap\u0131 \u015eehitli\u011fi&#8217;ne hareket etti.<\/p>\n<p style=\"text-align: justify;\">Bir kuryenin, motosikletinin \u00fczerine temsili olarak yerle\u015ftirdi\u011fi tabut dikkati \u00e7ekti.<\/p>\n<p style=\"text-align: justify;\">Motosikletli kuryeler, T\u00fcrk bayraklar\u0131yla, konvoy halinde geldikleri \u015fehitlikte dua etti.<\/p>\n<p style=\"text-align: justify;\">Kuryeler Derne\u011fi Ba\u015fkan Yard\u0131mc\u0131s\u0131 Kemal Ka\u00e7mao\u011flu, yapt\u0131\u011f\u0131 a\u00e7\u0131klamada, Cumhuriyet&#8217;in 88. y\u0131l d\u00f6n\u00fcm\u00fc dolay\u0131s\u0131yla d\u00fczenledikleri mitingin ard\u0131ndan Edirnekap\u0131 \u015eehitli\u011fi&#8217;nde \u015fehitleri anarak, dualar ettiklerini s\u00f6yledi.<\/p>\n<p style=\"text-align: justify;\"><strong>Marmaris&#8217;te dalg\u0131\u00e7lar bayrak a\u00e7t\u0131\u00a0<\/strong><\/p>\n<p style=\"text-align: justify;\">Cumhuriyetin ilan\u0131n\u0131n 88. y\u0131l d\u00f6n\u00fcm\u00fc dolay\u0131s\u0131yla Mu\u011fla&#8217;n\u0131n Marmaris il\u00e7esinde bir grup dalg\u0131\u00e7, deniz dibinde b\u00fcy\u00fck bir T\u00fcrk bayra\u011f\u0131 a\u00e7t\u0131.<\/p>\n<p style=\"text-align: justify;\">Marmaris&#8217;te bir araya gelen Mu\u011fla Paradise Diving Dal\u0131\u015f Toplulu\u011fu \u00fcyesi 20 dalg\u0131\u00e7, tekneyle Cennet Adas\u0131 a\u00e7\u0131klar\u0131na gitti. Burada dal\u0131\u015f yapan dalg\u0131\u00e7lar, deniz dibinde b\u00fcy\u00fck bir T\u00fcrk bayra\u011f\u0131 a\u00e7t\u0131. Cumhuriyet Bayram\u0131&#8217;n\u0131 kutlayan dalg\u0131\u00e7lar, hep birlikte verdikleri asker selam\u0131yla da \u015fehitleri and\u0131. Su alt\u0131 kameras\u0131yla bu anlar\u0131 kaydeden dalg\u0131\u00e7lar, daha sonra g\u00f6r\u00fcnt\u00fcleri bas\u0131n mensuplar\u0131yla payla\u015ft\u0131.<\/p>\n<p style=\"text-align: justify;\">Dalg\u0131\u00e7 e\u011fitmeni Egemen \u00d6zer, gazetecilere yapt\u0131\u011f\u0131 a\u00e7\u0131klamada, Atat\u00fcrk&#8217;\u00fcn kurdu\u011fu cumhuriyetin 88. y\u0131l\u0131n\u0131 su alt\u0131nda kutlamaktan mutluluk ve heyecan duyduklar\u0131n\u0131 s\u00f6yledi.<\/p>\n<p style=\"text-align: justify;\">\u00d6zer, T\u00fcrk bayra\u011f\u0131n\u0131 su alt\u0131nda da dalgaland\u0131rarak \u015fehitleri and\u0131klar\u0131n\u0131 ve T\u00fcrkiye&#8217;nin b\u00f6l\u00fcnmez bir b\u00fct\u00fcn oldu\u011fu mesaj\u0131n\u0131 verdiklerini ifade etti.<\/p>\n<p style=\"text-align: justify;\"><strong>CHP&#8217;liler ilk meclis binas\u0131na y\u00fcr\u00fcd\u00fcler<\/strong><\/p>\n<p style=\"text-align: justify;\">\u00a0CHP Ankara \u0130l Ba\u015fkanl\u0131\u011f\u0131, 29 Ekim Cumhuriyet Bayram\u0131 dolay\u0131s\u0131yla ilk Meclis binas\u0131n\u0131n bulundu\u011fu Ulus&#8217;a y\u00fcr\u00fcy\u00fc\u015f d\u00fczenledi.<\/p>\n<p style=\"text-align: justify;\">CHP Ankara \u0130l Ba\u015fkan\u0131 Zeki Al\u00e7\u0131n, y\u00fcr\u00fcy\u00fc\u015f \u00f6ncesinde yapt\u0131\u011f\u0131 konu\u015fmada, Cumhuriyet Bayram\u0131 t\u00f6renlerinin iptal edilmesine tepki g\u00f6stererek, Cumhuriyet Bayram\u0131&#8217;n\u0131n bir e\u011flence olmad\u0131\u011f\u0131n\u0131, T\u00fcrk ulusunun en onurlu g\u00fcn\u00fc oldu\u011funu s\u00f6yledi.<\/p>\n<p style=\"text-align: justify;\">T\u00fcrkiye&#8217;de ya\u015fayan herkesin k\u0131van\u00e7ta ve tasada birlik ve beraberlik yemini oldu\u011funu ifade eden Al\u00e7\u0131n, &#8221;Bize bug\u00fcn ya\u015fad\u0131\u011f\u0131m\u0131z ac\u0131lar\u0131, \u0131zd\u0131raplar\u0131 ve felaketleri g\u00f6\u011f\u00fcsleme g\u00fcc\u00fc veren i\u015fte o yemindir. Van&#8217;da, Erci\u015f&#8217;te ya\u015fananlarla, bu b\u00fcy\u00fck milleti zor g\u00fcn\u00fcnde kucakla\u015ft\u0131ran i\u015fte bu yemindir, Cumhuriyettir&#8221; diye konu\u015ftu.<\/p>\n<p style=\"text-align: justify;\">Ya\u015fan\u0131lan b\u00fcy\u00fck ac\u0131lar\u0131 azaltma yollar\u0131ndan birinin de milli duygulara kenetlenmek, manevi de\u011ferlerin birlikte ya\u015fand\u0131\u011f\u0131 ortamlarda bir araya gelmek oldu\u011funu vurgulayan Al\u00e7\u0131n, &#8221;Bu ortamlar\u0131, ac\u0131m\u0131z ne kadar b\u00fcy\u00fck olsa da yaratmal\u0131, birlik ve beraberli\u011fimizin g\u00fcc\u00fcn\u00fc hissetmeliyiz&#8221; dedi.<\/p>\n<p style=\"text-align: justify;\">Konu\u015fman\u0131n ard\u0131ndan vatanda\u015flar, ellerinde T\u00fcrk Bayraklar\u0131 ve me\u015falelerle, sloganlar atarak K\u0131z\u0131lay&#8217;dan Ulus&#8217;ta bulunan ilk Meclis binas\u0131na y\u00fcr\u00fcd\u00fc.<\/p>\n<p style=\"text-align: justify;\">Burada Van&#8217;da hayat\u0131n\u0131 kaybedenler, \u015fehitler ve B\u00fcy\u00fck \u00d6nder Atat\u00fcrk ile silah arkada\u015flar\u0131 i\u00e7in sayg\u0131 duru\u015funda bulunan gruptakiler, \u0130stiklal Mar\u015f\u0131&#8217;n\u0131n okunmas\u0131n\u0131n ard\u0131ndan da\u011f\u0131ld\u0131.<\/p>\n<p style=\"text-align: justify;\">Y\u00fcr\u00fcy\u00fc\u015fe, baz\u0131 CHP&#8217;li milletvekilleri ile Yenimahalle Belediye Ba\u015fkan\u0131 Fethi Ya\u015far da kat\u0131ld\u0131.<\/p>\n<p style=\"text-align: justify;\"><a href=\"http:\/\/www.cumhuriyet.com.tr\/?hn=289182&amp;kw=Yurtta%FE+Cumhuriyet'e+sahip+%E7%FDkt%FD\" target=\"_blank\">Kaynak : Cumhuriyet Haber Portal\u0131<\/a><\/p>\n","protected":false},"excerpt":{"rendered":"<p style=\"text-align: center;\">\n<p style=\"text-align: justify;\">29 Ekim Cumhuriyet Bayram\u0131 kapsam\u0131nda d\u00fczenlenen resmi t\u00f6renler iptal edilirken yurtta\u015flar Cumhuriyet y\u00fcr\u00fcy\u00fc\u015fleri d\u00fczenliyor. G\u00fcndo\u011fdu Meydan\u0131, Ba\u011fdat Caddesi, \u015ei\u015fli, Ulus, Marmaris gibi merkezlerde binlerce yurtta\u015f Cumhuriyet&#8217;in ilan\u0131n\u0131 kutlad\u0131lar. Etkinliklerde depremzedelerin ve \u015fehitlerin unutulmad\u0131\u011f\u0131n\u0131 an\u0131msatan pankartlar dikkat \u00e7ekti.<\/p>\n","protected":false},"author":1,"featured_media":0,"comment_status":"open","ping_status":"open","sticky":false,"template":"","format":"standard","meta":{"footnotes":""},"categories":[105],"tags":[],"class_list":["post-41766","post","type-post","status-publish","format-standard","hentry","category-gundem","odd"],"_links":{"self":[{"href":"http:\/\/www.korhanyilmaz.com\/index.php?rest_route=\/wp\/v2\/posts\/41766","targetHints":{"allow":["GET"]}}],"collection":[{"href":"http:\/\/www.korhanyilmaz.com\/index.php?rest_route=\/wp\/v2\/posts"}],"about":[{"href":"http:\/\/www.korhanyilmaz.com\/index.php?rest_route=\/wp\/v2\/types\/post"}],"author":[{"embeddable":true,"href":"http:\/\/www.korhanyilmaz.com\/index.php?rest_route=\/wp\/v2\/users\/1"}],"replies":[{"embeddable":true,"href":"http:\/\/www.korhanyilmaz.com\/index.php?rest_route=%2Fwp%2Fv2%2Fcomments&post=41766"}],"version-history":[{"count":0,"href":"http:\/\/www.korhanyilmaz.com\/index.php?rest_route=\/wp\/v2\/posts\/41766\/revisions"}],"wp:attachment":[{"href":"http:\/\/www.korhanyilmaz.com\/index.php?rest_route=%2Fwp%2Fv2%2Fmedia&parent=41766"}],"wp:term":[{"taxonomy":"category","embeddable":true,"href":"http:\/\/www.korhanyilmaz.com\/index.php?rest_route=%2Fwp%2Fv2%2Fcategories&post=41766"},{"taxonomy":"post_tag","embeddable":true,"href":"http:\/\/www.korhanyilmaz.com\/index.php?rest_route=%2Fwp%2Fv2%2Ftags&post=41766"}],"curies":[{"name":"wp","href":"https:\/\/api.w.org\/{rel}","templated":true}]}}