{"id":41761,"date":"2011-10-29T13:14:06","date_gmt":"2011-10-29T10:14:06","guid":{"rendered":"http:\/\/www.korhanyilmaz.com\/?p=41761"},"modified":"2011-10-30T08:18:31","modified_gmt":"2011-10-30T06:18:31","slug":"cumhuriyetimiz-88-yasinda","status":"publish","type":"post","link":"http:\/\/www.korhanyilmaz.com\/?p=41761","title":{"rendered":"Cumhuriyetimiz 88 ya\u015f\u0131nda"},"content":{"rendered":"<p style=\"text-align: center;\"><a href=\"http:\/\/www.korhanyilmaz.com\/wp-content\/uploads\/2011\/10\/3054.jpg\"  class=\"lightview\"><img loading=\"lazy\" decoding=\"async\" class=\"aligncenter  wp-image-41762\" src=\"http:\/\/www.korhanyilmaz.com\/wp-content\/uploads\/2011\/10\/3054.jpg\" alt=\"\" width=\"344\" height=\"261\" \/><\/a><\/p>\n<p style=\"text-align: justify;\">Cumhuriyetin 88. ya\u015f\u0131 kutlamalar\u0131na Van depremi damgas\u0131n\u0131 vurgu. Sadece \u00e7elenk koyma ve tebrik kabul t\u00f6renlerine izin verildi. Bu nedenle, hipodromdaki ge\u00e7it t\u00f6reni ve K\u00f6\u015fk&#8217;teki 29 Ekim resepsiyonu iptal edildi. T\u00f6renler sadece An\u0131tkabir ve Meclis&#8217;te d\u00fczenlendi.<!--more--><\/p>\n<p style=\"text-align: justify;\">Cumhuriyet&#8217;in 88. ya\u015f\u0131 Van depremi g\u00f6lgesinde kutland\u0131.<\/p>\n<p style=\"text-align: justify;\">Deprem nedeniyle her y\u0131l yap\u0131lan hipodromdaki resmi ge\u00e7it t\u00f6reni ve K\u00f6\u015fk&#8217;teki 29 Ekim resepsiyonu iptal edildi.<\/p>\n<p style=\"text-align: justify;\">29 Ekim 2 noktada, An\u0131tkabir ve Meclis&#8217;te kutland\u0131.<\/p>\n<p style=\"text-align: justify;\"><strong>\u0130lk durak An\u0131tkabir\u00a0<\/strong><\/p>\n<p style=\"text-align: justify;\">An\u0131tkabir&#8217;deki t\u00f6ren, saat 08.45&#8217;te devlet erkan\u0131n\u0131n Aslanl\u0131 Yolun ba\u015f\u0131nda yerini almas\u0131yla ba\u015flad\u0131.<\/p>\n<p style=\"text-align: justify;\">Cumhurba\u015fkan\u0131 Abdullah G\u00fcl&#8217;\u00fcn ba\u015fkanl\u0131\u011f\u0131ndaki devlet erkan\u0131, Aslanl\u0131 Yol&#8217;dan y\u00fcr\u00fcyerek T\u00fcrkiye Cumhuriyeti&#8217;nin kurucusu ulu \u00f6nder Atat\u00fcrk&#8217;\u00fcn mozolesinin bulundu\u011fu b\u00f6l\u00fcme ge\u00e7ti.<\/p>\n<p style=\"text-align: justify;\">Cumhurba\u015fkan\u0131 G\u00fcl&#8217;\u00fcn, ulu \u00f6nderin mozolesine, \u00fczerinde &#8220;Cumhurba\u015fkan\u0131&#8221; yaz\u0131l\u0131 k\u0131rm\u0131z\u0131-beyaz karanfillerden olu\u015fan \u00e7elenk koymas\u0131n\u0131n ard\u0131ndan sayg\u0131 duru\u015funda bulunuldu ve \u0130stiklal Mar\u015f\u0131 okundu.<\/p>\n<p style=\"text-align: justify;\">Cumhurba\u015fkan\u0131 G\u00fcl ve beraberindekiler, daha sonra Misak-\u0131 Milli Kulesi&#8217;ne ge\u00e7ti.<\/p>\n<p style=\"text-align: justify;\">G\u00fcl, An\u0131tkabir \u00d6zel Defteri&#8217;ne \u015funlar\u0131 yazd\u0131:<\/p>\n<p style=\"text-align: justify;\">&#8220;Aziz Atat\u00fcrk, cumhuriyetimizin kurulu\u015funun 88. y\u0131l d\u00f6n\u00fcm\u00fcnde \u00fclkemizin ba\u015far\u0131lar\u0131yla gurur duyuyor, b\u00fcy\u00fck bir \u00f6zg\u00fcvenle parlak bir gelece\u011fe do\u011fru ilerliyoruz. Muazzam bir geli\u015fme ivmesi yakalayan ve h\u0131zla de\u011fi\u015fen T\u00fcrkiye sahip oldu\u011fu niteliklerin yan\u0131 s\u0131ra dinamizmi, g\u00fc\u00e7l\u00fc ekonomisi ve olgunla\u015fan demokrasisi ile b\u00f6lgesinde ilham kayna\u011f\u0131 olmaktad\u0131r. Cumhuriyet bayram\u0131nda millet olarak aziz hat\u0131ran\u0131z \u00f6n\u00fcnde sayg\u0131yla e\u011filiyor, size minnet duygular\u0131m\u0131zla birlikte sevgilerimizi ve \u015f\u00fckranlar\u0131m\u0131z\u0131 sunuyoruz. Ruhunuz \u015fad olsun.&#8221;<\/p>\n<p style=\"text-align: justify;\">G\u00fcl&#8217;\u00fcn, An\u0131tkabir \u00d6zel Defteri&#8217;ni imzalamas\u0131n\u0131n ard\u0131ndan t\u00f6ren alan\u0131ndaki T\u00fcrk Silahl\u0131 Kuvvetleri mensuplar\u0131 ve \u00f6\u011frenciler, Atat\u00fcrk mozolesinin \u00f6n\u00fcnden sayg\u0131 ge\u00e7i\u015fi yapt\u0131.<\/p>\n<p style=\"text-align: justify;\">An\u0131tkabir&#8217;deki t\u00f6rene, Cumhurba\u015fkan\u0131 Abdullah G\u00fcl&#8217;\u00fcn yan\u0131 s\u0131ra TBMM Ba\u015fkan\u0131 Cemil \u00c7i\u00e7ek, Ba\u015fbakan Recep Tayyip Erdo\u011fan, Anayasa Mahkemesi Ba\u015fkan\u0131 Ha\u015fim K\u0131l\u0131\u00e7, Genelkurmay Ba\u015fkan\u0131 Orgeneral Necdet \u00d6zel, CHP Genel Ba\u015fkan\u0131 Kemal K\u0131l\u0131\u00e7daro\u011flu, Yarg\u0131tay Ba\u015fkan\u0131 Naz\u0131m Kaynak, Dan\u0131\u015ftay Ba\u015fkan\u0131 H\u00fcseyin Karakulluk\u00e7u, Bakanlar Kurulu \u00fcyeleri, MHP Genel Ba\u015fkan\u0131 Devlet Bah\u00e7eli, kuvvet komutanlar\u0131, y\u00fcksek yarg\u0131 mensuplar\u0131, Y\u00d6K Ba\u015fkan\u0131 Prof. Dr. Yusuf Ziya \u00d6zcan, milletvekilleri, baz\u0131 siyasi parti temsilcileri ile di\u011fer askeri ve m\u00fclki erkan kat\u0131ld\u0131.<\/p>\n<p style=\"text-align: justify;\"><strong>An\u0131tkabir&#8217;den sonra Meclis&#8217;te<\/strong><\/p>\n<p style=\"text-align: justify;\">An\u0131tkabir&#8217;deki t\u00f6renin ard\u0131ndan Meclis&#8217;e gelen G\u00fcl&#8217;\u00fc, TBMM Ba\u015fkan\u0131 Cemil \u00c7i\u00e7ek, askeri t\u00f6renle kar\u015f\u0131lad\u0131.<\/p>\n<p style=\"text-align: justify;\">T\u00f6ren k\u0131tas\u0131n\u0131 selamlayan G\u00fcl, tebrikleri kabul etmek \u00fczere T\u00f6ren Salonuna ge\u00e7ti. G\u00fcl, kutlamalar\u0131 kabul etti\u011fi salonda, bir s\u00fcre TBMM Ba\u015fkan\u0131 Cemil \u00c7i\u00e7ek ile sohbet etti.<\/p>\n<p style=\"text-align: justify;\">T\u00f6rene ilk gelen Ba\u015fbakan Recep Tayyip Erdo\u011fan oldu. CHP Genel Ba\u015fkan\u0131 Kemal K\u0131l\u0131\u00e7daro\u011flu, salonda Anayasa Mahkemesi Ba\u015fkan\u0131 Ha\u015fim K\u0131l\u0131\u00e7 ile tokala\u015f\u0131rken, kar\u015f\u0131s\u0131nda bulunan Bakanlar Kurulu \u00fcyelerini ba\u015f\u0131yla selamlad\u0131, Erdo\u011fan ile tokala\u015fmad\u0131.<\/p>\n<p style=\"text-align: justify;\">Ba\u015fbakan Erdo\u011fan, G\u00fcl&#8217;\u00fcn kutlamalar\u0131 kabul etmesini beklerken Ba\u015fbakan Yard\u0131mc\u0131s\u0131 Bekir Bozda\u011f ve Milli E\u011fitim Bakan\u0131 \u00d6mer Din\u00e7er ile ayak\u00fcst\u00fc sohbet etti.<\/p>\n<p style=\"text-align: justify;\">Salona en son Genelkurmay Ba\u015fkan\u0131 Orgeneral Necdet \u00d6zel ve kuvvet komutanlar\u0131 geldi. Bakanlar, kuvvet komutanlar\u0131yla ele s\u0131k\u0131\u015farak k\u0131sa s\u00fcre sohbet etti.<\/p>\n<p style=\"text-align: justify;\">MHP Genel Ba\u015fkan\u0131 Devlet Bah\u00e7eli ile BDP Genel Ba\u015fkan\u0131 Selahattin Demirta\u015f t\u00f6rene kat\u0131lmad\u0131. MHP&#8217;yi Grup Ba\u015fkanvekilleri Mehmet \u015eand\u0131r ile Oktay Vural, BDP&#8217;yi ise Grup Ba\u015fkanvekili Hasip Kaplan temsil etti.<\/p>\n<p style=\"text-align: justify;\"><strong>Vietnam ve H\u0131rvatistan b\u00fcy\u00fckel\u00e7ileri unuttu\u00a0<\/strong><\/p>\n<p style=\"text-align: justify;\">Cumhurba\u015fkan\u0131 G\u00fcl&#8217;\u00fcn yerini almas\u0131n\u0131n ard\u0131ndan, \u0130stiklal Mar\u015f\u0131 okundu. G\u00fcl, daha sonra kutlamalar\u0131 kabul etti. TBMM Ba\u015fkan\u0131 \u00c7i\u00e7ek, Ba\u015fbakan Erdo\u011fan, CHP Genel Ba\u015fkan\u0131 K\u0131l\u0131\u00e7daro\u011flu, Genelkurmay Ba\u015fkan\u0131 Orgeneral \u00d6zel, Anayasa Mahkemesi Ba\u015fkan\u0131 K\u0131l\u0131\u00e7, Yarg\u0131tay Ba\u015fkan\u0131 Nazmi Kaynak, Dan\u0131\u015ftay Ba\u015fkan\u0131 H\u00fcseyin H\u00fcsn\u00fc Karakulluk\u00e7u, Bakanlar Kurulu \u00fcyeleri, kuvvet komutanlar\u0131, TBMM Ba\u015fkanvekili Mehmet Sa\u011flam, Y\u00d6K Ba\u015fkan\u0131 Yusuf Ziya \u00d6zcan, milletvekilleri, Ankara Valisi Alaaddin Y\u00fcksel, Ankara B\u00fcy\u00fck\u015fehir Belediye Ba\u015fkan\u0131 Melih G\u00f6k\u00e7ek, Anadolu Ajans\u0131 Y\u00f6netim Kurulu Ba\u015fkan\u0131 ve Genel M\u00fcd\u00fcr\u00fc Kemal \u00d6zt\u00fcrk, b\u00fcrokratlar ile yabanc\u0131 misyon \u015fefleri, G\u00fcl&#8217;e tebriklerini iletti.<\/p>\n<p style=\"text-align: justify;\">Cumhurba\u015fkan\u0131 Abdullah G\u00fcl, aralar\u0131nda ABD ve \u0130srail maslahatg\u00fczarlar\u0131n\u0131n da bulundu\u011fu yabanc\u0131 misyon \u015feflerinin kutlamalar\u0131n\u0131 kabul ettikten sonra gazetecilerin de bayram\u0131n\u0131 kutlad\u0131.<\/p>\n<p style=\"text-align: justify;\">Vietnam ve H\u0131rvatistan b\u00fcy\u00fckel\u00e7ilerinin G\u00fcl&#8217;\u00fc kutlamay\u0131 unutarak \u00f6n\u00fcnden ge\u00e7mesi, salonda g\u00fcl\u00fc\u015fmelere neden oldu. B\u00fcy\u00fckel\u00e7iler, G\u00fcl&#8217;\u00fcn uyar\u0131s\u0131 \u00fczerine, durumu fark ederek kendisine tebriklerini sundu.<\/p>\n<p style=\"text-align: justify;\">\u00d6te yandan eski Milletvekili Mustafa Karada\u011f, yabanc\u0131 misyon \u015feflerinin tebriklerini sundu\u011fu s\u0131rada araya girerek Cumhurba\u015fkan\u0131 G\u00fcl&#8217;\u00fc kutlad\u0131.<\/p>\n<p style=\"text-align: justify;\"><a href=\"http:\/\/www.cnnturk.com\/2011\/turkiye\/10\/29\/cumhuriyetimiz.88.yasinda\/634892.0\/index.html\" target=\"_blank\">Kaynak : CNN T\u00dcRK<\/a><\/p>\n","protected":false},"excerpt":{"rendered":"<p style=\"text-align: center;\">\n<p style=\"text-align: justify;\">Cumhuriyetin 88. ya\u015f\u0131 kutlamalar\u0131na Van depremi damgas\u0131n\u0131 vurgu. Sadece \u00e7elenk koyma ve tebrik kabul t\u00f6renlerine izin verildi. Bu nedenle, hipodromdaki ge\u00e7it t\u00f6reni ve K\u00f6\u015fk&#8217;teki 29 Ekim resepsiyonu iptal edildi. T\u00f6renler sadece An\u0131tkabir ve Meclis&#8217;te d\u00fczenlendi.<\/p>\n","protected":false},"author":1,"featured_media":0,"comment_status":"open","ping_status":"open","sticky":false,"template":"","format":"standard","meta":{"footnotes":""},"categories":[105],"tags":[],"class_list":["post-41761","post","type-post","status-publish","format-standard","hentry","category-gundem","odd"],"_links":{"self":[{"href":"http:\/\/www.korhanyilmaz.com\/index.php?rest_route=\/wp\/v2\/posts\/41761","targetHints":{"allow":["GET"]}}],"collection":[{"href":"http:\/\/www.korhanyilmaz.com\/index.php?rest_route=\/wp\/v2\/posts"}],"about":[{"href":"http:\/\/www.korhanyilmaz.com\/index.php?rest_route=\/wp\/v2\/types\/post"}],"author":[{"embeddable":true,"href":"http:\/\/www.korhanyilmaz.com\/index.php?rest_route=\/wp\/v2\/users\/1"}],"replies":[{"embeddable":true,"href":"http:\/\/www.korhanyilmaz.com\/index.php?rest_route=%2Fwp%2Fv2%2Fcomments&post=41761"}],"version-history":[{"count":0,"href":"http:\/\/www.korhanyilmaz.com\/index.php?rest_route=\/wp\/v2\/posts\/41761\/revisions"}],"wp:attachment":[{"href":"http:\/\/www.korhanyilmaz.com\/index.php?rest_route=%2Fwp%2Fv2%2Fmedia&parent=41761"}],"wp:term":[{"taxonomy":"category","embeddable":true,"href":"http:\/\/www.korhanyilmaz.com\/index.php?rest_route=%2Fwp%2Fv2%2Fcategories&post=41761"},{"taxonomy":"post_tag","embeddable":true,"href":"http:\/\/www.korhanyilmaz.com\/index.php?rest_route=%2Fwp%2Fv2%2Ftags&post=41761"}],"curies":[{"name":"wp","href":"https:\/\/api.w.org\/{rel}","templated":true}]}}