{"id":41757,"date":"2011-10-29T17:10:36","date_gmt":"2011-10-29T14:10:36","guid":{"rendered":"http:\/\/www.korhanyilmaz.com\/?p=41757"},"modified":"2011-10-29T21:12:52","modified_gmt":"2011-10-29T18:12:52","slug":"iktidara-dugun-sorusu","status":"publish","type":"post","link":"http:\/\/www.korhanyilmaz.com\/?p=41757","title":{"rendered":"\u0130ktidara &#8216;d\u00fc\u011f\u00fcn&#8217; sorusu"},"content":{"rendered":"<p style=\"text-align: center;\"><a href=\"http:\/\/www.korhanyilmaz.com\/wp-content\/uploads\/2011\/10\/3053.jpg\"  class=\"lightview\"><img loading=\"lazy\" decoding=\"async\" class=\"aligncenter  wp-image-41758\" src=\"http:\/\/www.korhanyilmaz.com\/wp-content\/uploads\/2011\/10\/3053.jpg\" alt=\"\" width=\"322\" height=\"241\" \/><\/a><\/p>\n<p style=\"text-align: justify;\">CHP Genel Ba\u015fkan\u0131 Kemal K\u0131l\u0131\u00e7daro\u011flu, &#8221;Cumhuriyet yasta da kutlanacakt\u0131r, sevin\u00e7te de kutlanacakt\u0131r&#8221; diyerek, iktidara &#8220;Okullarda \u00e7ocuklara yasaklad\u0131n\u0131z cumhuriyet etkinli\u011fi yapmay\u0131, peki sizin d\u00fc\u011f\u00fcnde, dernekte ne i\u015finiz var?&#8221; diye sordu.<!--more--><\/p>\n<p style=\"text-align: justify;\">Eski\u015fehir- Genel Ba\u015fkan Kemal K\u0131l\u0131\u00e7daro\u011flu, partisinin Eski\u015fehir \u0130l Te\u015fkilat\u0131 binas\u0131ndan yapt\u0131\u011f\u0131 konu\u015fmada, bug\u00fcn T\u00fcrkiye Cumhuriyeti&#8217;nin Cumhuriyet Bayram\u0131 ve bug\u00fcn\u00fcn T\u00fcrkiye Cumhuriyeti&#8217;nin do\u011fu\u015f g\u00fcn\u00fc oldu\u011funu kaydetti.<\/p>\n<p style=\"text-align: justify;\">Cumhuriyetin &#8221;tasada ve k\u0131van\u00e7ta beraber olmak&#8221; anlam\u0131na geldi\u011fini ifade eden K\u0131l\u0131\u00e7daro\u011flu, \u015f\u00f6yle konu\u015ftu:<\/p>\n<p style=\"text-align: justify;\">&#8221;Cumhuriyet &#8216;Van&#8217;a ve Erci\u015f daha fazla sahip \u00e7\u0131kmak, \u015fehitlerimizin arkas\u0131ndan gidip onlar\u0131n yakt\u0131\u011f\u0131 me\u015faleyi y\u00fcre\u011fimize ta\u015f\u0131mak, insan olmak&#8217; demektir. Atat\u00fcrk, &#8216;Cumhuriyet fazilettir&#8217; demi\u015ftir. Cumhuriyet erdemdir, hesap sormakt\u0131r, \u00f6zg\u00fcr birey, halk\u0131n \u00f6zg\u00fcrle\u015fmesi demektir. Cumhuriyet bu kadar \u00f6nemli bir kavramd\u0131r. Cumhuriyet yasta da kutlanacakt\u0131r, sevin\u00e7te de kutlanacakt\u0131r. Resmi ge\u00e7itleri yasaklamakla, okullarda etkinlikleri yasaklamakla cumhuriyeti kutlayamazs\u0131n\u0131z. \u00c7ocuklar\u0131m\u0131z okullarda \u015fiir okuyacaklar, cumhuriyeti ve \u00f6nemini anlatacaklar. Bunlar\u0131 hangi gerek\u00e7eyle yasakl\u0131yorsunuz. Elbette \u015fehitlerimizin arkas\u0131ndan yas tutar\u0131z, Van&#8217;daki, Erci\u015f&#8217;teki vatanda\u015flar\u0131m\u0131z\u0131n ac\u0131s\u0131 bizim ac\u0131m\u0131zd\u0131r ancak cumhuriyetin erdemi, yasl\u0131 g\u00fcnde de sevin\u00e7li g\u00fcnde de beraber olmakt\u0131r.&#8221;<\/p>\n<p style=\"text-align: justify;\"><strong>&#8221;D\u00fc\u011f\u00fcnde, dernekte ne i\u015finiz var?&#8221;\u00a0<\/strong><\/p>\n<p style=\"text-align: justify;\">K\u0131l\u0131\u00e7daro\u011flu, 29 Ekim Cumhuriyet Bayram\u0131 etkinlikleri kapsam\u0131nda Eski\u015fehir&#8217;e geldiklerini hat\u0131rlatarak, \u015funlar\u0131 s\u00f6yledi:<\/p>\n<p style=\"text-align: justify;\">&#8221;\u0130stedikleri kadar yasaklas\u0131nlar, cumhuriyet her yurtta\u015f\u0131n y\u00fcre\u011findedir. Okullarda da yasaklasalar o \u00e7ocuklar\u0131n anneleri ve babalar\u0131 y\u00fcr\u00fcyecektir. \u0130stedikleri kadar &#8216;cumhuriyet de\u011ferlerini kutlamay\u0131n&#8217; diyen genelgeler yay\u0131nlas\u0131nlar. O genelgeler bu iktidar\u0131n ay\u0131b\u0131d\u0131r. Cumhuriyet t\u00f6renlerini yasakl\u0131yorlar. Cumhuriyet t\u00f6renini neden yasaklars\u0131n\u0131z? &#8216;\u015eenlik, bayram olmas\u0131n&#8217; diye. \u015eenlik yok ki ortada. Okullarda \u00e7ocuklara yasaklad\u0131n\u0131z cumhuriyet etkinli\u011fi yapmay\u0131, peki sizin d\u00fc\u011f\u00fcnde, dernekte ne i\u015finiz var? D\u00fc\u011f\u00fcne gideceksin, keyif yapacaks\u0131n, cumhuriyet etkinlikleri i\u00e7in &#8216;deprem oldu bunlar\u0131 yapmayal\u0131m&#8217; diyeceksin. Van&#8217;daki yurtta\u015flar\u0131m\u0131z aradan bu kadar s\u00fcre ge\u00e7mesine kar\u015f\u0131n &#8216;\u00e7ad\u0131r alam\u0131yoruz&#8217; diye hesap soruyorsa bu cumhuriyetin sayesindedir. Cumhuriyet hesap sormay\u0131 gerektirir. Bizden deprem vergisi ald\u0131lar. &#8216;Vergileri yola harcad\u0131k&#8217; diyorlar. O zaman yol vergisi koysayd\u0131n. Deprem vergisi ald\u0131ysan bunu deprem i\u00e7in harcayacaks\u0131n.&#8221;<\/p>\n<p style=\"text-align: justify;\">Daha sonra, K\u0131l\u0131\u00e7daro\u011flu ve beraberindeki CHP Eski\u015fehir milletvekilleri S\u00fcheyl Batum ile Kaz\u0131m Kurt, CHP \u0130stanbul Milletvekili G\u00fcrsel Tekin, Eski\u015fehir B\u00fcy\u00fck\u015fehir Belediye Ba\u015fkan\u0131 Y\u0131lmaz B\u00fcy\u00fcker\u015fen, Tepeba\u015f\u0131 Belediye Ba\u015fkan\u0131 Ahmet Ata\u00e7, CHP Kad\u0131n Kollar\u0131 Merkez Y\u00f6netim Kurulu \u00dcyesi Gaye Usluer ve partililer, Eski\u015fehir&#8217;de sivil toplum kurulu\u015flar\u0131nca d\u00fczenlenen cumhuriyet y\u00fcr\u00fcy\u00fc\u015f\u00fcne kat\u0131ld\u0131.<\/p>\n<p style=\"text-align: justify;\"><a href=\"http:\/\/www.cumhuriyet.com.tr\/?hn=289304&amp;kw=%DDktidara+'d%FC%F0%FCn'+sorusu\" target=\"_blank\">Kaynak : Cumhuriyet Haber Portal\u0131<\/a><\/p>\n","protected":false},"excerpt":{"rendered":"<p style=\"text-align: center;\">\n<p style=\"text-align: justify;\">CHP Genel Ba\u015fkan\u0131 Kemal K\u0131l\u0131\u00e7daro\u011flu, &#8221;Cumhuriyet yasta da kutlanacakt\u0131r, sevin\u00e7te de kutlanacakt\u0131r&#8221; diyerek, iktidara &#8220;Okullarda \u00e7ocuklara yasaklad\u0131n\u0131z cumhuriyet etkinli\u011fi yapmay\u0131, peki sizin d\u00fc\u011f\u00fcnde, dernekte ne i\u015finiz var?&#8221; diye sordu.<\/p>\n","protected":false},"author":1,"featured_media":0,"comment_status":"open","ping_status":"open","sticky":false,"template":"","format":"standard","meta":{"footnotes":""},"categories":[105],"tags":[],"class_list":["post-41757","post","type-post","status-publish","format-standard","hentry","category-gundem","odd"],"_links":{"self":[{"href":"http:\/\/www.korhanyilmaz.com\/index.php?rest_route=\/wp\/v2\/posts\/41757","targetHints":{"allow":["GET"]}}],"collection":[{"href":"http:\/\/www.korhanyilmaz.com\/index.php?rest_route=\/wp\/v2\/posts"}],"about":[{"href":"http:\/\/www.korhanyilmaz.com\/index.php?rest_route=\/wp\/v2\/types\/post"}],"author":[{"embeddable":true,"href":"http:\/\/www.korhanyilmaz.com\/index.php?rest_route=\/wp\/v2\/users\/1"}],"replies":[{"embeddable":true,"href":"http:\/\/www.korhanyilmaz.com\/index.php?rest_route=%2Fwp%2Fv2%2Fcomments&post=41757"}],"version-history":[{"count":0,"href":"http:\/\/www.korhanyilmaz.com\/index.php?rest_route=\/wp\/v2\/posts\/41757\/revisions"}],"wp:attachment":[{"href":"http:\/\/www.korhanyilmaz.com\/index.php?rest_route=%2Fwp%2Fv2%2Fmedia&parent=41757"}],"wp:term":[{"taxonomy":"category","embeddable":true,"href":"http:\/\/www.korhanyilmaz.com\/index.php?rest_route=%2Fwp%2Fv2%2Fcategories&post=41757"},{"taxonomy":"post_tag","embeddable":true,"href":"http:\/\/www.korhanyilmaz.com\/index.php?rest_route=%2Fwp%2Fv2%2Ftags&post=41757"}],"curies":[{"name":"wp","href":"https:\/\/api.w.org\/{rel}","templated":true}]}}