{"id":41753,"date":"2011-10-29T08:35:21","date_gmt":"2011-10-29T05:35:21","guid":{"rendered":"http:\/\/www.korhanyilmaz.com\/?p=41753"},"modified":"2011-10-29T11:00:40","modified_gmt":"2011-10-29T08:00:40","slug":"hirsli-manyak-bizi-bitirdi","status":"publish","type":"post","link":"http:\/\/www.korhanyilmaz.com\/?p=41753","title":{"rendered":"&#8220;H\u0131rsl\u0131 manyak bizi bitirdi&#8221;"},"content":{"rendered":"<p style=\"text-align: center;\"><a href=\"http:\/\/www.korhanyilmaz.com\/wp-content\/uploads\/2011\/10\/3052.jpg\"  class=\"lightview\"><img loading=\"lazy\" decoding=\"async\" class=\"aligncenter  wp-image-41754\" src=\"http:\/\/www.korhanyilmaz.com\/wp-content\/uploads\/2011\/10\/3052.jpg\" alt=\"\" width=\"405\" height=\"210\" \/><\/a><\/p>\n<p style=\"text-align: justify;\">Ter\u00f6r \u00f6rg\u00fct\u00fc PKK&#8217;n\u0131n \u00fcst d\u00fczey y\u00f6neticilerinin, TSK&#8217;n\u0131n Kazan vadisinde s\u00fcrd\u00fcrd\u00fc\u011f\u00fc operasyonun faturas\u0131n\u0131 \u00c7ukurca sald\u0131r\u0131s\u0131n\u0131n emrini veren Suriye&#8217;li Fehman H\u00fcseyin&#8217;e kesti\u011fi iddia edildi.<\/p>\n<p style=\"text-align: justify;\">\u0130STANBUL &#8211; Yeni \u015fafak gazetesinin haberine g\u00f6re ter\u00f6r \u00f6rg\u00fct\u00fc PKK&#8217;n\u0131n \u00fcst d\u00fczey y\u00f6neticilerinin, TSK&#8217;n\u0131n Kazan vadisinde s\u00fcrd\u00fcrd\u00fc\u011f\u00fc operasyonun faturas\u0131n\u0131 \u00c7ukurca sald\u0131r\u0131s\u0131n\u0131n emrini veren Suriye&#8217;li Fehman H\u00fcseyin&#8217;e kesti\u011fi \u00f6\u011frenildi. \u00d6rg\u00fct i\u00e7inde s\u0131k\u0131nt\u0131l\u0131 g\u00fcnler ya\u015fad\u0131\u011f\u0131 \u00f6\u011frenilen Bahoz&#8217;un, gruplar\u0131n k\u0131\u015f haz\u0131rl\u0131\u011f\u0131na ge\u00e7mek istemesine ra\u011fmen s\u00fcrekli sald\u0131r\u0131 talimat\u0131nda bulunmas\u0131 nedeniyle y\u00fczlerce PKK&#8217;l\u0131n\u0131n \u00f6lmesine sebep oldu\u011fu i\u00e7in \u00f6rg\u00fct i\u00e7inde hedefe oturtuldu\u011fu belirtildi.\u00a0<!--more--><\/p>\n<p style=\"text-align: justify;\"><strong>\u00d6RG\u00dcT B\u0130RB\u0130R\u0130NE G\u0130RD\u0130<\/strong><\/p>\n<p style=\"text-align: justify;\">Bahoz&#8217;un 11 Eyl\u00fcl 2011&#8217;de \u015eemdinli sald\u0131r\u0131s\u0131 talimat\u0131n\u0131 da verdi\u011fi tespit edilmi\u015fti. \u015eemdinli sald\u0131r\u0131s\u0131nda istedi\u011fi neticeyi almad\u0131\u011f\u0131n\u0131 belirten Bahoz Erdal&#8217;\u0131n \u015eemdinli b\u00f6lge sorumlusunu da ba\u015far\u0131s\u0131zl\u0131\u011f\u0131 y\u00fcz\u00fcnde Kandil&#8217;e g\u00f6ndererek yarg\u0131lanmas\u0131n\u0131 istedi\u011fi ve yerine ba\u015fka bir \u00f6rg\u00fct militan\u0131n\u0131 g\u00f6revlendirdi\u011fi \u00f6\u011frenildi. \u00c7ukurca sald\u0131r\u0131s\u0131n\u0131n sonras\u0131nda Hakkari b\u00f6lgesinde bulunan iki ter\u00f6rist grubun ba\u015f\u0131ndaki PKK&#8217;l\u0131lar da Fehman H\u00fcseyin&#8217;i yerden yere vuruyor. Bahoz&#8217;un s\u00fcrekli &#8216;eylem yap\u0131n, sald\u0131r\u0131n&#8217; talimatlar\u0131ndan rahats\u0131z olduklar\u0131n\u0131 da dile getiren \u00f6rg\u00fct mensubu Kazan vadisinde \u00f6ld\u00fcr\u00fclen y\u00fczlerce PKK&#8217;l\u0131n\u0131n sorumlusunun da Bahoz oldu\u011funu s\u00f6yl\u00fcyorlar. \u00c7a\u011fr\u0131 ve \u015eimal telsiz kodlar\u0131n\u0131 kullananlar\u0131n yapt\u0131klar\u0131 ele\u015ftirileri ise \u00f6rg\u00fct\u00fcn di\u011fer gruplar\u0131 duymas\u0131n diye k\u0131sa kanaldan ger\u00e7ekle\u015ftirdikleri belirtiliyor.<\/p>\n<p style=\"text-align: justify;\"><strong>FEHMAN&#8217;IN EMR\u0130 HATA OLDU<\/strong><\/p>\n<p style=\"text-align: justify;\">\u00c7a\u011fr\u0131 ve \u015eimal kod adl\u0131 iki \u00fcst d\u00fczey PKK&#8217;l\u0131, telsiz arac\u0131l\u0131\u011f\u0131yla yapt\u0131klar\u0131 konu\u015fmada \u00c7ukurca sald\u0131r\u0131s\u0131 sonras\u0131 TSK operasyonlar\u0131n\u0131 de\u011ferlendirdi. Konu\u015fmada, PKK y\u00f6netiminin Fehman H\u00fcseyin&#8217;e ate\u015f p\u00fcsk\u00fcrd\u00fc\u011f\u00fc ortaya \u00e7\u0131kt\u0131. \u0130\u015fte ikili aras\u0131nda 24 Ekim&#8217;de ge\u00e7en k\u0131sa kanal telsiz g\u00f6r\u00fc\u015fmesinin ayr\u0131nt\u0131lar\u0131:<\/p>\n<p style=\"text-align: justify;\">\u00c7a\u011fr\u0131: Tvleri izliyor musun tamam?<\/p>\n<p style=\"text-align: justify;\">\u015eimal: Evet evet durum kritik. S\u0131n\u0131r gerisinden bir haber var m\u0131?<\/p>\n<p style=\"text-align: justify;\">\u00c7a\u011fr\u0131: Bahoz&#8217;un hamlesi bizi bu b\u00f6lgede bitirdi. Hava sertle\u015fiyor. \u00dcstlenmeye ge\u00e7memiz laz\u0131md\u0131 ama h\u0131rsl\u0131 manyak bizi dinlemiyor. S\u00fcrekli ses gelsin, hadi ses gelsin diye eylem yap\u0131n bask\u0131s\u0131 yap\u0131yor.<\/p>\n<p style=\"text-align: justify;\">\u015eimal: Evet B\u00f6lgede gerillalar\u0131n yar\u0131s\u0131 Bahoz&#8217;un emrine kurban gitti. Yok oldu. Zaten yaral\u0131 ka\u00e7anlar da birbirini vurarak kurtulmu\u015f tamam.<\/p>\n<p style=\"text-align: justify;\">\u00c7a\u011fr\u0131: Roj&#8217;la (Kandil) d\u00fcn konu\u015ftum. &#8220;Buras\u0131 \u00e7ok kar\u0131\u015f\u0131k Fehman&#8217;\u0131n emri \u015fey oldu, hata oldu&#8217; diyorlar.<\/p>\n<p style=\"text-align: justify;\">\u015eimal: \u00d6yle \u00f6yle tamam.<\/p>\n<p style=\"text-align: justify;\">\u00c7a\u011fr\u0131: Bu sefer kontrolden \u00e7\u0131kt\u0131 bize y\u00fcklenir. Gelmeyin eylem yap\u0131n diye tamam. Gelmeyin der tamam.<\/p>\n<p style=\"text-align: justify;\">\u015eimal: Erzurum&#8217;la konu\u015ftum \u015fey diyor o da T\u00fcrk askerinin sald\u0131r\u0131s\u0131n\u0131n faturas\u0131 fehman\u0131n omuzlar\u0131nda tamam.<\/p>\n<p style=\"text-align: justify;\">\u00c7a\u011fr\u0131: Aynen aynen do\u011frudur heval. Bu sefer \u00fcst taraf kayn\u0131yor, dikkatli ol kayn\u0131yor ona g\u00f6re tamam.<\/p>\n<p style=\"text-align: justify;\">\u015eimal: Say\u0131 fazla aynen. Ses yok tamam.<\/p>\n<p style=\"text-align: justify;\"><strong>ALTIN VURU\u015e YAPIP \u00d6YLE G\u0130DEL\u0130M<\/strong><\/p>\n<p style=\"text-align: justify;\">\u00c7ukurca sald\u0131r\u0131s\u0131ndan \u00f6nce Sofi Nurettin ve Fehman H\u00fcseyin aras\u0131nda ge\u00e7en telsiz konu\u015fmas\u0131nda Fehman H\u00fcseyin&#8217;in k\u0131\u015f \u00fcslenmesine gitmeden &#8216;Alt\u0131n vuru\u015f yap\u0131p \u00f6yle gidelim&#8217; dedi\u011fi tespit edildi. Eyl\u00fcl 2011&#8217;de yap\u0131lan telsiz g\u00f6r\u00fc\u015fmesinde, \u00f6rg\u00fct\u00fcn HPG sorumlusu Sofi Nurettin k\u0131\u015f \u00fcslenmesine ge\u00e7ilmesi gerekti\u011fi uyar\u0131s\u0131nda bulunuyor. Fakat Fehman H\u00fcseyin ise \u0131srarla ses getirecek bir eylem yapt\u0131ktan sonra k\u0131\u015f \u00fcslenmesine ge\u00e7mek istedi\u011fi g\u00f6r\u00fcld\u00fc.<\/p>\n<p style=\"text-align: justify;\">\u0130\u015fte ikili aras\u0131ndaki o g\u00f6r\u00fc\u015fme:<\/p>\n<p style=\"text-align: justify;\">Sofi Nurettin: \u015eemdinli&#8217;de netice alamad\u0131k. B\u00f6lgedeki arkada\u015flar \u00e7ok vurduk dedi ama ortada T\u00fcrkiye&#8217;nin \u00f6l\u00fclerini g\u00f6remedik.<\/p>\n<p style=\"text-align: justify;\">Fehman H\u00fcseyin: B\u00f6lge sorumlusu bu konuda rapor yazsa iyi olur.<\/p>\n<p style=\"text-align: justify;\">Sofi Nurettin: \u00dcslenmeye ge\u00e7sek iyi olur diyorum tamam.<\/p>\n<p style=\"text-align: justify;\">Fehman H\u00fcseyin: Biraz daha bekleyelim diyorum tamam. Alt\u0131n vuru\u015fu yap\u0131p \u00f6yle emir verelim gruplara, onlar \u00f6nlemlerini als\u0131nlar.<\/p>\n<p style=\"text-align: justify;\">Sofi Nurettin: Ne kadar bekleyece\u011fiz tamam hava sertle\u015fiyor.<\/p>\n<p style=\"text-align: justify;\">Fehman H\u00fcseyin: Ba\u015fka bir alternatif bulmam\u0131z laz\u0131m. Alt\u0131n vuru\u015f diyorum ben tamam.<\/p>\n<p style=\"text-align: justify;\">Sofi Nurettin: Tamam.<\/p>\n<p style=\"text-align: justify;\">Yasal Uyar\u0131: Yay\u0131nlanan k\u00f6\u015fe yaz\u0131s\u0131 haberin t\u00fcm haklar\u0131 Diyalog Gazetecilik San. ve Tic. Ltd. \u015eti.&#8217;ne aittir. Kaynak g\u00f6sterilse dahi k\u00f6\u015fe yaz\u0131s\u0131\/haberin tamam\u0131 \u00f6zel izin al\u0131nmadan kullan\u0131lamaz. Ancak al\u0131nt\u0131lanan k\u00f6\u015fe yaz\u0131s\u0131\/haberin bir b\u00f6l\u00fcm\u00fc, al\u0131nt\u0131lanan k\u00f6\u015fe yaz\u0131s\u0131\/habere aktif link verilerek kullan\u0131labilir.<\/p>\n<p style=\"text-align: justify;\"><a href=\"http:\/\/www.gazeteport.com.tr\/haber\/60169\/quothirsli_manyak_bizi_bitirdiquot\" target=\"_blank\">Kaynak : GAZETEPORT<\/a><\/p>\n","protected":false},"excerpt":{"rendered":"<p style=\"text-align: center;\">\n<p style=\"text-align: justify;\">Ter\u00f6r \u00f6rg\u00fct\u00fc PKK&#8217;n\u0131n \u00fcst d\u00fczey y\u00f6neticilerinin, TSK&#8217;n\u0131n Kazan vadisinde s\u00fcrd\u00fcrd\u00fc\u011f\u00fc operasyonun faturas\u0131n\u0131 \u00c7ukurca sald\u0131r\u0131s\u0131n\u0131n emrini veren Suriye&#8217;li Fehman H\u00fcseyin&#8217;e kesti\u011fi iddia edildi.<\/p>\n<p style=\"text-align: justify;\">\u0130STANBUL &#8211; Yeni \u015fafak gazetesinin haberine g\u00f6re ter\u00f6r \u00f6rg\u00fct\u00fc PKK&#8217;n\u0131n \u00fcst d\u00fczey y\u00f6neticilerinin, TSK&#8217;n\u0131n Kazan vadisinde s\u00fcrd\u00fcrd\u00fc\u011f\u00fc operasyonun faturas\u0131n\u0131 \u00c7ukurca sald\u0131r\u0131s\u0131n\u0131n emrini veren Suriye&#8217;li Fehman H\u00fcseyin&#8217;e <\/p>\n","protected":false},"author":1,"featured_media":0,"comment_status":"open","ping_status":"open","sticky":false,"template":"","format":"standard","meta":{"footnotes":""},"categories":[105],"tags":[],"class_list":["post-41753","post","type-post","status-publish","format-standard","hentry","category-gundem","odd"],"_links":{"self":[{"href":"http:\/\/www.korhanyilmaz.com\/index.php?rest_route=\/wp\/v2\/posts\/41753","targetHints":{"allow":["GET"]}}],"collection":[{"href":"http:\/\/www.korhanyilmaz.com\/index.php?rest_route=\/wp\/v2\/posts"}],"about":[{"href":"http:\/\/www.korhanyilmaz.com\/index.php?rest_route=\/wp\/v2\/types\/post"}],"author":[{"embeddable":true,"href":"http:\/\/www.korhanyilmaz.com\/index.php?rest_route=\/wp\/v2\/users\/1"}],"replies":[{"embeddable":true,"href":"http:\/\/www.korhanyilmaz.com\/index.php?rest_route=%2Fwp%2Fv2%2Fcomments&post=41753"}],"version-history":[{"count":0,"href":"http:\/\/www.korhanyilmaz.com\/index.php?rest_route=\/wp\/v2\/posts\/41753\/revisions"}],"wp:attachment":[{"href":"http:\/\/www.korhanyilmaz.com\/index.php?rest_route=%2Fwp%2Fv2%2Fmedia&parent=41753"}],"wp:term":[{"taxonomy":"category","embeddable":true,"href":"http:\/\/www.korhanyilmaz.com\/index.php?rest_route=%2Fwp%2Fv2%2Fcategories&post=41753"},{"taxonomy":"post_tag","embeddable":true,"href":"http:\/\/www.korhanyilmaz.com\/index.php?rest_route=%2Fwp%2Fv2%2Ftags&post=41753"}],"curies":[{"name":"wp","href":"https:\/\/api.w.org\/{rel}","templated":true}]}}