{"id":41749,"date":"2011-10-29T08:11:21","date_gmt":"2011-10-29T05:11:21","guid":{"rendered":"http:\/\/www.korhanyilmaz.com\/?p=41749"},"modified":"2011-10-29T10:50:18","modified_gmt":"2011-10-29T07:50:18","slug":"yalcinkayaya-andic-sorusu","status":"publish","type":"post","link":"http:\/\/www.korhanyilmaz.com\/?p=41749","title":{"rendered":"Yal\u00e7\u0131nkaya&#8217;ya And\u0131\u00e7 sorusu"},"content":{"rendered":"<p style=\"text-align: center;\"><a href=\"http:\/\/www.korhanyilmaz.com\/wp-content\/uploads\/2011\/10\/3051.jpg\"  class=\"lightview\"><img loading=\"lazy\" decoding=\"async\" class=\"aligncenter  wp-image-41750\" src=\"http:\/\/www.korhanyilmaz.com\/wp-content\/uploads\/2011\/10\/3051.jpg\" alt=\"\" width=\"396\" height=\"180\" \/><\/a><\/p>\n<p style=\"text-align: justify;\">Yarg\u0131tay Ba\u015favc\u0131l\u0131\u011f\u0131&#8217;na, Ak Parti&#8217;yi kapatma davas\u0131n\u0131, internet and\u0131c\u0131ndan al\u0131nan bilgiyle a\u00e7\u0131p a\u00e7mad\u0131\u011f\u0131 soruldu.<\/p>\n<p style=\"text-align: justify;\">ANKARA &#8211; Ergenekon Mahkemesi, Yarg\u0131tay Ba\u015fsavc\u0131l\u0131\u011f\u0131\u2019na \u201cKara Propoganda sitelerindeki haberleri AK Parti hakk\u0131ndaki kapatma davas\u0131 iddianamesine delil olarak koydunuz mu?\u201d diye sordu.<!--more--><\/p>\n<p style=\"text-align: justify;\">Star gazetesinin haberine g\u00f6re \u0130rtica ile M\u00fccadele Eylem Plan\u0131 davas\u0131yla birle\u015ftirilen Kara Propaganda amac\u0131yla Genelkurmay taraf\u0131ndan kuruldu\u011fu ortaya \u00e7\u0131kan \u0130nternet And\u0131c\u0131 davas\u0131nda \u0130stanbul 13. A\u011f\u0131r Ceza Mahkemesi bir dizi kritik karara imza att\u0131. Yarg\u0131tay Ba\u015fsavc\u0131l\u0131\u011f\u0131\u2019na kara propaganda sitelerinde yay\u0131nlanan haberlerin AK Parti hakk\u0131nda a\u00e7\u0131lm\u0131\u015f olan kapatma davas\u0131nda delil olarak kullan\u0131l\u0131p kullan\u0131lmad\u0131\u011f\u0131n\u0131 soran mahkeme, Genelkurmay Ba\u015fkanl\u0131\u011f\u0131\u2019ndan da \u0130nternet And\u0131c\u0131\u2019n\u0131n asl\u0131n\u0131 ve t\u00fcm ekleri ile and\u0131\u00e7la ilgili resmi yaz\u0131\u015fmalar\u0131 istedi. \u0130\u015fte mahkemenin o kararlar\u0131:<\/p>\n<p style=\"text-align: justify;\"><strong>And\u0131c\u0131n asl\u0131 ve t\u00fcm yaz\u0131\u015fmalar\u0131 istendi<\/strong><\/p>\n<p style=\"text-align: justify;\">&#8211; Mahkeme, Yarg\u0131tay Cumhuriyet Ba\u015fsavc\u0131l\u0131\u011f\u0131na m\u00fczekkere yazarak, eski Yarg\u0131tay Ba\u015fsavc\u0131s\u0131 Abdurrahman Yal\u00e7\u0131nkaya taraf\u0131ndan AK Parti hakk\u0131nda a\u00e7\u0131lan kapatma davas\u0131 iddianamesinde Kara Propaganda sitelerindeki yay\u0131nlardan yararlan\u0131l\u0131p yararlan\u0131lmad\u0131\u011f\u0131, iddianameye buradaki yay\u0131nlardan dilel olarak al\u0131nanlar var ise bunlar\u0131n hangi haberler oldu\u011funun bildirilmesini istedi.<\/p>\n<p style=\"text-align: justify;\">&#8211; Mahkeme, Genelkurmay Ba\u015fkanl\u0131\u011f\u0131\u2019na da dava konusu olan \u2018\u0130nternet And\u0131c\u0131\u2019 isimli belgenin asl\u0131n\u0131n, t\u00fcm eklerinin ve konu hakk\u0131ndaki yaz\u0131\u015fmalar\u0131n mahkemeye g\u00f6nderilmesini istedi.<\/p>\n<p style=\"text-align: justify;\"><strong>Takip etti\u011finiz sitelerde su\u00e7 var m\u0131yd\u0131?<\/strong><\/p>\n<p style=\"text-align: justify;\">&#8211; \u0130nternet and\u0131c\u0131n\u0131n eklerinde yer alan, yay\u0131nlar\u0131 Genelkurmay Ba\u015fkanl\u0131\u011f\u0131nca taraf\u0131ndan yak\u0131ndan takip edilen, i\u00e7erikleriyle ilgili \u2018irticac\u0131, b\u00f6l\u00fcc\u00fc\u2019 gibi fi\u015fmelemeler yap\u0131lan internet haber siteleriyle ilgili olarak herhangi bir su\u00e7 duyurusu yap\u0131l\u0131p yap\u0131lmad\u0131\u011f\u0131 da Genelkurmay Ba\u015fkanl\u0131\u011f\u0131 Adli M\u00fc\u015favirli\u011fi\u2019ne soruldu.<\/p>\n<p style=\"text-align: justify;\">&#8211; Mahkeme, Genelkurmay Ba\u015fkanl\u0131\u011f\u0131 taraf\u0131ndan i\u015fletildi\u011fi ve takip edildi\u011fi bildirilen sitelerle ilgili olarak 4\u2019er ayl\u0131k periyotlarda MGK veya Ba\u015fbakanl\u0131\u011fa sunulmak \u00fczere bir rapor haz\u0131rlan\u0131p haz\u0131rlanmad\u0131\u011f\u0131n\u0131 da Genelkurmay Ba\u015fkanl\u0131\u011f\u0131\u2019na sordu.<\/p>\n<p style=\"text-align: justify;\"><strong>Somut emir var m\u0131 diye tekrar soruldu<\/strong><\/p>\n<p style=\"text-align: justify;\">&#8211; Ba\u015fbakanl\u0131k, Milli Savunma Bakanl\u0131\u011f\u0131 ve Genelkurmay Ba\u015fkanl\u0131\u011f\u0131na ayr\u0131 ayr\u0131 m\u00fczekkere yaz\u0131lmas\u0131n\u0131 kararla\u015ft\u0131ran mahkeme heyeti, isimleri belirtilen sitelerin kurulmas\u0131, i\u015fletilmesi ve bu sitelerde iddianameye konu yay\u0131nlar\u0131n yer almas\u0131 y\u00f6n\u00fcnde herhangi bir somut direktif bulunup bulunmad\u0131\u011f\u0131n\u0131n bildirilmesine h\u00fckmetti.<\/p>\n<p style=\"text-align: justify;\">&#8211; Genelkurmay Ba\u015fkanl\u0131\u011f\u0131nca kapat\u0131lmas\u0131na karar verildikten sonra bu sitelerin alan adlar\u0131yla ilgili olarak herhangi bir tedbir al\u0131n\u0131p al\u0131nmad\u0131\u011f\u0131n\u0131n, halen bu sitelerin kimler taraf\u0131ndan kullan\u0131ld\u0131\u011f\u0131n\u0131n bildirilmesine karar veren mahkeme heyeti, \u2018internet and\u0131c\u0131\u2019nda ad\u0131 ge\u00e7en 4 site ve ba\u011flant\u0131l\u0131 sitelerin tam isimlerinin bildirilmesini de h\u00fckme ba\u011flad\u0131.<\/p>\n<p style=\"text-align: justify;\"><strong>\u2018O siteleri ciddiye al\u0131p kapatma davas\u0131 a\u00e7t\u0131\u2019<\/strong><\/p>\n<p style=\"text-align: justify;\">\u0130NTERNET And\u0131c\u0131 davas\u0131nda tutuklu san\u0131k emekli Albay Fuat Selvi \u00e7apraz sorgusu s\u0131ras\u0131nda \u201cirtica.org\u201d ve di\u011fer sitelerle ilgili olarak \u201cSiteleri zaten ciddiye alan yoktu. G\u00fcnl\u00fck 300 ki\u015fi ziyaret ediyordu. Kim b\u00f6yle bir siteyi niye ciddiye als\u0131n\u201d diye savunma yapt\u0131. Selvi\u2019nin bu savunmas\u0131na \u0130stanbul 13. A\u011f\u0131r\u2008Ceza MAhkemesi \u00fcye hakimi H\u00fcsn\u00fc \u00c7almuk \u201cYarg\u0131tay Cumhuriyet Ba\u015fsavc\u0131s\u0131 siteyi ciddiye alm\u0131\u015f. AK Parti kapatma davas\u0131 i\u00e7in delil toplam\u0131\u015f. 23 Ekim 2007\u2019de irtica.org sitesindeki \u2018Apronda namaz \u015fov\u2019 haberi kapatma davas\u0131 iddianamesine delil olarak koymu\u015f\u201d kar\u015f\u0131l\u0131\u011f\u0131 vermi\u015fti.<\/p>\n<p style=\"text-align: justify;\"><a href=\"http:\/\/www.gazeteport.com.tr\/haber\/60167\/yalcinkayaya_andic_sorusu\" target=\"_blank\">Kaynak : GAZETEPORT<\/a><\/p>\n","protected":false},"excerpt":{"rendered":"<p style=\"text-align: center;\">\n<p style=\"text-align: justify;\">Yarg\u0131tay Ba\u015favc\u0131l\u0131\u011f\u0131&#8217;na, Ak Parti&#8217;yi kapatma davas\u0131n\u0131, internet and\u0131c\u0131ndan al\u0131nan bilgiyle a\u00e7\u0131p a\u00e7mad\u0131\u011f\u0131 soruldu.<\/p>\n<p style=\"text-align: justify;\">ANKARA &#8211; Ergenekon Mahkemesi, Yarg\u0131tay Ba\u015fsavc\u0131l\u0131\u011f\u0131\u2019na \u201cKara Propoganda sitelerindeki haberleri AK Parti hakk\u0131ndaki kapatma davas\u0131 iddianamesine delil olarak koydunuz mu?\u201d diye sordu.<\/p>\n","protected":false},"author":1,"featured_media":0,"comment_status":"open","ping_status":"open","sticky":false,"template":"","format":"standard","meta":{"footnotes":""},"categories":[105],"tags":[],"class_list":["post-41749","post","type-post","status-publish","format-standard","hentry","category-gundem","odd"],"_links":{"self":[{"href":"http:\/\/www.korhanyilmaz.com\/index.php?rest_route=\/wp\/v2\/posts\/41749","targetHints":{"allow":["GET"]}}],"collection":[{"href":"http:\/\/www.korhanyilmaz.com\/index.php?rest_route=\/wp\/v2\/posts"}],"about":[{"href":"http:\/\/www.korhanyilmaz.com\/index.php?rest_route=\/wp\/v2\/types\/post"}],"author":[{"embeddable":true,"href":"http:\/\/www.korhanyilmaz.com\/index.php?rest_route=\/wp\/v2\/users\/1"}],"replies":[{"embeddable":true,"href":"http:\/\/www.korhanyilmaz.com\/index.php?rest_route=%2Fwp%2Fv2%2Fcomments&post=41749"}],"version-history":[{"count":0,"href":"http:\/\/www.korhanyilmaz.com\/index.php?rest_route=\/wp\/v2\/posts\/41749\/revisions"}],"wp:attachment":[{"href":"http:\/\/www.korhanyilmaz.com\/index.php?rest_route=%2Fwp%2Fv2%2Fmedia&parent=41749"}],"wp:term":[{"taxonomy":"category","embeddable":true,"href":"http:\/\/www.korhanyilmaz.com\/index.php?rest_route=%2Fwp%2Fv2%2Fcategories&post=41749"},{"taxonomy":"post_tag","embeddable":true,"href":"http:\/\/www.korhanyilmaz.com\/index.php?rest_route=%2Fwp%2Fv2%2Ftags&post=41749"}],"curies":[{"name":"wp","href":"https:\/\/api.w.org\/{rel}","templated":true}]}}