{"id":41744,"date":"2011-10-28T22:30:51","date_gmt":"2011-10-28T19:30:51","guid":{"rendered":"http:\/\/www.korhanyilmaz.com\/?p=41744"},"modified":"2011-10-29T10:38:40","modified_gmt":"2011-10-29T07:38:40","slug":"akp-oslo-anayasasini-oldubittiye-getirecek","status":"publish","type":"post","link":"http:\/\/www.korhanyilmaz.com\/?p=41744","title":{"rendered":"AKP \u201cOslo anayasas\u0131n\u0131\u201d oldubittiye getirecek"},"content":{"rendered":"<p style=\"text-align: center;\"><a href=\"http:\/\/www.korhanyilmaz.com\/wp-content\/uploads\/2011\/10\/3050.jpg\"  class=\"lightview\"><img loading=\"lazy\" decoding=\"async\" class=\"aligncenter  wp-image-41745\" src=\"http:\/\/www.korhanyilmaz.com\/wp-content\/uploads\/2011\/10\/3050.jpg\" alt=\"\" width=\"320\" height=\"285\" \/><\/a><\/p>\n<p style=\"text-align: justify;\">Meng\u00fc, iktidar\u0131n yeni anayasay\u0131 PKK ile Oslo\u2019da yap\u0131lan m\u00fczakerelere g\u00f6re olu\u015fturaca\u011f\u0131n\u0131 ve CHP ile MHP\u2019yi de buna alet etti\u011fini \u00f6ne s\u00fcrd\u00fc.<\/p>\n<p style=\"text-align: justify;\">Anayasada 12 Eyl\u00fcl referandumu ile de\u011fi\u015ftirilen 26 madde d\u0131\u015f\u0131nda k\u0131rm\u0131z\u0131 \u00e7izgileri olmad\u0131\u011f\u0131n\u0131 ve ilk \u00fc\u00e7 maddeyi bile de\u011fi\u015ftirece\u011fini a\u00e7\u0131klayan Ba\u015fbakan Tayyip Erdo\u011fan\u2019\u0131n \u201cMasadan kalkan tokad\u0131 yer\u201d tehdidi kar\u015f\u0131l\u0131k buldu.<!--more--><\/p>\n<p style=\"text-align: justify;\">Anayasan\u0131n ba\u015flang\u0131\u00e7 ilkeleri ve ilk \u00fc\u00e7 maddeyi k\u0131rm\u0131z\u0131 \u00e7izgileri ilan eden, 12 Eyl\u00fcl referandumuna \u201cHay\u0131r\u201d diyen CHP ve MHP hala AKP ile uzla\u015fma aray\u0131\u015f\u0131nda. Anayasa Uzla\u015fma Komisyonu\u2019na \u00fcye veren di\u011fer parti BDP ise AKP ile ayn\u0131 g\u00f6r\u00fc\u015fleri deklare ediyor. AKP\u2019li yetkililerin a\u00e7\u0131klamalar\u0131na g\u00f6re bu maddeleri komisyon g\u00fcndemine BDP ta\u015f\u0131yacak, kendileri de destek verecek.<\/p>\n<p style=\"text-align: justify;\"><strong>CHP-MHP oyuna getirildi<\/strong><\/p>\n<p style=\"text-align: justify;\">CHP eski milletvekili \u015eahin Meng\u00fc, AKP\u2019nin \u201cyepyeni anayasa\u201d ad\u0131 alt\u0131nda \u201cT\u00fcrk\u201d ve \u201cAtat\u00fcrk\u201d gibi kavramlar\u0131 anayasadan \u00e7\u0131kart\u0131l\u0131p, \u201cyerel \u00f6zerklik\u201d ve \u201canadilde e\u011fitim\u201d gibi PKK ile Oslo\u2019da yap\u0131lan m\u00fczakerelerde anla\u015fmaya var\u0131lan h\u00fck\u00fcmleri d\u00fczenleyece\u011fini, CHP ile MHP\u2019yi de buna alet etti\u011fini \u00f6ne s\u00fcrd\u00fc. Meng\u00fc, Ba\u015fbakan Tayyip Erdo\u011fan\u2019\u0131n iki muhalefet partisine de yanl\u0131\u015f yapt\u0131rd\u0131\u011f\u0131n\u0131 iddia ederek, \u201cBa\u015ftan \u00e7\u0131kt\u0131 dedi ki \u2018Herkes k\u0131rm\u0131z\u0131 \u00e7izgilerini b\u0131rak\u0131p, bu \u00e7al\u0131\u015fmaya gelsin.\u2019 Bu iki parti de bu teklifi \u00f6n ko\u015fulsuz kabul ederek, \u2018K\u0131rm\u0131z\u0131 \u00e7izgisiz geliyoruz\u2019 dediler. Adam, bir kere bunlar\u0131n masaya geleceklerinin tespitini yapt\u0131. Masaya oturttuktan sonra da 12 Eyl\u00fcl referandumu sonras\u0131 anayasada de\u011fi\u015ftirilen 26 maddeyi tart\u0131\u015ft\u0131rmayaca\u011f\u0131n\u0131 s\u00f6yleyerek k\u0131rm\u0131z\u0131 \u00e7izgilerini \u00e7ekti. \u2018Onlar\u0131 elletmem\u2019 dedi. Bu da yeni anayasan\u0131n Oslo\u2019da al\u0131nan kararlar \u0131\u015f\u0131\u011f\u0131nda haz\u0131rlanaca\u011f\u0131 anlam\u0131 ta\u015f\u0131r\u201d tespitini yapt\u0131.<\/p>\n<p style=\"text-align: justify;\"><strong>Masadan kalkamazlar<\/strong><\/p>\n<p style=\"text-align: justify;\">Meng\u00fc, daha \u00f6nce anayasan\u0131n ilk 3 maddesinin k\u0131rm\u0131z\u0131 \u00e7izgileri oldu\u011funu a\u00e7\u0131klad\u0131klar\u0131 halde Anayasa Uzla\u015fma Komisyonu\u2019na \u00f6nyarg\u0131s\u0131z kat\u0131lan CHP-MHP\u2019nin 12 Eyl\u00fcl referandumuna \u201cHay\u0131r\u201d dediklerini de hat\u0131rlatarak, \u201c\u015eimdi ne oldu? Bu saatten sonra o masan\u0131n ba\u015f\u0131na giden arkada\u015flar yar\u0131n nas\u0131l kalkacaklar o masadan? Kalkamazlar. Adam ak\u0131ll\u0131ca bir \u015fey yapt\u0131. \u2019Bunlar m\u0131z\u0131k\u00e7\u0131l\u0131k yapt\u0131\u2019diyecek. Hem, \u2019k\u0131rm\u0131z\u0131 \u00e7izginle gelme\u2019dedi. Ama benim k\u0131rm\u0131z\u0131 \u00e7izgilerim de bunlar haa\u2019diyor. \u2019Bunlar\u0131 halk istedi\u2019diyecek. Bir ak\u0131ll\u0131 adam olsa derki \u2019Sen b\u00f6yle s\u00f6yl\u00fcyorsun ama darbeci 12 Eyl\u00fcl anayasas\u0131na da halk y\u00fczde 92 destek vermi\u015fti. O zaman da ayn\u0131 halkt\u0131 bu halk\u201d dedi.<\/p>\n<p style=\"text-align: justify;\"><strong>\u201cReferanduma gerek kalmaz 5 dev\u015firme oyla i\u015fi bitirirler\u201d<\/strong><\/p>\n<p style=\"text-align: justify;\">CHP eski milletvekili \u015eahin Meng\u00fc, AKP\u2019nin yeni anayasay\u0131 referanduma gerek duymadan da yapabilece\u011fine dikkat \u00e7ekti. Meng\u00fc, \u201cSon zamanlarda dikkat edilirse ikktidar daha \u00f6nce dillendirdi\u011fi \u2019Bu yap\u0131lacak anayasay\u0131 gerekirse referanduma g\u00f6t\u00fcr\u00fcr\u00fcz\u2019 d\u00fc\u015f\u00fcncesini art\u0131k s\u00f6ylemiyor. \u00c7\u00fcnk\u00fc gere\u011fi kalmad\u0131. Neyi g\u00f6rd\u00fc? \u00c7ok a\u00e7\u0131k. Bu neyi getirmek istiyor? Yerel y\u00f6netimlere \u00f6zerklik \u015fart\u0131. Yani Oslo\u2019da var\u0131lan anla\u015fma. T\u00fcrk ulusu ve T\u00fcrk kavram\u0131n\u0131n anayasadan \u00e7\u0131kmas\u0131. Anadilde e\u011fitim. \u00d6zerk y\u00f6netim. Bunlar\u0131 yapt\u0131\u011f\u0131n zaman ne olacak? Zaten PKK\u2019n\u0131n iste\u011fi bu. PKK ile Oslo\u2019da vard\u0131\u011f\u0131n anla\u015fmay\u0131 sen hayata ge\u00e7ireceksin. Sen anla\u015ft\u0131\u011f\u0131na g\u00f6re AKP, 327 milletvekiliyle buna \u2019evet\u2019diyecek. Ba\u015fka kim \u2018evet\u2019 diyecek? 29 milletvekilli BDP ile 1 vekili bulunan KDP \u2018evet\u2019 diyecek. Bunlara Ahmet T\u00fcrk, Leyla Zana, Aysel Tu\u011fluk, Kemal Akta\u015f ve Abdullah Levent T\u00fczel\u2019den olu\u015fan 5 ba\u011f\u0131ms\u0131z\u0131 da eklersek 362 eder. Geriye sadece 5 oy a\u00e7\u0131\u011f\u0131 kal\u0131yor 367\u2019yi bulmak i\u00e7in. CHP\u2019de bunlara \u201cEvet\u201d diyecek asgari 30 tane dev\u015firme var. Adam niye referanduma gitsin?\u201d diye konu\u015ftu.<\/p>\n<p style=\"text-align: justify;\"><strong>2. Cumhuriyet kurulacak<\/strong><\/p>\n<p style=\"text-align: justify;\">Meng\u00fc, AKP\u2019nin ilk 3 maddeyi tart\u0131\u015fmaya a\u00e7arak, yeniden d\u00fczenlemesinin sak\u0131ncalar\u0131n\u0131 ise \u015f\u00f6yle anlatt\u0131: \u201cT\u00fcrkiye gibi \u00fclkelerde sen AKP\u2019ye f\u0131rsat ver, bu \u00fc\u00e7 maddeyi \u00f6yle bir yazar ki hi\u00e7 bir anlam\u0131 kalmaz. Biliyorsunuz Atat\u00fcrk milliyet\u00e7ili\u011fi laf\u0131n\u0131 Milli E\u011fitim\u2019den \u00e7\u0131kard\u0131lar. Oynanmak istenen oyun bu. BDP\u2019lilerin de yard\u0131m\u0131yla, CHP i\u00e7indeki dev\u015firmelerin de katk\u0131s\u0131yla bu anayasay\u0131 kendi istedikleri \u015fekilde yani bir k\u0131s\u0131m 2. cumhuriyet\u00e7ilerin de s\u00f6yledi\u011fi gibi T\u00fcrk milleti gibi kavramlar\u0131 \u00e7\u0131kararak, \u015fekilsiz bir anayasa haline getirmek.\u201d<\/p>\n<p style=\"text-align: justify;\"><strong>Her devletin bir kurulu\u015f felsefesi var<\/strong><\/p>\n<p style=\"text-align: justify;\">Cumhurba\u015fkan\u0131 Abdullah G\u00fcl ba\u015fta olmak \u00fczere \u201c\u0130deolojisiz anayasa\u201d laf\u0131n\u0131n ortaya at\u0131ld\u0131\u011f\u0131n\u0131 belirten \u015eahin Meng\u00fc, b\u00f6yle bir durumun olay\u0131n ruhuna ayk\u0131r\u0131 oldu\u011funu ima etti. \u201cD\u00fcnyada hi\u00e7bir devlette ideolojisiz anayasa bulamazs\u0131n\u0131z\u201d iddias\u0131nda bulunan Meng\u00fc \u015f\u00f6yle konu\u015ftu: \u201cHer anayasan\u0131n ideolojisi vard\u0131r. \u2019\u0130deolojisiz anayasa\u2019laf\u0131n\u0131 s\u00f6ylemek i\u00e7in cahil olmak laz\u0131md\u0131r. Veya hain olmak gerekir! Her devletin kurulu\u015f felsefesi vard\u0131r. Bir \u015feyin alt\u0131n\u0131 \u00e7izmek gerekmektidir. Bizim kurucu iktidar\u0131m\u0131z 1921 ve 1924\u2019teki anayasalar\u0131 yapan iktidard\u0131r. Bu cumhuriyeti kuran iktidard\u0131r. O iktidar\u0131n temel mant\u0131\u011f\u0131n\u0131 elleyemezsiniz. O iktidar\u0131n temel mant\u0131k ta anayasan\u0131n ilk 3 maddesinde kendini bulmaktad\u0131r. CHP\u2019nin b\u00f6yle bir komisyona kat\u0131lmay\u0131 \u015fiddetle reddetmesi gerekirdi. \u015eimdi AKP, tek kale ma\u00e7 oynamaya ba\u015flad\u0131. Ba\u015fbakan, \u2019Masadan kalkan tokad\u0131 yer\u2019tehtidi savuruyor. Bir kere tokat tehtidi halk\u0131n tokad\u0131 \u015feklinde de olsa demokrasilerde s\u00f6ylenmemesi gereken bir tarzd\u0131r.\u201d<\/p>\n<p style=\"text-align: justify;\"><strong>\u0130lk 3 madde konusundaki g\u00f6r\u00fc\u015fleri ortada<\/strong><\/p>\n<p style=\"text-align: justify;\">\u015eahin Meng\u00fc, Ba\u015fbakan Tayyip Erdo\u011fan\u2019\u0131n anayasan\u0131n de\u011fi\u015ftirilmesi dahi teklif edilemeyen ilk 3 maddeye g\u00f6z dikti\u011fini belirtti. Meng\u00fc, \u0130svi\u00e7reli parlamenter AKPM Sosyalist Grup Ba\u015fkan\u0131 Andreas Gross\u2019un, Ba\u015fbakan Erdo\u011fan\u2019\u0131n kendisine anayasan\u0131n ilk 3 maddesini de\u011fi\u015ftirece\u011fini s\u00f6yledi\u011fini hat\u0131rlatarak, \u201cBu a\u00e7\u0131klama kimse taraf\u0131ndan yalanlanmad\u0131. O d\u00f6nemde yard\u0131mc\u0131s\u0131 alan Milli E\u011fitim Bakan\u0131 \u00d6mer \u00c7elik, ilk 3 maddede ifade sorunu oldu\u011funu belirtirken, Bekir Bozda\u011f ise \u2019Ba\u015fkalar\u0131 2. maddeyi g\u00fcndeme getirirse biz m\u00fczakere ederiz\u2019 a\u00e7\u0131klamas\u0131nda bulunmu\u015ftu. Bunlar (AKP) ilk \u00fc\u00e7 maddenin de\u011fi\u015ftirilmesini \u015f\u00f6yle planlam\u0131\u015f. Ben kendim getirmem ama her \u015feyi tart\u0131\u015f\u0131r\u0131m diyor. Oslo\u2019da PKK ile var\u0131lan anla\u015fmalar do\u011frultusunda ilk 3 maddenin de\u011fi\u015ftirilmesi, \u00f6zerklik \u015fart\u0131, anadilde e\u011fitim gibi konular\u0131 BDP g\u00fcndeme getirecek, bunlar da tart\u0131\u015fmaya a\u00e7acaklar\u201d dedi.<\/p>\n<p style=\"text-align: justify;\"><strong>Koca bir aldatmacayla i\u015fe ba\u015flad\u0131lar<\/strong><\/p>\n<p style=\"text-align: justify;\">Meng\u00fc, AKP\u2019nin bu i\u015fe \u201cyepyeni bir anayasa\u201d yalan\u0131 ile ba\u015flad\u0131\u011f\u0131n\u0131 kaydederek, \u201cCHP ve MHP bu yeni anayasa teklifine hemen destek verdi. Hukuk\u00e7u olarak, anayasa bilen herkesin bildi\u011fi bir \u015fey var. Anayasan\u0131n nas\u0131l de\u011fi\u015fece\u011fi 175. maddede yaz\u0131yor. Bu ortada dururken, anayasan\u0131n ilk 3 maddesinin de\u011fi\u015ftirilemeyece\u011fi yazarken, sen yepyeni bir anayasa yapamazs\u0131n. \u0130ki muhalefet partisi a\u00e7\u0131s\u0131ndan bence en b\u00fcy\u00fck yanl\u0131\u015f \u015fu oldu. Evvela diyeceklerdi ki, \u2019Anayasan\u0131n hangi maddelerinde de\u011fi\u015fiklik yapmak istiyorsun, bana onlar\u0131 bir s\u00f6yle?\u2019 Anayasan\u0131n \u00f6yle maddeleri var ki onlar\u0131n de\u011fi\u015fmesinin l\u00fczumu yok. Sen bunu b\u00f6yle yapm\u0131yorsun, \u2019yepyeni bir anayasa\u2019 diyorsun. \u2019K\u0131rm\u0131z\u0131 \u00e7izgini koymadan gel\u2019 diyorsun. CHP ile MHP de adeta \u00fczerine atlad\u0131lar bu i\u015fin. Arkas\u0131ndan da \u201912 Eyl\u00fcl referandumuyla yap\u0131lan 26 maddeyi elletmem.\u2019 O zaman yepyeni bir anayasa olmaktan \u00e7\u0131kt\u0131\u201d yorumunu yapt\u0131.<\/p>\n<p style=\"text-align: justify;\"><strong>De\u011fi\u015fikli\u011fin ucunu bilerek a\u00e7\u0131k b\u0131rakt\u0131lar<\/strong><\/p>\n<p style=\"text-align: justify;\">Meng\u00fc, AKP\u2019lilerin \u201cKomisyonda her \u015feyi tart\u0131\u015f\u0131r\u0131m\u201d ifadesinin \u00f6zellikle 2. madde ile ilgili old\u011fnun alt\u0131n\u0131 \u00e7izerek, \u015funlar\u0131 s\u00f6yledi: \u201cM\u00fchim olan birisinin 2. maddenin ve oradaki en \u00f6nemli unsurlardan Atat\u00fcrk milliyet\u00e7ili\u011fi unsurunu tart\u0131\u015fmaya a\u00e7mas\u0131. \u2019Ben tart\u0131\u015fmaya ba\u015flad\u0131m\u2019diyecek. Burada istedi\u011fi kadar de\u011fi\u015ftirir-de\u011fi\u015ftiremez. Ama y\u0131pratacak. \u0130kincisi, en b\u00fcy\u00fck yanl\u0131\u015f ba\u015ftan itibaren ucu a\u00e7\u0131k bir anayasa de\u011fi\u015fikli\u011fi olmaz. Muhalefet partilerinin yapt\u0131\u011f\u0131 en b\u00fcy\u00fck yanl\u0131\u015fl\u0131k bu. Ucu a\u00e7\u0131k bir anayasa tart\u0131\u015fmas\u0131na ba\u015flad\u0131\u011f\u0131n\u0131z zaman art\u0131k burada nelerin tart\u0131\u015f\u0131laca\u011f\u0131, nerede be\u015flay\u0131p, nerede bitece\u011fi belli olmaz. Partiler ba\u015ftan hangi maddelere itiraz\u0131 oldu\u011funu, hangi maddenin hangi gerek\u00e7e ile de\u011fi\u015ftirilmesi gerekti\u011fini ilan ederdi. Ondan sonra belki masan\u0131n etraf\u0131nda toplan\u0131l\u0131rd\u0131 veya hi\u00e7 toplan\u0131lmazd\u0131. Denilebilirdi ki \u2019Ben bu konularda g\u00f6r\u00fc\u015fmem, bu konular\u0131 tart\u0131\u015fmaya a\u00e7mam\u2019derdi partiler. Bunu ak\u0131l etmediler ve yanl\u0131\u015f yapt\u0131lar.\u201d<\/p>\n<p style=\"text-align: justify;\"><a href=\"http:\/\/www.yg.yenicaggazetesi.com.tr\/habergoster.php?haber=58255\" target=\"_blank\">Kaynak : Salim Yava\u015fo\u011flu &#8211; Yeni\u00e7a\u011f Gazetesi<\/a><\/p>\n","protected":false},"excerpt":{"rendered":"<p style=\"text-align: center;\">\n<p style=\"text-align: justify;\">Meng\u00fc, iktidar\u0131n yeni anayasay\u0131 PKK ile Oslo\u2019da yap\u0131lan m\u00fczakerelere g\u00f6re olu\u015fturaca\u011f\u0131n\u0131 ve CHP ile MHP\u2019yi de buna alet etti\u011fini \u00f6ne s\u00fcrd\u00fc.<\/p>\n<p style=\"text-align: justify;\">Anayasada 12 Eyl\u00fcl referandumu ile de\u011fi\u015ftirilen 26 madde d\u0131\u015f\u0131nda k\u0131rm\u0131z\u0131 \u00e7izgileri olmad\u0131\u011f\u0131n\u0131 ve ilk \u00fc\u00e7 maddeyi bile de\u011fi\u015ftirece\u011fini a\u00e7\u0131klayan Ba\u015fbakan Tayyip Erdo\u011fan\u2019\u0131n \u201cMasadan kalkan tokad\u0131 yer\u201d tehdidi <\/p>\n","protected":false},"author":1,"featured_media":0,"comment_status":"open","ping_status":"open","sticky":false,"template":"","format":"standard","meta":{"footnotes":""},"categories":[105],"tags":[],"class_list":["post-41744","post","type-post","status-publish","format-standard","hentry","category-gundem","odd"],"_links":{"self":[{"href":"http:\/\/www.korhanyilmaz.com\/index.php?rest_route=\/wp\/v2\/posts\/41744","targetHints":{"allow":["GET"]}}],"collection":[{"href":"http:\/\/www.korhanyilmaz.com\/index.php?rest_route=\/wp\/v2\/posts"}],"about":[{"href":"http:\/\/www.korhanyilmaz.com\/index.php?rest_route=\/wp\/v2\/types\/post"}],"author":[{"embeddable":true,"href":"http:\/\/www.korhanyilmaz.com\/index.php?rest_route=\/wp\/v2\/users\/1"}],"replies":[{"embeddable":true,"href":"http:\/\/www.korhanyilmaz.com\/index.php?rest_route=%2Fwp%2Fv2%2Fcomments&post=41744"}],"version-history":[{"count":0,"href":"http:\/\/www.korhanyilmaz.com\/index.php?rest_route=\/wp\/v2\/posts\/41744\/revisions"}],"wp:attachment":[{"href":"http:\/\/www.korhanyilmaz.com\/index.php?rest_route=%2Fwp%2Fv2%2Fmedia&parent=41744"}],"wp:term":[{"taxonomy":"category","embeddable":true,"href":"http:\/\/www.korhanyilmaz.com\/index.php?rest_route=%2Fwp%2Fv2%2Fcategories&post=41744"},{"taxonomy":"post_tag","embeddable":true,"href":"http:\/\/www.korhanyilmaz.com\/index.php?rest_route=%2Fwp%2Fv2%2Ftags&post=41744"}],"curies":[{"name":"wp","href":"https:\/\/api.w.org\/{rel}","templated":true}]}}