{"id":41735,"date":"2011-10-28T17:43:48","date_gmt":"2011-10-28T14:43:48","guid":{"rendered":"http:\/\/www.korhanyilmaz.com\/?p=41735"},"modified":"2011-10-29T01:44:10","modified_gmt":"2011-10-28T22:44:10","slug":"adimizi-kirletmesinler","status":"publish","type":"post","link":"http:\/\/www.korhanyilmaz.com\/?p=41735","title":{"rendered":"&#8220;Ad\u0131m\u0131z\u0131 kirletmesinler&#8221;"},"content":{"rendered":"<p style=\"text-align: center;\"><a href=\"http:\/\/www.korhanyilmaz.com\/wp-content\/uploads\/2011\/10\/3048.jpg\"  class=\"lightview\"><img loading=\"lazy\" decoding=\"async\" class=\"aligncenter  wp-image-41736\" src=\"http:\/\/www.korhanyilmaz.com\/wp-content\/uploads\/2011\/10\/3048.jpg\" alt=\"\" width=\"396\" height=\"180\" \/><\/a><\/p>\n<p style=\"text-align: justify;\"><strong>Van&#8217;da yine istenmeyen o g\u00f6r\u00fcnt\u00fcler ya\u015fand\u0131, depremzedeler isyan etti.<\/strong><\/p>\n<p style=\"text-align: justify;\">VAN &#8211; Van&#8217;da 7.2 b\u00fcy\u00fckl\u00fc\u011f\u00fcndeki depremin yaralar\u0131 sar\u0131lmaya \u00e7al\u0131\u015f\u0131l\u0131rken, vatanda\u015flara, \u00fclkenin \u00e7e\u015fitli yerlerinden g\u00f6nderilen yard\u0131m malzemelerinin da\u011f\u0131t\u0131m\u0131nda, istenmeyen g\u00f6r\u00fcnt\u00fclere bug\u00fcn de yenisi eklendi. Alt\u0131ntepe Mahallesi\u2019ne, Be\u015fikta\u015f Belediyesi taraf\u0131ndan g\u00f6nderilen bir TIR dolusu malzeme, be\u015f dakika i\u00e7inde kap\u0131\u015f\u0131ld\u0131.\u00a0<!--more--><\/p>\n<p style=\"text-align: justify;\">Bu duruma tan\u0131k olan baz\u0131 mahalle sakinleri, &#8220;Bu talan\u0131 yapan\u0131n ihtiya\u00e7lar\u0131 yok. Bunlar Vanl\u0131 olamaz. Ad\u0131m\u0131z\u0131 kirletmesinler&#8221; dedi. Depremin hemen ard\u0131ndan Be\u015fikta\u015f Belediyesi taraf\u0131ndan Van\u2019a g\u00f6nderilen bir TIR dolusu malzemeyi Alt\u0131ntepe Mahallesi\u2019ne, bug\u00fcn, \u00f6\u011flen saatlerinde g\u00f6t\u00fcren g\u00f6revliler, iddiaya g\u00f6re, b\u0131\u00e7akl\u0131 bir ki\u015fi taraf\u0131ndan giri\u015fte tehdit edildi. Malzemeleri, \u00f6nceden belirlenen adreslere g\u00f6t\u00fcrece\u011fini s\u00f6yleyen g\u00f6revliler, yakla\u015f\u0131k 200 ki\u015filik kalabal\u0131\u011f\u0131n TIR kasas\u0131ndaki e\u015fyalara h\u00fccum etmesiyle zor anlar ya\u015fad\u0131.<\/p>\n<p style=\"text-align: justify;\">TIR\u2019\u0131n kasas\u0131ndaki branday\u0131 a\u00e7an \u00e7oluk, \u00e7ocuk, kad\u0131n, erkek onlarca ki\u015fi, i\u00e7eri girdi. \u0130\u00e7erisinde giyim, yiyecek ve giyecek bulunan malzemeleri birbirlerine kapt\u0131rmamak i\u00e7in birbirleriyle m\u00fccadele eden kalabal\u0131k izdihama yola\u00e7t\u0131. TIR\u2019daki malzemeleri ara\u00e7lar\u0131na koyup g\u00f6t\u00fcrenler de olurken, baz\u0131 vatanda\u015flar da, \u00fczerlerine oturup di\u011fer ki\u015filerin almas\u0131n\u0131 engelledi.<\/p>\n<p style=\"text-align: justify;\">Malzemeleri da\u011f\u0131tmakla g\u00f6revli olan, ancak kalabal\u0131\u011f\u0131n ak\u0131n etmesiyle \u015fa\u015fk\u0131na d\u00f6nen Y\u0131lmaz G\u00fcney, &#8220;Hi\u00e7bir zaman ba\u015f\u0131m\u0131za bu olay gelmedi. B\u00f6yle bir yard\u0131m olmaz. Biz evleri zarar g\u00f6renleri tespit ediyorduk. Tek tek evlerine gidip yard\u0131m malzemelerini veriyorduk. Ama bu sefer TIR\u2019\u0131 g\u00f6t\u00fcr dediler. Kim verdi bu karar\u0131 bilmiyorum. B\u00f6yle bir rezillik ya\u015fand\u0131&#8221; dedi. Ya\u015fanan arbedeye tan\u0131k olan ve tepki g\u00f6steren mahalle sakinlerinden baz\u0131lar\u0131, &#8220;Bu talan\u0131 yapan\u0131n ihtiyac\u0131 yok. Bunlar Vanl\u0131 olamaz. Ad\u0131m\u0131z\u0131 kirletmesinler. Ay\u0131pt\u0131r ay\u0131p&#8221; dedi.<\/p>\n<p style=\"text-align: justify;\"><strong>ERMEN\u0130STAN&#8217;DAN YARDIM<\/strong><\/p>\n<p style=\"text-align: justify;\">Van&#8217;da meydana gelen depremin ard\u0131ndan Ermenistan, Birle\u015fik Arap Emirlikleri ve Cezayir ile Rusya&#8217;dan gelen ikinci yard\u0131m u\u00e7a\u011f\u0131 Erzurum Havaliman\u0131&#8217;na indi. Van&#8217;daki depremzedeler i\u00e7in Ermenistan Acil Durumlar Bakanl\u0131\u011f\u0131&#8217;ndan g\u00f6nderilen ve i\u00e7erisinde battaniye, yatak ve nevresim tak\u0131mlar\u0131n\u0131n bulundu\u011fu yard\u0131m u\u00e7a\u011f\u0131 4 ki\u015filik ekiple Erzurum&#8217;a eldi.<\/p>\n<p style=\"text-align: justify;\">\u0130l Kriz Merkezi ile Devlet Hava Meydan \u0130\u015fletmesi Erzurum Ba\u015fm\u00fcd\u00fcrl\u00fc\u011f\u00fc yetkilileri taraf\u0131ndan kar\u015f\u0131lanan ekipte bulunan Ermenistan Afet Durumlar Bakanl\u0131\u011f\u0131 Kurtarma Servis Yard\u0131mc\u0131s\u0131 Direkt\u00f6r\u00fc Kostandyan Gagik, havaliman\u0131nda gazetecilere yapt\u0131\u011f\u0131 a\u00e7\u0131klamada, T\u00fcrkiye&#8217;ye ge\u00e7mi\u015f olsun dile\u011finde bulunarak, Van&#8217;daki depremin hemen ard\u0131ndan Ermenistan h\u00fck\u00fcmetinin Cumhurba\u015fkan\u0131 Abdullah G\u00fcl ile yard\u0131m konusunda g\u00f6r\u00fc\u015fme yapt\u0131\u011f\u0131n\u0131 s\u00f6yledi.<\/p>\n<p style=\"text-align: justify;\">Ermenistan h\u00fck\u00fcmeti taraf\u0131ndan g\u00f6nderilen yard\u0131mlar\u0131 getirdiklerini an\u0131msatan Gagik, \u201c4, 6, 40 ve 60 ki\u015filik 111 \u00e7ad\u0131r, 4 bin 345 battaniye, 36 \u015fi\u015fme yatak, 6 bin nevresim, 474 uyku tulumu getirdik\u201d dedi.<\/p>\n<p style=\"text-align: justify;\">\u0130lk etapta yard\u0131m talebinin kabul edilmedi\u011fini dile getiren Gagik, \u201cTelgraf g\u00f6nderdik. Nas\u0131l yard\u0131m edebiliriz, ihtiya\u00e7lar\u0131 sorduk. G\u0131da yard\u0131m\u0131 kabul edilmedi. Sadece \u00e7ad\u0131r istendi. Biz de istenen yard\u0131m taleplerini getirdik\u201d diye konu\u015ftu. Ermenistan&#8217;\u0131n T\u00fcrkiye&#8217;ye 1999 y\u0131l\u0131nda da yard\u0131m etti\u011fini belirten Gagik, \u015funlar\u0131 kaydetti:<\/p>\n<p style=\"text-align: justify;\">\u201c1999, 2000 ve 2003&#8217;te de yard\u0131m ettik. Ama \u015fimdi ilk kez geldik. \u0130htiya\u00e7 olmas\u0131 halinde biz her t\u00fcrl\u00fc yard\u0131m yapmaya haz\u0131r\u0131z. \u0130steriz ki iki \u00fclke hep iyi ili\u015fkiler i\u00e7erisinde olsun. Bu insanl\u0131k yard\u0131m\u0131d\u0131r. Biz iki kom\u015fu \u00fclkeyiz. \u015eimdilik bundan ba\u015fka bir \u015fey d\u00fc\u015f\u00fcnm\u00fcyoruz. \u0130htiya\u00e7 olursa biz ikinci u\u00e7a\u011f\u0131 da hemen getirebiliriz.\u201d<\/p>\n<p style=\"text-align: justify;\">Bu arada, Birle\u015fik Arap Emirlikleri&#8217;nden g\u00f6nderilen ve i\u00e7erisinde 564 \u00e7ad\u0131r\u0131n bulundu\u011fu u\u00e7ak da Erzurum Havaliman\u0131&#8217;na geldi. U\u00e7akta bulunan \u00e7ad\u0131rlar ard\u0131ndan t\u0131rlara y\u00fcklenerek, deprem b\u00f6lgesine g\u00f6nderildi. \u00d6te yandan, 300 \u00e7ad\u0131r getiren Cezayir u\u00e7a\u011f\u0131 ile 156 \u00e7ad\u0131r getiren Rusya&#8217;n\u0131n ikinci yard\u0131m u\u00e7a\u011f\u0131 da Erzurum Havaliman\u0131&#8217;na indi. S\u00f6z konusu u\u00e7aklardaki \u00e7ad\u0131rlar daha sonra deprem b\u00f6lgesine g\u00f6nderilmek \u00fczere t\u0131rlara y\u00fcklenmeye ba\u015fland\u0131. U\u00e7aklar, \u0130l Kriz Merkezi ile Devlet Hava Meydan \u0130\u015fletmesi Erzurum Ba\u015fm\u00fcd\u00fcrl\u00fc\u011f\u00fc yetkilileri taraf\u0131ndan kar\u015f\u0131land\u0131.<\/p>\n<p style=\"text-align: justify;\"><a href=\"http:\/\/www.gazeteport.com.tr\/haber\/60139\/quotadimizi_kirletmesinlerquot\" target=\"_blank\">Kaynak : GAZETEPORT<\/a><\/p>\n","protected":false},"excerpt":{"rendered":"<p style=\"text-align: center;\">\n<p style=\"text-align: justify;\">Van&#8217;da yine istenmeyen o g\u00f6r\u00fcnt\u00fcler ya\u015fand\u0131, depremzedeler isyan etti.<\/p>\n<p style=\"text-align: justify;\">VAN &#8211; Van&#8217;da 7.2 b\u00fcy\u00fckl\u00fc\u011f\u00fcndeki depremin yaralar\u0131 sar\u0131lmaya \u00e7al\u0131\u015f\u0131l\u0131rken, vatanda\u015flara, \u00fclkenin \u00e7e\u015fitli yerlerinden g\u00f6nderilen yard\u0131m malzemelerinin da\u011f\u0131t\u0131m\u0131nda, istenmeyen g\u00f6r\u00fcnt\u00fclere bug\u00fcn de yenisi eklendi. Alt\u0131ntepe Mahallesi\u2019ne, Be\u015fikta\u015f Belediyesi taraf\u0131ndan g\u00f6nderilen bir TIR dolusu malzeme, be\u015f dakika i\u00e7inde kap\u0131\u015f\u0131ld\u0131. <\/p>\n","protected":false},"author":1,"featured_media":0,"comment_status":"open","ping_status":"open","sticky":false,"template":"","format":"standard","meta":{"footnotes":""},"categories":[105],"tags":[],"class_list":["post-41735","post","type-post","status-publish","format-standard","hentry","category-gundem","odd"],"_links":{"self":[{"href":"http:\/\/www.korhanyilmaz.com\/index.php?rest_route=\/wp\/v2\/posts\/41735","targetHints":{"allow":["GET"]}}],"collection":[{"href":"http:\/\/www.korhanyilmaz.com\/index.php?rest_route=\/wp\/v2\/posts"}],"about":[{"href":"http:\/\/www.korhanyilmaz.com\/index.php?rest_route=\/wp\/v2\/types\/post"}],"author":[{"embeddable":true,"href":"http:\/\/www.korhanyilmaz.com\/index.php?rest_route=\/wp\/v2\/users\/1"}],"replies":[{"embeddable":true,"href":"http:\/\/www.korhanyilmaz.com\/index.php?rest_route=%2Fwp%2Fv2%2Fcomments&post=41735"}],"version-history":[{"count":0,"href":"http:\/\/www.korhanyilmaz.com\/index.php?rest_route=\/wp\/v2\/posts\/41735\/revisions"}],"wp:attachment":[{"href":"http:\/\/www.korhanyilmaz.com\/index.php?rest_route=%2Fwp%2Fv2%2Fmedia&parent=41735"}],"wp:term":[{"taxonomy":"category","embeddable":true,"href":"http:\/\/www.korhanyilmaz.com\/index.php?rest_route=%2Fwp%2Fv2%2Fcategories&post=41735"},{"taxonomy":"post_tag","embeddable":true,"href":"http:\/\/www.korhanyilmaz.com\/index.php?rest_route=%2Fwp%2Fv2%2Ftags&post=41735"}],"curies":[{"name":"wp","href":"https:\/\/api.w.org\/{rel}","templated":true}]}}