{"id":41731,"date":"2011-10-28T11:48:27","date_gmt":"2011-10-28T08:48:27","guid":{"rendered":"http:\/\/www.korhanyilmaz.com\/?p=41731"},"modified":"2011-10-29T01:38:45","modified_gmt":"2011-10-28T22:38:45","slug":"tum-torenler-iptal","status":"publish","type":"post","link":"http:\/\/www.korhanyilmaz.com\/?p=41731","title":{"rendered":"T\u00fcm t\u00f6renler iptal"},"content":{"rendered":"<p style=\"text-align: center;\"><a href=\"http:\/\/www.korhanyilmaz.com\/wp-content\/uploads\/2011\/10\/3047.jpg\"  class=\"lightview\"><img loading=\"lazy\" decoding=\"async\" class=\"aligncenter  wp-image-41732\" src=\"http:\/\/www.korhanyilmaz.com\/wp-content\/uploads\/2011\/10\/3047.jpg\" alt=\"\" width=\"396\" height=\"180\" \/><\/a><\/p>\n<p style=\"text-align: justify;\">Cumhuriyet Bayram\u0131 nedeniyle yar\u0131n yap\u0131lacak ge\u00e7it t\u00f6renleri, t\u00fcm illerde Ba\u015fbakanl\u0131k genelgesiyle iptal edildi.<\/p>\n<p style=\"text-align: justify;\">ANKARA- \u0130stanbul&#8217;da Vatan Caddesi&#8217;nde resmi ge\u00e7it t\u00f6reni yap\u0131lmayacak, yar\u0131n ak\u015fam Ba\u011fdat Caddesi&#8217;nde fener alay\u0131 y\u00fcr\u00fcy\u00fc\u015f\u00fc d\u00fczenlenecek.Van depremi nedeniyle 29 Ekim Cumhuriyet Bayram\u0131 kutlama t\u00f6renleri \u00e7er\u00e7evesinde t\u00f6ren ge\u00e7i\u015fi, resepsiyon gibi kutlama faaliyetlerinin yap\u0131lmamas\u0131na ili\u015fkin Ba\u015fbakanl\u0131k Genelgesi Resmi Gazete&#8217;de yay\u0131mland\u0131.\u00a0<!--more--><\/p>\n<p style=\"text-align: justify;\">Genelgede, 23 Ekim 2011&#8217;de Van ili ve \u00e7evresinde meydana gelen deprem felaketi nedeniyle 29 Ekim Cumhuriyet Bayram\u0131 kutlama t\u00f6renlerinin sadece \u00e7elenk koyma ve tebrikleri kabul t\u00f6renleri \u015feklinde icra edilmesinin; t\u00f6ren ge\u00e7i\u015fi, resepsiyon gibi di\u011fer kutlama faaliyetlerinin yap\u0131lmamas\u0131n\u0131n uygun g\u00f6r\u00fcld\u00fc\u011f\u00fc kaydedildi. Al\u0131nan karar gere\u011fi, bug\u00fcn \u00f6\u011flen yap\u0131lacak \u00e7elenk koyma ve yar\u0131n sabah vilayetlerde yap\u0131lacak tebrikat t\u00f6renleri d\u0131\u015f\u0131ndaki, resmi ge\u00e7it dahil t\u00fcm etkinlikler iptal edildi.<\/p>\n<p style=\"text-align: justify;\"><strong>BA\u011eDAT CADDES\u0130&#8217;NDE FENER ALAYI YAPILACAK<\/strong><\/p>\n<p style=\"text-align: justify;\">Kad\u0131k\u00f6y Belediyesi&#8217;nden yap\u0131lan a\u00e7\u0131klamada 29 Ekim ak\u015fam\u0131 saat 19.00&#8217;da Ba\u011fdat Caddesi&#8217;nde fener alay\u0131n\u0131n yap\u0131laca\u011f\u0131 duyuruldu. Y\u00fcr\u00fcy\u00fc\u015fe kat\u0131lan vatanda\u015flar, bu y\u0131l Hakkari \u00c7ukurca\u2019da \u015fehit edilen 24 asker ile Van depreminde ya\u015fam\u0131n\u0131 yitirenlerin an\u0131s\u0131na siyah giyinecek.<\/p>\n<p style=\"text-align: justify;\"><a href=\"http:\/\/www.gazeteport.com.tr\/haber\/60059\/tum_torenler_iptal\" target=\"_blank\">Kaynak : GAZETEPORT<\/a><\/p>\n","protected":false},"excerpt":{"rendered":"<p style=\"text-align: center;\">\n<p style=\"text-align: justify;\">Cumhuriyet Bayram\u0131 nedeniyle yar\u0131n yap\u0131lacak ge\u00e7it t\u00f6renleri, t\u00fcm illerde Ba\u015fbakanl\u0131k genelgesiyle iptal edildi.<\/p>\n<p style=\"text-align: justify;\">ANKARA- \u0130stanbul&#8217;da Vatan Caddesi&#8217;nde resmi ge\u00e7it t\u00f6reni yap\u0131lmayacak, yar\u0131n ak\u015fam Ba\u011fdat Caddesi&#8217;nde fener alay\u0131 y\u00fcr\u00fcy\u00fc\u015f\u00fc d\u00fczenlenecek.Van depremi nedeniyle 29 Ekim Cumhuriyet Bayram\u0131 kutlama t\u00f6renleri \u00e7er\u00e7evesinde t\u00f6ren ge\u00e7i\u015fi, resepsiyon gibi kutlama faaliyetlerinin yap\u0131lmamas\u0131na ili\u015fkin Ba\u015fbakanl\u0131k Genelgesi <\/p>\n","protected":false},"author":1,"featured_media":0,"comment_status":"open","ping_status":"open","sticky":false,"template":"","format":"standard","meta":{"footnotes":""},"categories":[105],"tags":[],"class_list":["post-41731","post","type-post","status-publish","format-standard","hentry","category-gundem","odd"],"_links":{"self":[{"href":"http:\/\/www.korhanyilmaz.com\/index.php?rest_route=\/wp\/v2\/posts\/41731","targetHints":{"allow":["GET"]}}],"collection":[{"href":"http:\/\/www.korhanyilmaz.com\/index.php?rest_route=\/wp\/v2\/posts"}],"about":[{"href":"http:\/\/www.korhanyilmaz.com\/index.php?rest_route=\/wp\/v2\/types\/post"}],"author":[{"embeddable":true,"href":"http:\/\/www.korhanyilmaz.com\/index.php?rest_route=\/wp\/v2\/users\/1"}],"replies":[{"embeddable":true,"href":"http:\/\/www.korhanyilmaz.com\/index.php?rest_route=%2Fwp%2Fv2%2Fcomments&post=41731"}],"version-history":[{"count":0,"href":"http:\/\/www.korhanyilmaz.com\/index.php?rest_route=\/wp\/v2\/posts\/41731\/revisions"}],"wp:attachment":[{"href":"http:\/\/www.korhanyilmaz.com\/index.php?rest_route=%2Fwp%2Fv2%2Fmedia&parent=41731"}],"wp:term":[{"taxonomy":"category","embeddable":true,"href":"http:\/\/www.korhanyilmaz.com\/index.php?rest_route=%2Fwp%2Fv2%2Fcategories&post=41731"},{"taxonomy":"post_tag","embeddable":true,"href":"http:\/\/www.korhanyilmaz.com\/index.php?rest_route=%2Fwp%2Fv2%2Ftags&post=41731"}],"curies":[{"name":"wp","href":"https:\/\/api.w.org\/{rel}","templated":true}]}}