{"id":4173,"date":"2009-02-28T09:18:29","date_gmt":"2009-02-28T07:18:29","guid":{"rendered":"http:\/\/www.korhanyilmaz.com\/?p=4173"},"modified":"2009-02-28T09:18:29","modified_gmt":"2009-02-28T07:18:29","slug":"turkan-saylan%e2%80%99in-opulecek-eli-cebinde","status":"publish","type":"post","link":"http:\/\/www.korhanyilmaz.com\/?p=4173","title":{"rendered":"T\u00fcrkan Saylan\u2019\u0131n \u00f6p\u00fclecek eli cebinde"},"content":{"rendered":"<p style=\"text-align: justify;\"><img loading=\"lazy\" decoding=\"async\" class=\"aligncenter size-full wp-image-4174\" title=\"T\u00fcrkan Saylan\u2019\u0131n \u00f6p\u00fclecek eli cebinde\" src=\"http:\/\/www.korhanyilmaz.com\/wp-content\/uploads\/2009\/02\/fft28_mf128022.jpeg\" alt=\"T\u00fcrkan Saylan\u2019\u0131n \u00f6p\u00fclecek eli cebinde\" width=\"357\" height=\"238\" \/><\/p>\n<p style=\"text-align: justify;\"><strong>T\u00fcrkan Saylan, Vehbi Ko\u00e7 \u00d6d\u00fcl\u00fc olan 100 bin dolar\u0131 k\u0131zlar\u0131 okutmaya harcayacak: Kimsenin pamuk eli cebine gitmiyor bari benim elim gitsin&#8230;<\/strong><\/p>\n<p style=\"text-align: justify;\">Vehbi Ko\u00e7 \u00d6d\u00fcl\u00fc&#8217;ne lay\u0131k g\u00f6r\u00fclen \u00c7a\u011fda\u015f Ya\u015fam\u0131 Destekleme Derne\u011fi (\u00c7YDD) Ba\u015fkan\u0131 Prof. Dr. T\u00fcrkan Saylan, 100 bin dolarl\u0131k para \u00f6d\u00fcl\u00fcn\u00fc yine e\u011fitim i\u00e7in harcayacak. Saylan Radikal&#8217;in paray\u0131 nas\u0131l kullan\u0131laca\u011f\u0131 sorusu \u00fczerine &#8220;Para k\u0131zlara gidecek, elimize ge\u00e7en bir kuru\u015fu bile oraya koyuyoruz. Burs olarak kullan\u0131lacak. 36 bin k\u0131za ula\u015ft\u0131k 100 bine ula\u015fmak istiyoruz. Kimsenin pamuk eli cebine gitmedi\u011fi i\u00e7in bari benim elim cebime gitsin&#8221; dedi.<\/p>\n<p style=\"text-align: justify;\">Vehbi Ko\u00e7 Vakf\u0131&#8217;nca bu y\u0131l sekizincisi verilen Vehbi Ko\u00e7 \u00d6d\u00fcl\u00fc, e\u011fitim alan\u0131na gitti. \u00d6d\u00fcl bir\u00e7ok k\u00f6y\u00fcn okula kavu\u015fmas\u0131n\u0131, binlerce k\u0131z\u0131n e\u011fitimle bulu\u015fmas\u0131n\u0131 sa\u011flayan \u00c7YDD Ba\u015fkan\u0131 Prof. Dr. T\u00fcrkan Saylan&#8217;\u0131n oldu. 20 y\u0131l \u00f6nce kurulan \u00c7YDD, sa\u011flad\u0131\u011f\u0131 burslarla 36 bin k\u0131z \u00e7ocu\u011funun hayat\u0131n\u0131 de\u011fi\u015ftirdi. Hedef, 100 bin k\u0131z \u00e7ocu\u011funa ula\u015fmak. Saylan kazand\u0131\u011f\u0131 100 bin dolar para \u00f6d\u00fcl\u00fcn\u00fc de bu u\u011furda harcayacak, para k\u0131z \u00e7ocuklar\u0131na burs olarak geri d\u00f6necek: <!--more--><br \/>\n&#8220;Para k\u0131zlara gidecek, elimize ge\u00e7en bir kuru\u015fu bile oraya koyuyoruz. Onlar i\u00e7in iyi \u015feyler olacak. Burs olarak kullan\u0131lacak. Kimsenin pamuk eli cebine gitmedi\u011fi i\u00e7in bari benim elim cebime gitsin. B\u00f6yle bir ba\u015flang\u0131\u00e7 yapal\u0131m ba\u015fkalar\u0131 bakal\u0131m ne yapacak. \u0130n\u015fallah kampanya gibi devam edebilir&#8221; diye konu\u015ftu.\n<\/p>\n<p style=\"text-align: justify;\">T\u00fcrkiye&#8217;de e\u011fitimsizli\u011fin derinle\u015fti\u011fini s\u00f6yleyen Prof. Dr. Saylan, eksiklikleri ise \u015f\u00f6yle anlatt\u0131:<\/p>\n<p style=\"text-align: justify;\">&#8220;Bir k\u0131za ula\u015f\u0131yorsunuz ama arkada be\u015f karde\u015fi daha var. Okulsuz k\u00f6y kalmamas\u0131 laz\u0131m. K\u00f6y okulunda \u00f6\u011fretmenin kalabilmesi i\u00e7in lojman laz\u0131m. 5 bin k\u00f6y\u00fcm\u00fczde lojman yok. Her biri 30-40 milyara \u00e7\u0131ksa, prefabrik iki odal\u0131 lojmanlar yap\u0131labilir. \u00d6\u011fretmen k\u00f6yde kal\u0131nca k\u00f6y\u00fcn kalk\u0131nmas\u0131n\u0131 sa\u011fl\u0131yor. Yat\u0131l\u0131 B\u00f6lge \u0130lk\u00f6\u011fretim Okullar\u0131m\u0131z\u0131 adam etmemiz laz\u0131m. H\u00e2l\u00e2 bu k\u0131zlar\u0131 tarikatlara cemaatlere nas\u0131l \u00e7ekeriz diye d\u00fc\u015f\u00fcn\u00fcyorlar.&#8221;<\/p>\n<p style=\"text-align: justify;\"><span style=\"color: #888888;\">Kaynak : UMAY AKTA\u015e SALMAN \/ Radikal Gazetesi<\/span><\/p>\n","protected":false},"excerpt":{"rendered":"<p style=\"text-align: justify;\">\n<p style=\"text-align: justify;\">T\u00fcrkan Saylan, Vehbi Ko\u00e7 \u00d6d\u00fcl\u00fc olan 100 bin dolar\u0131 k\u0131zlar\u0131 okutmaya harcayacak: Kimsenin pamuk eli cebine gitmiyor bari benim elim gitsin&#8230;<\/p>\n<p style=\"text-align: justify;\">Vehbi Ko\u00e7 \u00d6d\u00fcl\u00fc&#8217;ne lay\u0131k g\u00f6r\u00fclen \u00c7a\u011fda\u015f Ya\u015fam\u0131 Destekleme Derne\u011fi (\u00c7YDD) Ba\u015fkan\u0131 Prof. Dr. T\u00fcrkan Saylan, 100 bin dolarl\u0131k para \u00f6d\u00fcl\u00fcn\u00fc yine e\u011fitim i\u00e7in harcayacak. Saylan Radikal&#8217;in paray\u0131 <\/p>\n","protected":false},"author":1,"featured_media":0,"comment_status":"open","ping_status":"closed","sticky":false,"template":"","format":"standard","meta":{"footnotes":""},"categories":[8],"tags":[],"class_list":["post-4173","post","type-post","status-publish","format-standard","hentry","category-kultur-sanat","odd"],"_links":{"self":[{"href":"http:\/\/www.korhanyilmaz.com\/index.php?rest_route=\/wp\/v2\/posts\/4173","targetHints":{"allow":["GET"]}}],"collection":[{"href":"http:\/\/www.korhanyilmaz.com\/index.php?rest_route=\/wp\/v2\/posts"}],"about":[{"href":"http:\/\/www.korhanyilmaz.com\/index.php?rest_route=\/wp\/v2\/types\/post"}],"author":[{"embeddable":true,"href":"http:\/\/www.korhanyilmaz.com\/index.php?rest_route=\/wp\/v2\/users\/1"}],"replies":[{"embeddable":true,"href":"http:\/\/www.korhanyilmaz.com\/index.php?rest_route=%2Fwp%2Fv2%2Fcomments&post=4173"}],"version-history":[{"count":0,"href":"http:\/\/www.korhanyilmaz.com\/index.php?rest_route=\/wp\/v2\/posts\/4173\/revisions"}],"wp:attachment":[{"href":"http:\/\/www.korhanyilmaz.com\/index.php?rest_route=%2Fwp%2Fv2%2Fmedia&parent=4173"}],"wp:term":[{"taxonomy":"category","embeddable":true,"href":"http:\/\/www.korhanyilmaz.com\/index.php?rest_route=%2Fwp%2Fv2%2Fcategories&post=4173"},{"taxonomy":"post_tag","embeddable":true,"href":"http:\/\/www.korhanyilmaz.com\/index.php?rest_route=%2Fwp%2Fv2%2Ftags&post=4173"}],"curies":[{"name":"wp","href":"https:\/\/api.w.org\/{rel}","templated":true}]}}