{"id":41727,"date":"2011-10-28T15:31:20","date_gmt":"2011-10-28T12:31:20","guid":{"rendered":"http:\/\/www.korhanyilmaz.com\/?p=41727"},"modified":"2011-10-29T01:30:11","modified_gmt":"2011-10-28T22:30:11","slug":"rengim-gokmen-gorevden-alindi","status":"publish","type":"post","link":"http:\/\/www.korhanyilmaz.com\/?p=41727","title":{"rendered":"Rengim G\u00f6kmen g\u00f6revden al\u0131nd\u0131"},"content":{"rendered":"<p style=\"text-align: center;\"><a href=\"http:\/\/www.korhanyilmaz.com\/wp-content\/uploads\/2011\/10\/3046.jpg\"  class=\"lightview\"><img loading=\"lazy\" decoding=\"async\" class=\"aligncenter  wp-image-41728\" src=\"http:\/\/www.korhanyilmaz.com\/wp-content\/uploads\/2011\/10\/3046.jpg\" alt=\"\" width=\"396\" height=\"180\" \/><\/a><\/p>\n<p style=\"text-align: justify;\">Devlet Opera ve Balesi Genel M\u00fcd\u00fcr\u00fc ve Cumhurba\u015fkanl\u0131\u011f\u0131 Senfoni Orkestras\u0131\u2019n\u0131n M\u00fczik Direkt\u00f6r\u00fc Rengim G\u00f6kmen CSO\u2019daki g\u00f6revinden al\u0131nd\u0131.<\/p>\n<p style=\"text-align: justify;\">ANKARA- Devlet Opera ve Balesi (DOB) Genel M\u00fcd\u00fcr\u00fc ve Cumhurba\u015fkanl\u0131\u011f\u0131 Senfoni Orkestras\u0131\u2019n\u0131n (CSO) M\u00fczik Direkt\u00f6r\u00fc Rengim G\u00f6kmen, K\u00fclt\u00fcr ve Turizm Bakanl\u0131\u011f\u0131\u2019nca CSO\u2019daki g\u00f6revinden al\u0131nd\u0131.<!--more--><\/p>\n<p style=\"text-align: justify;\">Cumhuriyet gazetesinin haberine g\u00f6re, G\u00f6kmen, g\u00f6revden al\u0131nmas\u0131yla ilgili \u201c\u00c7al\u0131\u015fmalar\u0131m\u0131n farkl\u0131 de\u011ferlendirilmesini istiyordum. \u00c7ok \u00fczg\u00fcn ve k\u0131rg\u0131n\u0131m\u201d dedi. G\u00f6kmen, CSO\u2019nun m\u00fczik direkt\u00f6rl\u00fc\u011f\u00fc g\u00f6revini y\u00fcr\u00fct\u00fcyordu. G\u00f6kmen\u2019in CSO\u2019nun direkt\u00f6rl\u00fc\u011f\u00fc d\u00f6neminde CSO\u2019da \u00f6nemli ba\u015far\u0131lara imza at\u0131ld\u0131.<\/p>\n<p style=\"text-align: justify;\">Edinilen bilgiye g\u00f6re G\u00f6kmen, K\u00fclt\u00fcr ve Turizm Bakanl\u0131\u011f\u0131\u2019ndaki \u201cbask\u0131lar\u201d nedeniyle g\u00f6revi b\u0131rakmak zorunda kald\u0131. G\u00f6kmen\u2019in yerine ise CSO\u2019ya, ge\u00e7en g\u00fcnlerde K\u00fclt\u00fcr ve Turizm Bakanl\u0131\u011f\u0131 G\u00fczel Sanatlar Genel M\u00fcd\u00fcrl\u00fc\u011f\u00fc\u2019ne atanan \u015fef Erol Erdin\u00e7\u2019in ge\u00e7ece\u011fi belirtiliyor.<\/p>\n<p style=\"text-align: justify;\"><a href=\"http:\/\/www.gazeteport.com.tr\/haber\/60110\/rengim_gokmen_gorevden_alindi\" target=\"_blank\">Kaynak : GAZETEPORT<\/a><\/p>\n","protected":false},"excerpt":{"rendered":"<p style=\"text-align: center;\">\n<p style=\"text-align: justify;\">Devlet Opera ve Balesi Genel M\u00fcd\u00fcr\u00fc ve Cumhurba\u015fkanl\u0131\u011f\u0131 Senfoni Orkestras\u0131\u2019n\u0131n M\u00fczik Direkt\u00f6r\u00fc Rengim G\u00f6kmen CSO\u2019daki g\u00f6revinden al\u0131nd\u0131.<\/p>\n<p style=\"text-align: justify;\">ANKARA- Devlet Opera ve Balesi (DOB) Genel M\u00fcd\u00fcr\u00fc ve Cumhurba\u015fkanl\u0131\u011f\u0131 Senfoni Orkestras\u0131\u2019n\u0131n (CSO) M\u00fczik Direkt\u00f6r\u00fc Rengim G\u00f6kmen, K\u00fclt\u00fcr ve Turizm Bakanl\u0131\u011f\u0131\u2019nca CSO\u2019daki g\u00f6revinden al\u0131nd\u0131.<\/p>\n","protected":false},"author":1,"featured_media":0,"comment_status":"open","ping_status":"open","sticky":false,"template":"","format":"standard","meta":{"footnotes":""},"categories":[105],"tags":[],"class_list":["post-41727","post","type-post","status-publish","format-standard","hentry","category-gundem","odd"],"_links":{"self":[{"href":"http:\/\/www.korhanyilmaz.com\/index.php?rest_route=\/wp\/v2\/posts\/41727","targetHints":{"allow":["GET"]}}],"collection":[{"href":"http:\/\/www.korhanyilmaz.com\/index.php?rest_route=\/wp\/v2\/posts"}],"about":[{"href":"http:\/\/www.korhanyilmaz.com\/index.php?rest_route=\/wp\/v2\/types\/post"}],"author":[{"embeddable":true,"href":"http:\/\/www.korhanyilmaz.com\/index.php?rest_route=\/wp\/v2\/users\/1"}],"replies":[{"embeddable":true,"href":"http:\/\/www.korhanyilmaz.com\/index.php?rest_route=%2Fwp%2Fv2%2Fcomments&post=41727"}],"version-history":[{"count":0,"href":"http:\/\/www.korhanyilmaz.com\/index.php?rest_route=\/wp\/v2\/posts\/41727\/revisions"}],"wp:attachment":[{"href":"http:\/\/www.korhanyilmaz.com\/index.php?rest_route=%2Fwp%2Fv2%2Fmedia&parent=41727"}],"wp:term":[{"taxonomy":"category","embeddable":true,"href":"http:\/\/www.korhanyilmaz.com\/index.php?rest_route=%2Fwp%2Fv2%2Fcategories&post=41727"},{"taxonomy":"post_tag","embeddable":true,"href":"http:\/\/www.korhanyilmaz.com\/index.php?rest_route=%2Fwp%2Fv2%2Ftags&post=41727"}],"curies":[{"name":"wp","href":"https:\/\/api.w.org\/{rel}","templated":true}]}}