{"id":41723,"date":"2011-10-28T15:21:29","date_gmt":"2011-10-28T12:21:29","guid":{"rendered":"http:\/\/www.korhanyilmaz.com\/?p=41723"},"modified":"2011-10-29T01:18:10","modified_gmt":"2011-10-28T22:18:10","slug":"istanbulda-kck-operasyonu","status":"publish","type":"post","link":"http:\/\/www.korhanyilmaz.com\/?p=41723","title":{"rendered":"\u0130stanbul&#8217;da KCK operasyonu"},"content":{"rendered":"<p style=\"text-align: justify;\"><a href=\"http:\/\/www.korhanyilmaz.com\/wp-content\/uploads\/2011\/10\/3045.jpg\"  class=\"lightview\"><img loading=\"lazy\" decoding=\"async\" class=\"aligncenter size-full wp-image-41724\" title=\"\" src=\"http:\/\/www.korhanyilmaz.com\/wp-content\/uploads\/2011\/10\/3045.jpg\" alt=\"\" width=\"313\" height=\"240\" \/><\/a><\/p>\n<p style=\"text-align: justify;\">\u0130stanbul Cumhuriyet Ba\u015fsavc\u0131l\u0131\u011f\u0131 taraf\u0131ndan PKK\u2019n\u0131n \u015fehir yap\u0131lanmas\u0131 oldu\u011fu iddia edilen KCK\u2019ya y\u00f6nelik soru\u015fturma kapsam\u0131nda ikinci operasyon yap\u0131l\u0131yor. Operasyonda 70&#8217;e yak\u0131n ki\u015finin g\u00f6zalt\u0131na al\u0131naca\u011f\u0131 \u00f6\u011frenildi. \u015eu ana kadar g\u00f6zalt\u0131na al\u0131nan 41 ki\u015fi aras\u0131nda BDP Anayasa Haz\u0131rl\u0131k Komisyonu \u00fcyesi Prof. Dr. B\u00fc\u015fra Ersanl\u0131 da var.\u00a0<!--more--><\/p>\n<p style=\"text-align: justify;\">\u0130stanbul Cumhuriyet Ba\u015fsavc\u0131l\u0131\u011f\u0131\u2019n\u0131n talimat\u0131 do\u011frultusunda \u0130stanbul ba\u015fta olmak \u00fczere yurt genelinde KCK\u2019ya y\u00f6nelik e\u015fzamanl\u0131 operasyonlar d\u00fczenlendi. \u0130stanbul\u2019da aralar\u0131nda \u00dcmraniye\u2019de bulunan BDP \u0130stanbul Siyaset Akademisi, \u00dcmraniye BDP (Bar\u0131\u015f ve Demokrasi Partisi) il\u00e7e binas\u0131, BDP Ata\u015fehir \u0130l\u00e7e binas\u0131, ve k\u00fclt\u00fcr merkezleri olmak \u00fczere \u00e7ok say\u0131da i\u015fyeri ve eve bask\u0131n yap\u0131ld\u0131. Haklar\u0131nda yakalama karar\u0131 bulunan 41 ki\u015fi g\u00f6zalt\u0131na al\u0131narak Vatan Caddesi\u2019nde bulunan Ter\u00f6rle M\u00fccadele \u015eube M\u00fcd\u00fcrl\u00fc\u011f\u00fc\u2019ne g\u00f6t\u00fcr\u00fcld\u00fc. \u015e\u00fcphelilerin aras\u0131nda BDP Ata\u015fehir \u0130l\u00e7e Ba\u015fkan\u0131 K.B\u2019nin de bulundu\u011fu \u00f6\u011frenildi. \u0130stanbul ba\u015fta olmak \u00fczere \u00e7e\u015fitli illerde ba\u015flat\u0131lan operasyon kapsam\u0131nda 70\u2019e yak\u0131n \u015f\u00fcphelinin g\u00f6zalt\u0131na al\u0131naca\u011f\u0131 kaydedildi. Bir\u00e7ok ev ve i\u015fyerinde de arama yap\u0131ld\u0131\u011f\u0131 belirtildi.<\/p>\n<p style=\"text-align: justify;\">\u0130stanbul\u2019da 4 Ekim&#8217;deki ilk KCK operasyonunda \u0130stihbarat \u015eube M\u00fcd\u00fcrl\u00fc\u011f\u00fc ve Ter\u00f6rle M\u00fccadele \u015eube M\u00fcd\u00fcrl\u00fc\u011f\u00fc ekipleri, Ba\u011fc\u0131lar, Esenyurt, Arnavutk\u00f6y, \u00dcsk\u00fcdar, Beyo\u011flu, \u015ei\u015fli, Gaziosmanpa\u015fa, Bayrampa\u015fa ve Sultangazi il\u00e7elerinde tespit edilen adreslere e\u015f zamanl\u0131 operasyon d\u00fczenlemi\u015f, \u00d6zel hareket polislerinin de destek verdi\u011fi bask\u0131nda aralar\u0131nda Bar\u0131\u015f ve Demokrasi Partisi\u2019nin (BDP) baz\u0131 \u00fcyeleri ve il\u00e7e ba\u015fkanlar\u0131n\u0131n da bulundu\u011fu yakla\u015f\u0131k 96 ki\u015fi g\u00f6zalt\u0131na al\u0131nm\u0131\u015ft\u0131.<\/p>\n<p style=\"text-align: justify;\"><strong>BDP Parti Meclisi \u00fcyesi Prof. Dr. Ersanl\u0131 da g\u00f6zalt\u0131nda\u00a0<\/strong><\/p>\n<p style=\"text-align: justify;\">KCK operasyonlar\u0131 ad\u0131 alt\u0131nda \u201cBa\u015fbakan&#8217;\u0131n hedef g\u00f6stermesi nedeniyle hala g\u00f6zalt\u0131lar\u0131n s\u00fcrd\u00fc\u011f\u00fcn\u00fc\u201d savunan BDP Genel Ba\u015fkan\u0131 Selahattin Demirta\u015f, bu sabah \u0130stanbul&#8217;da operasyonlar yap\u0131ld\u0131\u011f\u0131n\u0131 ve bir \u00e7ok ki\u015finin g\u00f6zalt\u0131na al\u0131nd\u0131\u011f\u0131n\u0131 s\u00f6yledi. BDP Parti Meclisi \u00fcyesi Prof. Dr. B\u00fc\u015fra Ersanl\u0131&#8217;n\u0131n da Dat\u00e7a&#8217;daki evinde g\u00f6zalt\u0131na al\u0131nd\u0131\u011f\u0131n\u0131 iddia eden Demirta\u015f, \u201cSay\u0131n Ersanl\u0131 genel merkezimizdeki anayasa haz\u0131rl\u0131k komisyonu \u00fcyemiz. T\u00fcrkiye&#8217;nin yeni anayasas\u0131n\u0131 yapma s\u00fcrecinde aktif rol \u00fcstlenmi\u015f akademisyenlerden birisi. Bu ko\u015fullar\u0131n demokratik oldu\u011funu ifade ediyorlar ve bizim komisyon \u00fcyemiz g\u00f6zalt\u0131na al\u0131n\u0131yor\u201d dedi.<\/p>\n<p style=\"text-align: justify;\">B\u00fct\u00fcn tutuklularla birlikte say\u0131n Ersanl\u0131&#8217;n\u0131n da derhal serbest b\u0131rak\u0131lmas\u0131n\u0131 beklediklerini belirten Demirta\u015f, \u201cBu hukuksuzlu\u011fa, ciddiyetsizli\u011fe, ahlaks\u0131zl\u0131\u011fa art\u0131k &#8216;dur&#8217; diyoruz. Biz H\u00fck\u00fcmetin hukuku de\u011fil evrensel hukuk i\u015flesin diyoruz. Bu s\u00fcre\u00e7 i\u015flerse kimse T\u00fcrkiye&#8217;de sa\u011fl\u0131kl\u0131 bir anayasa s\u00fcrecinin y\u00fcr\u00fcd\u00fc\u011f\u00fcnden veya y\u00fcr\u00fcyebilece\u011finden s\u00f6z edemez. Bu ko\u015fullarda anayasay\u0131 tart\u0131\u015fmak giderek imkans\u0131z hale geliyor\u201d diye konu\u015ftu.<\/p>\n<p style=\"text-align: justify;\">Meselinin \u201c\u00e7ok kritik\u201d oldu\u011funu ve anayasa \u00e7al\u0131\u015fmalar\u0131n\u0131 do\u011frudan etkileyece\u011fini s\u00f6yleyen Demirta\u015f, \u201cBu tutuklamalar, g\u00f6zalt\u0131lar b\u00f6yle devam ederse BDP olarak anayasa \u00e7al\u0131\u015fmas\u0131na verebilece\u011fimiz parti kadromuz kalmam\u0131\u015f olacakt\u0131r\u201d dedi.<\/p>\n<p style=\"text-align: justify;\"><a href=\"http:\/\/www.cnnturk.com\/2011\/turkiye\/10\/28\/istanbulda.kck.operasyonu\/634806.0\/index.html\" target=\"_blank\">Kaynak : CNN T\u00dcRK<\/a><\/p>\n","protected":false},"excerpt":{"rendered":"<p style=\"text-align: justify;\">\n<p style=\"text-align: justify;\">\u0130stanbul Cumhuriyet Ba\u015fsavc\u0131l\u0131\u011f\u0131 taraf\u0131ndan PKK\u2019n\u0131n \u015fehir yap\u0131lanmas\u0131 oldu\u011fu iddia edilen KCK\u2019ya y\u00f6nelik soru\u015fturma kapsam\u0131nda ikinci operasyon yap\u0131l\u0131yor. Operasyonda 70&#8217;e yak\u0131n ki\u015finin g\u00f6zalt\u0131na al\u0131naca\u011f\u0131 \u00f6\u011frenildi. \u015eu ana kadar g\u00f6zalt\u0131na al\u0131nan 41 ki\u015fi aras\u0131nda BDP Anayasa Haz\u0131rl\u0131k Komisyonu \u00fcyesi Prof. Dr. B\u00fc\u015fra Ersanl\u0131 da var. <\/p>\n","protected":false},"author":1,"featured_media":0,"comment_status":"open","ping_status":"open","sticky":false,"template":"","format":"standard","meta":{"footnotes":""},"categories":[105],"tags":[],"class_list":["post-41723","post","type-post","status-publish","format-standard","hentry","category-gundem","odd"],"_links":{"self":[{"href":"http:\/\/www.korhanyilmaz.com\/index.php?rest_route=\/wp\/v2\/posts\/41723","targetHints":{"allow":["GET"]}}],"collection":[{"href":"http:\/\/www.korhanyilmaz.com\/index.php?rest_route=\/wp\/v2\/posts"}],"about":[{"href":"http:\/\/www.korhanyilmaz.com\/index.php?rest_route=\/wp\/v2\/types\/post"}],"author":[{"embeddable":true,"href":"http:\/\/www.korhanyilmaz.com\/index.php?rest_route=\/wp\/v2\/users\/1"}],"replies":[{"embeddable":true,"href":"http:\/\/www.korhanyilmaz.com\/index.php?rest_route=%2Fwp%2Fv2%2Fcomments&post=41723"}],"version-history":[{"count":0,"href":"http:\/\/www.korhanyilmaz.com\/index.php?rest_route=\/wp\/v2\/posts\/41723\/revisions"}],"wp:attachment":[{"href":"http:\/\/www.korhanyilmaz.com\/index.php?rest_route=%2Fwp%2Fv2%2Fmedia&parent=41723"}],"wp:term":[{"taxonomy":"category","embeddable":true,"href":"http:\/\/www.korhanyilmaz.com\/index.php?rest_route=%2Fwp%2Fv2%2Fcategories&post=41723"},{"taxonomy":"post_tag","embeddable":true,"href":"http:\/\/www.korhanyilmaz.com\/index.php?rest_route=%2Fwp%2Fv2%2Ftags&post=41723"}],"curies":[{"name":"wp","href":"https:\/\/api.w.org\/{rel}","templated":true}]}}