{"id":41719,"date":"2011-10-28T19:22:57","date_gmt":"2011-10-28T16:22:57","guid":{"rendered":"http:\/\/www.korhanyilmaz.com\/?p=41719"},"modified":"2011-10-29T00:25:07","modified_gmt":"2011-10-28T21:25:07","slug":"kalkinma-bakanligindaki-skandala-aciklama","status":"publish","type":"post","link":"http:\/\/www.korhanyilmaz.com\/?p=41719","title":{"rendered":"Kalk\u0131nma Bakanl\u0131\u011f\u0131&#8217;ndaki skandala a\u00e7\u0131klama"},"content":{"rendered":"<p style=\"text-align: justify;\"><a href=\"http:\/\/www.korhanyilmaz.com\/wp-content\/uploads\/2011\/10\/3044.jpg\"  class=\"lightview\"><img loading=\"lazy\" decoding=\"async\" class=\"aligncenter size-full wp-image-41720\" title=\"\" src=\"http:\/\/www.korhanyilmaz.com\/wp-content\/uploads\/2011\/10\/3044.jpg\" alt=\"\" width=\"292\" height=\"278\" \/><\/a><\/p>\n<p style=\"text-align: justify;\">Kalk\u0131nma Bakanl\u0131\u011f\u0131, Bakan Cevdet Y\u0131lmaz&#8217;a yeni makam odas\u0131 d\u00fczenlemesi s\u0131ras\u0131nda kolon ve kiri\u015f kesildi\u011fi iddialar\u0131na ili\u015fkin, bakanl\u0131k \u00e7al\u0131\u015fanlar\u0131n\u0131n can ve mal g\u00fcvenli\u011fini tehlikeye sokacak bir \u00e7al\u0131\u015fman\u0131n s\u00f6z konusu olmad\u0131\u011f\u0131 duyuruldu.\u00a0<!--more--><\/p>\n<p style=\"text-align: justify;\">Kalk\u0131nma Bakanl\u0131\u011f\u0131&#8217;ndan konuyla ilgili yap\u0131lan yaz\u0131l\u0131 a\u00e7\u0131klamada, bug\u00fcn \u00e7e\u015fitli bas\u0131n yay\u0131n organlar\u0131nda, bakanl\u0131k binas\u0131nda Cevdet Y\u0131lmaz&#8217;a daha geni\u015f ve rahat bir makam odas\u0131 in\u015fa edilmesi amac\u0131yla \u00e7ok say\u0131da kolon ve kiri\u015fin kesildi\u011fi iddialar\u0131n\u0131n yer ald\u0131\u011f\u0131n\u0131n \u00fcz\u00fcnt\u00fcyle g\u00f6zlendi\u011fi belirtildi.<\/p>\n<p style=\"text-align: justify;\">A\u00e7\u0131klamada, \u015funlar kaydedildi: &#8220;Malumlar\u0131 oldu\u011fu \u00fczere Kalk\u0131nma Bakanl\u0131\u011f\u0131 8 Haziran 2011 tarihli 27958 say\u0131l\u0131 M\u00fckerrer Resmi Gazetede yay\u0131mlanan 641 say\u0131l\u0131 kanun h\u00fckm\u00fcnde Kararname ile kurulmu\u015ftur. Bu \u00e7er\u00e7evede daha \u00f6nce Devlet Planlama Te\u015fkilat\u0131 M\u00fcste\u015farl\u0131\u011f\u0131 olarak hizmet g\u00f6rmekte olan bina Kalk\u0131nma Bakanl\u0131\u011f\u0131;na tahsis edilmi\u015ftir. Kamuoyunun da takdir edece\u011fi \u00fczere an\u0131lan binan\u0131n Bakanl\u0131k olarak yeniden \u00f6rg\u00fctlenmesini m\u00fcmk\u00fcn k\u0131lacak baz\u0131 fiziksel d\u00fczenlemeler ka\u00e7\u0131n\u0131lmaz olmu\u015ftur. Yap\u0131lan \u00e7al\u0131\u015fmalar Bakanl\u0131\u011f\u0131n t\u00fcm birimleriyle (Bakan Yard\u0131mc\u0131s\u0131, M\u00fcste\u015far, M\u00fc\u015favir vb.) sa\u011fl\u0131kl\u0131 \u00e7al\u0131\u015fmas\u0131n\u0131 m\u00fcmk\u00fcn k\u0131lacak d\u00fczenlemelerden ibarettir.<\/p>\n<p style=\"text-align: justify;\">Bu \u00e7al\u0131\u015fmalar esnas\u0131nda iddia edildi\u011fi \u00fczere Bakanl\u0131\u011f\u0131m\u0131z \u00e7al\u0131\u015fanlar\u0131n\u0131n can ve mal g\u00fcvenli\u011fini tehlikeye sokacak herhangi bir d\u00fczenleme yap\u0131lmas\u0131 s\u00f6z konusu de\u011fildir. Buna mukabil Bakanl\u0131\u011f\u0131m\u0131z \u00e7al\u0131\u015fanlar\u0131nda ve kamuoyunda bu haberler \u00fczerine olu\u015fabilecek hassasiyeti g\u00f6z \u00f6n\u00fcnde bulundurarak Say\u0131n Bakan\u0131m\u0131z yetkililere mezkur iddialar\u0131 a\u00e7\u0131kl\u0131\u011fa kavu\u015fturacak teknik bir \u00e7al\u0131\u015fman\u0131n teyiden yap\u0131lmas\u0131n\u0131 talimat etmi\u015flerdir.&#8221;<\/p>\n<p style=\"text-align: justify;\"><a href=\"http:\/\/www.cnnturk.com\/2011\/turkiye\/10\/28\/kalkinma.bakanligindaki.skandala.aciklama\/634860.0\/index.html\" target=\"_blank\">Kaynak : CNN T\u00dcRK<\/a><\/p>\n","protected":false},"excerpt":{"rendered":"<p style=\"text-align: justify;\">\n<p style=\"text-align: justify;\">Kalk\u0131nma Bakanl\u0131\u011f\u0131, Bakan Cevdet Y\u0131lmaz&#8217;a yeni makam odas\u0131 d\u00fczenlemesi s\u0131ras\u0131nda kolon ve kiri\u015f kesildi\u011fi iddialar\u0131na ili\u015fkin, bakanl\u0131k \u00e7al\u0131\u015fanlar\u0131n\u0131n can ve mal g\u00fcvenli\u011fini tehlikeye sokacak bir \u00e7al\u0131\u015fman\u0131n s\u00f6z konusu olmad\u0131\u011f\u0131 duyuruldu. <\/p>\n","protected":false},"author":1,"featured_media":0,"comment_status":"open","ping_status":"open","sticky":false,"template":"","format":"standard","meta":{"footnotes":""},"categories":[105],"tags":[],"class_list":["post-41719","post","type-post","status-publish","format-standard","hentry","category-gundem","odd"],"_links":{"self":[{"href":"http:\/\/www.korhanyilmaz.com\/index.php?rest_route=\/wp\/v2\/posts\/41719","targetHints":{"allow":["GET"]}}],"collection":[{"href":"http:\/\/www.korhanyilmaz.com\/index.php?rest_route=\/wp\/v2\/posts"}],"about":[{"href":"http:\/\/www.korhanyilmaz.com\/index.php?rest_route=\/wp\/v2\/types\/post"}],"author":[{"embeddable":true,"href":"http:\/\/www.korhanyilmaz.com\/index.php?rest_route=\/wp\/v2\/users\/1"}],"replies":[{"embeddable":true,"href":"http:\/\/www.korhanyilmaz.com\/index.php?rest_route=%2Fwp%2Fv2%2Fcomments&post=41719"}],"version-history":[{"count":0,"href":"http:\/\/www.korhanyilmaz.com\/index.php?rest_route=\/wp\/v2\/posts\/41719\/revisions"}],"wp:attachment":[{"href":"http:\/\/www.korhanyilmaz.com\/index.php?rest_route=%2Fwp%2Fv2%2Fmedia&parent=41719"}],"wp:term":[{"taxonomy":"category","embeddable":true,"href":"http:\/\/www.korhanyilmaz.com\/index.php?rest_route=%2Fwp%2Fv2%2Fcategories&post=41719"},{"taxonomy":"post_tag","embeddable":true,"href":"http:\/\/www.korhanyilmaz.com\/index.php?rest_route=%2Fwp%2Fv2%2Ftags&post=41719"}],"curies":[{"name":"wp","href":"https:\/\/api.w.org\/{rel}","templated":true}]}}