{"id":41715,"date":"2011-10-28T16:48:28","date_gmt":"2011-10-28T13:48:28","guid":{"rendered":"http:\/\/www.korhanyilmaz.com\/?p=41715"},"modified":"2011-10-28T23:55:07","modified_gmt":"2011-10-28T20:55:07","slug":"osmaniyede-polise-silahli-saldiri-2-sehit","status":"publish","type":"post","link":"http:\/\/www.korhanyilmaz.com\/?p=41715","title":{"rendered":"Osmaniye&#8217;de polise silahl\u0131 sald\u0131r\u0131: 2 \u015fehit"},"content":{"rendered":"<p style=\"text-align: justify;\"><a href=\"http:\/\/www.korhanyilmaz.com\/wp-content\/uploads\/2011\/10\/3043.jpg\"  class=\"lightview\"><img loading=\"lazy\" decoding=\"async\" class=\"aligncenter size-full wp-image-41716\" title=\"\" src=\"http:\/\/www.korhanyilmaz.com\/wp-content\/uploads\/2011\/10\/3043.jpg\" alt=\"\" width=\"292\" height=\"278\" \/><\/a><\/p>\n<p style=\"text-align: justify;\">Osmaniye\u2019de Kredi ve Yurtlar Kurumu\u2019na ait \u00f6\u011frenci yurdunun \u00f6n\u00fcnde g\u00f6rev yapan 3 trafik polisine PKK\u2019l\u0131 ter\u00f6ristlerce uzun namlulu silahlarla ate\u015f a\u00e7\u0131ld\u0131. Sald\u0131r\u0131da 2 polis memuru \u015fehit oldu, 1 polis memuru da a\u011f\u0131r yaraland\u0131. Ka\u00e7an ter\u00f6ristlerden 1\u2019i \u00e7\u0131kan \u00e7at\u0131\u015fmada \u00f6l\u00fc olarak ele ge\u00e7irildi.<!--more--><\/p>\n<p style=\"text-align: justify;\">Olay, saat 13.15 s\u0131ralar\u0131nda merkez Fak\u0131u\u015fa\u011f\u0131 Mahallesi\u2019ndeki \u00fcniversite b\u00f6lgesindeki Kredi ve Yurtlar Kurumu\u2019na ait \u00f6\u011frenci yurdu \u00f6n\u00fcnde meydana geldi. Hen\u00fcz plakas\u0131 belirlenemeyen hafif ticari ara\u00e7la gelen ve 4 ki\u015fi oldu\u011fu san\u0131lan PKK\u2019l\u0131 ter\u00f6ristler, yol kenar\u0131na park ettikleri 80 A 5440 plakal\u0131 resmi otomobilden inerek yurt binas\u0131 \u00f6n\u00fcnde g\u00f6rev yapan 3 trafik polisine uzun namlulu silahlarla ate\u015f a\u00e7t\u0131. Sald\u0131r\u0131da 2 polis memuru olay yerinde \u015fehit olurken, 1 polis memuru da a\u011f\u0131r yaraland\u0131. Sald\u0131rganlar, olay yerinden geldikleri ara\u00e7la h\u0131zla uzakla\u015ft\u0131.<\/p>\n<p style=\"text-align: justify;\">Amanos Da\u011flar\u0131\u2019n\u0131n ete\u011findeki Zorkun Yaylas\u0131\u2019na do\u011fru ka\u00e7an PKK\u2019l\u0131lar, ara\u00e7lar\u0131n\u0131 Orman \u0130\u015fletme M\u00fcd\u00fcrl\u00fc\u011f\u00fc\u2019n\u00fcn yak\u0131nlar\u0131nda terk ederek yaya olarak orman\u0131n i\u00e7ine girdi. Jandarma ve polisin \u00d6zel Hareket timleri de b\u00f6lgeye sevk edildi. G\u00fcvenlik g\u00fc\u00e7leri, Karacalar Mevkii\u2019nde kar\u015f\u0131la\u015ft\u0131klar\u0131 ter\u00f6ristlerle \u00e7at\u0131\u015fmaya girdi. \u00c7at\u0131\u015fmada 1 ter\u00f6rist \u00f6l\u00fc olarak ge\u00e7irildi, di\u011ferleri ise s\u0131k orman\u0131n i\u00e7ine ka\u00e7t\u0131.<\/p>\n<p style=\"text-align: justify;\">29 Ekim Cumhuriyet Bayram\u0131 etkinlikleri s\u0131ras\u0131nda sald\u0131r\u0131y\u0131 duyan Osmaniye Emniyet M\u00fcd\u00fcr\u00fc Tayfur Erdal Ceren de olay yerine gelerek sald\u0131r\u0131 ve operasyonla ilgili bilgi ald\u0131.<\/p>\n<p style=\"text-align: justify;\"><strong>4 ki\u015filik grup\u00a0<\/strong><\/p>\n<p style=\"text-align: justify;\">\u0130\u00e7i\u015fleri Bakan\u0131 \u0130dris Naim \u015eahin, ter\u00f6ristlerin 4 ki\u015filik bir grup oldu\u011funu belirterek, ka\u00e7an ter\u00f6ristlerin yakalanmas\u0131 i\u00e7in operasyonlar\u0131n s\u00fcrd\u00fcr\u00fcld\u00fc\u011f\u00fcn\u00fc bildirdi.<\/p>\n<p style=\"text-align: justify;\">Bakan \u015eahin, AA muhabirine yapt\u0131\u011f\u0131 a\u00e7\u0131klamada, Osmaniye&#8217;de yol kontrol\u00fc yapan trafik ekibine y\u00f6nelik d\u00fczenlenen sald\u0131r\u0131da, 2 polisin \u015fehit oldu\u011funu, ka\u00e7an ter\u00f6ristlerin takibi s\u0131ras\u0131nda 1 ter\u00f6ristin de silah\u0131yla birlikte etkisiz hale getirildi\u011fini s\u00f6yledi.<\/p>\n<p style=\"text-align: justify;\">G\u00f6rg\u00fc tan\u0131klar\u0131n\u0131n ifadesine g\u00f6re ter\u00f6ristlerin 4 ki\u015filik bir grup oldu\u011funu kaydeden \u015eahin, sald\u0131r\u0131n\u0131n ard\u0131ndan ka\u00e7an ter\u00f6ristlerin yakalanmas\u0131 i\u00e7in operasyonlar\u0131n s\u00fcrd\u00fcr\u00fcld\u00fc\u011f\u00fcn\u00fc aktard\u0131.<\/p>\n<p style=\"text-align: justify;\"><a href=\"http:\/\/www.cnnturk.com\/2011\/turkiye\/10\/28\/osmaniyede.polise.silahli.saldiri.2.sehit\/634837.0\/index.html\" target=\"_blank\">Kaynak : CNN T\u00dcRK<\/a><\/p>\n","protected":false},"excerpt":{"rendered":"<p style=\"text-align: justify;\">\n<p style=\"text-align: justify;\">Osmaniye\u2019de Kredi ve Yurtlar Kurumu\u2019na ait \u00f6\u011frenci yurdunun \u00f6n\u00fcnde g\u00f6rev yapan 3 trafik polisine PKK\u2019l\u0131 ter\u00f6ristlerce uzun namlulu silahlarla ate\u015f a\u00e7\u0131ld\u0131. Sald\u0131r\u0131da 2 polis memuru \u015fehit oldu, 1 polis memuru da a\u011f\u0131r yaraland\u0131. Ka\u00e7an ter\u00f6ristlerden 1\u2019i \u00e7\u0131kan \u00e7at\u0131\u015fmada \u00f6l\u00fc olarak ele ge\u00e7irildi.<\/p>\n","protected":false},"author":1,"featured_media":0,"comment_status":"open","ping_status":"open","sticky":false,"template":"","format":"standard","meta":{"footnotes":""},"categories":[105],"tags":[],"class_list":["post-41715","post","type-post","status-publish","format-standard","hentry","category-gundem","odd"],"_links":{"self":[{"href":"http:\/\/www.korhanyilmaz.com\/index.php?rest_route=\/wp\/v2\/posts\/41715","targetHints":{"allow":["GET"]}}],"collection":[{"href":"http:\/\/www.korhanyilmaz.com\/index.php?rest_route=\/wp\/v2\/posts"}],"about":[{"href":"http:\/\/www.korhanyilmaz.com\/index.php?rest_route=\/wp\/v2\/types\/post"}],"author":[{"embeddable":true,"href":"http:\/\/www.korhanyilmaz.com\/index.php?rest_route=\/wp\/v2\/users\/1"}],"replies":[{"embeddable":true,"href":"http:\/\/www.korhanyilmaz.com\/index.php?rest_route=%2Fwp%2Fv2%2Fcomments&post=41715"}],"version-history":[{"count":0,"href":"http:\/\/www.korhanyilmaz.com\/index.php?rest_route=\/wp\/v2\/posts\/41715\/revisions"}],"wp:attachment":[{"href":"http:\/\/www.korhanyilmaz.com\/index.php?rest_route=%2Fwp%2Fv2%2Fmedia&parent=41715"}],"wp:term":[{"taxonomy":"category","embeddable":true,"href":"http:\/\/www.korhanyilmaz.com\/index.php?rest_route=%2Fwp%2Fv2%2Fcategories&post=41715"},{"taxonomy":"post_tag","embeddable":true,"href":"http:\/\/www.korhanyilmaz.com\/index.php?rest_route=%2Fwp%2Fv2%2Ftags&post=41715"}],"curies":[{"name":"wp","href":"https:\/\/api.w.org\/{rel}","templated":true}]}}