{"id":41710,"date":"2011-10-28T18:22:02","date_gmt":"2011-10-28T15:22:02","guid":{"rendered":"http:\/\/www.korhanyilmaz.com\/?p=41710"},"modified":"2011-10-28T23:44:49","modified_gmt":"2011-10-28T20:44:49","slug":"chp-torenlerin-iptaline-tepkili","status":"publish","type":"post","link":"http:\/\/www.korhanyilmaz.com\/?p=41710","title":{"rendered":"CHP t\u00f6renlerin iptaline tepkili"},"content":{"rendered":"<p style=\"text-align: center;\"><a href=\"http:\/\/www.korhanyilmaz.com\/wp-content\/uploads\/2011\/10\/3042.jpg\"  class=\"lightview\"><img loading=\"lazy\" decoding=\"async\" class=\"aligncenter  wp-image-41711\" src=\"http:\/\/www.korhanyilmaz.com\/wp-content\/uploads\/2011\/10\/3042.jpg\" alt=\"\" width=\"322\" height=\"241\" \/><\/a><\/p>\n<p style=\"text-align: justify;\">CHP&#8217;li vekiller, Van depremini gerek\u00e7e g\u00f6stererek 29 Ekim Cumhuriyet Bayram\u0131 kutlama t\u00f6renlerini iptal eden h\u00fck\u00fcmete tepki g\u00f6steriyor&#8230;<\/p>\n<p style=\"text-align: justify;\">Ankara- CHP&#8217;li vekiller 29 Ekim Cumhuriyet Bayram\u0131 kutlama t\u00f6renlerini iptal edilmesine tepkili&#8230;\u00a0<!--more--><\/p>\n<p style=\"text-align: justify;\"><strong>K\u0131l\u0131\u00e7daro\u011flu iptali k\u0131nad\u0131\u00a0<\/strong><\/p>\n<p style=\"text-align: justify;\">CHP Genel Ba\u015fkan\u0131 Kemal K\u0131l\u0131\u00e7daro\u011flu, AKP H\u00fck\u00fcmeti&#8217;nin Cumhuriyet Bayram\u0131 t\u00f6renlerini iptal etmesini k\u0131nayarak, &#8220;Bu karar\u0131 alanlar, \u00f6\u011frencilerini 29 Ekim Cumhuriyet Bayram\u0131 T\u00f6renlerine haz\u0131rlayan, depremde \u015fehit olmu\u015f 63 \u00f6\u011fretmenimizin aziz ruhlar\u0131n\u0131 incittiklerinin acaba fark\u0131ndalar m\u0131&#8221; dedi.<\/p>\n<p style=\"text-align: justify;\">K\u0131l\u0131\u00e7daro\u011flu, Cumhuriyet&#8217;in ilan\u0131n\u0131n 88. y\u0131ld\u00f6n\u00fcm\u00fc nedeniyle bir mesaj yay\u0131mlad\u0131. Mesaj\u0131nda, &#8220;Cumhuriyetimizin 88. y\u0131ld\u00f6n\u00fcm\u00fcn\u00fc kutlamaya haz\u0131rlan\u0131rken \u015fehitler verdik, Van&#8217;da, Erci\u015f&#8217;te y\u00fczlerce insan\u0131m\u0131z\u0131 kaybettik, binlerce yaral\u0131m\u0131z var. Elbette ac\u0131m\u0131z b\u00fcy\u00fckt\u00fcr&#8221; diyen K\u0131l\u0131\u00e7daro\u011flu, &#8220;Ama bu b\u00fcy\u00fck ac\u0131lar\u0131 gerek\u00e7e g\u00f6stererek Cumhuriyet t\u00f6renlerini iptal etmek do\u011fru de\u011fildir. \u00c7\u00fcnk\u00fc Cumhuriyet &#8216;tasada ve k\u0131van\u00e7ta beraber olmak&#8217; demektir. Ayr\u0131ca Cumhuriyet, &#8216;kimsesizlerin kimsesi olmak&#8217;, Van&#8217;a Erci\u015f&#8217;e daha fazla sahip \u00e7\u0131kmak demektir&#8221; dedi.<\/p>\n<p style=\"text-align: justify;\">Resepsiyonlar\u0131n iptalini anlay\u0131\u015fla kar\u015f\u0131lad\u0131klar\u0131n\u0131, ancak resmi t\u00f6ren ge\u00e7i\u015flerini, okullarda Cumhuriyet etkinliklerini iptal etmenin Cumhuriyeti anlamamak, Cumhuriyetin erdemlerini bilmemek demek oldu\u011funu ifade eden K\u0131l\u0131\u00e7daro\u011flu \u015f\u00f6yle devam etti:<\/p>\n<p style=\"text-align: justify;\">&#8220;Bu karar\u0131 alanlar, \u00f6\u011frencilerini 29 Ekim Cumhuriyet Bayram\u0131 T\u00f6renlerine haz\u0131rlayan, depremde \u015fehit olmu\u015f 63 \u00f6\u011fretmenimizin aziz ruhlar\u0131n\u0131 incittiklerinin acaba fark\u0131ndalar m\u0131? Unutulmamal\u0131 ki, Cumhuriyet, ulusla\u015fma yolunda att\u0131\u011f\u0131m\u0131z en b\u00fcy\u00fck ad\u0131m\u0131n hat\u0131rlanmas\u0131d\u0131r. O ad\u0131m\u0131n gerisinde ya\u015fanm\u0131\u015f b\u00fcy\u00fck ac\u0131lar, b\u00fcy\u00fck felaketler vard\u0131r. O ad\u0131m\u0131n gerisinde binlerce \u015fehidin kan\u0131 vard\u0131r. Bu topraklarda h\u00fcr bir \u015fekilde onurluca ya\u015faman\u0131n \u00e7elik iradesi vard\u0131r. O ad\u0131m\u0131n gerisinde, bu \u00fclkede ya\u015fayan herkesin, k\u0131van\u00e7ta ve tasada birlik ve beraberlik yemini vard\u0131r. Atalar\u0131m\u0131z\u0131n etti\u011fi o yemin, bir daha bozulmamak \u00fczere edilmi\u015f bir yemindir. Bize, bug\u00fcn ya\u015fad\u0131\u011f\u0131m\u0131z ac\u0131lar\u0131, \u0131zd\u0131raplar\u0131 ve felaketleri g\u00f6\u011f\u00fcsleme g\u00fcc\u00fc veren i\u015fte o yemindir. Van&#8217;da bu b\u00fcy\u00fck milleti zor g\u00fcn\u00fcnde kucakla\u015ft\u0131ran i\u015fte bu yemindir, bu Cumhuriyet&#8217;tir. Cumhuriyet Bayramlar\u0131, bu and\u0131n her nesil taraf\u0131ndan tekrarlan\u0131\u015f\u0131d\u0131r. Bu t\u00f6renler yeni ku\u015faklara millet olman\u0131n hazz\u0131n\u0131 ya\u015fat\u0131r k\u0131van\u00e7ta ve tasada bir olmay\u0131 \u00f6\u011fretir. Cumhuriyetin ruhunu anlamayanlara, bu b\u00fcy\u00fck millet hak etti\u011fi dersi mutlaka verecektir.&#8221;<\/p>\n<p style=\"text-align: justify;\"><strong>&#8220;AKP h\u00fck\u00fcmetinin her olay\u0131 mazeret olarak g\u00f6steriyor&#8221;\u00a0<\/strong><\/p>\n<p style=\"text-align: justify;\">CHP Mersin Milletvekili \u0130sa G\u00f6k, &#8220;AKP h\u00fck\u00fcmetinin her olay\u0131 mazeret olarak g\u00f6sterip, Cumhuriyet devrimleri, demokrasi ve Atat\u00fcrk&#8217;\u00fcn oldu\u011fu her olay\u0131 adeta yok etmek, iptal etmek, sessizli\u011fe g\u00f6mmek i\u00e7in&#8221; u\u011fra\u015ft\u0131\u011f\u0131n\u0131 iddia etti.<\/p>\n<p style=\"text-align: justify;\"><span style=\"text-decoration: underline;\">Konuya ili\u015fkin a\u00e7\u0131klama yapan G\u00f6k, \u015funlar\u0131 s\u00f6yledi:<\/span><\/p>\n<p style=\"text-align: justify;\">&#8220;Bir gazetenin 63. y\u0131l kutlama etkinliklerine kat\u0131l\u0131p, Cumhuriyet devriminin 88. y\u0131l kutlama etkinliklerine kat\u0131l\u0131nmamas\u0131 ve iptal edilmesini k\u0131n\u0131yorum. AKP h\u00fck\u00fcmetinin her olay\u0131 mazeret olarak g\u00f6sterip, Cumhuriyet devrimleri, demokrasi ve Atat\u00fcrk&#8217;\u00fcn oldu\u011fu her olay\u0131 adeta yok etmek, iptal etmek, sessizli\u011fe g\u00f6mmek i\u00e7in u\u011fra\u015fmaktad\u0131r. T\u00fcm vefat edenler, yaralananlar benim de can\u0131md\u0131r. Cumhuriyet devrimi yolunda verdi\u011fimiz \u015fehitlerde bizim can\u0131m\u0131zd\u0131r.<\/p>\n<p style=\"text-align: justify;\">E\u011fer ki bu Cumhuriyetin en \u00f6nemli g\u00fcn\u00fcn\u00fcn e\u011flence olarak de\u011fil, anma, t\u00f6ren ge\u00e7i\u015fi, toplant\u0131lar \u015feklinde yap\u0131lacak olan etkinliklerinin de iptal edilmesi, asla kabul edilemez. Devlet protokol\u00fcn\u00fcn \u00f6zel kutlamalara kat\u0131l\u0131p, bu devletin ve Cumhuriyetin en \u00f6nemli g\u00fcn\u00fcn\u00fcn t\u00fcm yurtta adeta yasaklanmas\u0131n\u0131 k\u0131n\u0131yorum.<\/p>\n<p style=\"text-align: justify;\">Bir Cumhuriyet \u00e7ocu\u011fu olarak, bir Atat\u00fcrk devrimcisi olarak, AKP&#8217;nin planlar\u0131n\u0131n fark\u0131nda oldu\u011fumuzun bilinmesini istiyoruz. Y\u00fcre\u011finde Cumhuriyet, Atat\u00fcrk devrimlerini s\u00f6k\u00fcp alamayacaklar.&#8221;<\/p>\n<p style=\"text-align: justify;\"><strong>&#8220;T\u00f6renlerin iptali Cumhuriyetle hesapla\u015fma f\u0131rsat\u00e7\u0131l\u0131\u011f\u0131&#8221;\u00a0<\/strong><\/p>\n<p style=\"text-align: justify;\">CHP K\u0131rklareli Milletvekili Turgut Dibek, 29 Ekim Cumhuriyet Bayram\u0131 kutlama t\u00f6renlerinin iptal edilmesine yaz\u0131l\u0131 bir a\u00e7\u0131klama ile tepki g\u00f6sterdi.<\/p>\n<p style=\"text-align: justify;\">Son zamanlarda 40&#8217;a yak\u0131n \u015fehit verilmesi, Van&#8217;da meydana gelen deprem nedeniyle y\u00fczlerce yurtta\u015f\u0131n hayat\u0131n\u0131 kaybetmesi t\u00fcm ulusu derinden yaralad\u0131\u011f\u0131n\u0131 s\u00f6yleyen Dibek, &#8220;Bu durum milli birlik ve beraberli\u011fimizi peki\u015ftiren en \u00f6nemli ulusal bayram\u0131n ge\u00e7it t\u00f6renlerini iptal etmeyi gerektirmez. Halk\u0131m\u0131z\u0131n birbirine kenetlenmesi gereken bu zor g\u00fcnlerde kenetlenmeyi sa\u011flayacak milli bayram kutlamalar\u0131n\u0131 iptal etmek halk\u0131m\u0131z\u0131n vicdan\u0131nda da kabul edilemez. Cumhuriyet Bayram\u0131 t\u00f6renlerine saatler kala yap\u0131lan bu iptal iktidar\u0131n laik demokratik Cumhuriyetle hesapla\u015fma f\u0131rsat\u00e7\u0131l\u0131\u011f\u0131n\u0131 ortaya koymaktad\u0131r&#8221; dedi.<\/p>\n<p style=\"text-align: justify;\"><a href=\"http:\/\/www.cumhuriyet.com.tr\/?hn=289062&amp;kw=CHP+t%F6renlerin+iptaline+tepkili\" target=\"_blank\">Kaynak : Cumhuriyet Haber Portal\u0131<\/a><\/p>\n","protected":false},"excerpt":{"rendered":"<p style=\"text-align: center;\">\n<p style=\"text-align: justify;\">CHP&#8217;li vekiller, Van depremini gerek\u00e7e g\u00f6stererek 29 Ekim Cumhuriyet Bayram\u0131 kutlama t\u00f6renlerini iptal eden h\u00fck\u00fcmete tepki g\u00f6steriyor&#8230;<\/p>\n<p style=\"text-align: justify;\">Ankara- CHP&#8217;li vekiller 29 Ekim Cumhuriyet Bayram\u0131 kutlama t\u00f6renlerini iptal edilmesine tepkili&#8230; <\/p>\n","protected":false},"author":1,"featured_media":0,"comment_status":"open","ping_status":"open","sticky":false,"template":"","format":"standard","meta":{"footnotes":""},"categories":[105],"tags":[],"class_list":["post-41710","post","type-post","status-publish","format-standard","hentry","category-gundem","odd"],"_links":{"self":[{"href":"http:\/\/www.korhanyilmaz.com\/index.php?rest_route=\/wp\/v2\/posts\/41710","targetHints":{"allow":["GET"]}}],"collection":[{"href":"http:\/\/www.korhanyilmaz.com\/index.php?rest_route=\/wp\/v2\/posts"}],"about":[{"href":"http:\/\/www.korhanyilmaz.com\/index.php?rest_route=\/wp\/v2\/types\/post"}],"author":[{"embeddable":true,"href":"http:\/\/www.korhanyilmaz.com\/index.php?rest_route=\/wp\/v2\/users\/1"}],"replies":[{"embeddable":true,"href":"http:\/\/www.korhanyilmaz.com\/index.php?rest_route=%2Fwp%2Fv2%2Fcomments&post=41710"}],"version-history":[{"count":0,"href":"http:\/\/www.korhanyilmaz.com\/index.php?rest_route=\/wp\/v2\/posts\/41710\/revisions"}],"wp:attachment":[{"href":"http:\/\/www.korhanyilmaz.com\/index.php?rest_route=%2Fwp%2Fv2%2Fmedia&parent=41710"}],"wp:term":[{"taxonomy":"category","embeddable":true,"href":"http:\/\/www.korhanyilmaz.com\/index.php?rest_route=%2Fwp%2Fv2%2Fcategories&post=41710"},{"taxonomy":"post_tag","embeddable":true,"href":"http:\/\/www.korhanyilmaz.com\/index.php?rest_route=%2Fwp%2Fv2%2Ftags&post=41710"}],"curies":[{"name":"wp","href":"https:\/\/api.w.org\/{rel}","templated":true}]}}