{"id":41706,"date":"2011-10-28T17:35:49","date_gmt":"2011-10-28T14:35:49","guid":{"rendered":"http:\/\/www.korhanyilmaz.com\/?p=41706"},"modified":"2011-10-28T23:40:44","modified_gmt":"2011-10-28T20:40:44","slug":"trakyada-chplilerden-gecit-torenlerinin-iptaline-tepki","status":"publish","type":"post","link":"http:\/\/www.korhanyilmaz.com\/?p=41706","title":{"rendered":"Trakya&#8217;da CHP&#8217;lilerden ge\u00e7it t\u00f6renlerinin iptaline tepki"},"content":{"rendered":"<p style=\"text-align: center;\"><a href=\"http:\/\/www.korhanyilmaz.com\/wp-content\/uploads\/2011\/10\/3041.jpg\"  class=\"lightview\"><img loading=\"lazy\" decoding=\"async\" class=\"aligncenter  wp-image-41707\" src=\"http:\/\/www.korhanyilmaz.com\/wp-content\/uploads\/2011\/10\/3041.jpg\" alt=\"\" width=\"360\" height=\"242\" \/><\/a><\/p>\n<p style=\"text-align: justify;\">Cumhuriyet\u2019in kurulu\u015funun 88\u2019inci y\u0131l d\u00f6n\u00fcm\u00fc kutlamalar\u0131 Edirne, Tekirda\u011f ve K\u0131rklareli\u2019nde Atat\u00fcrk An\u0131t\u0131\u2019na \u00e7elenk konulmas\u0131yla ba\u015flad\u0131. CHP\u2019li K\u0131rklareli Milletvekili Turgut Dibek, Ba\u015fbakanl\u0131k genelgesiyle resmi ge\u00e7it t\u00f6renlerinin iptal edilmesine tepki g\u00f6stererek, &#8220;Ge\u00e7it t\u00f6renlerinde bu \u00fclkede dans\u00f6z oynat\u0131lm\u0131yor&#8221; dedi. CHP Edirne \u0130l Te\u015fkilat\u0131 ise yar\u0131n sabah saat 10.30\u2019da vatanda\u015flar\u0131 bayraklar\u0131 ile daha \u00f6nce t\u00f6renlerin kutland\u0131\u011f\u0131 Talatpa\u015fa Caddesi\u2019ne davet etti.\u00a0<!--more--><\/p>\n<p style=\"text-align: justify;\">Edirne\u2019deki t\u00f6renler Talatpa\u015fa Caddesi\u2019ndeki Atat\u00fcrk An\u0131t\u0131&#8217;na \u00e7elenk konulmas\u0131yla ba\u015flad\u0131. T\u00f6renlere Edirne Valisi G\u00f6khan S\u00f6zer, Edirne Belediye Ba\u015fkan\u0131 Hamdi Sedef\u00e7i, 54\u2019nc\u00fc Mekanize Piyade Tugay Komutan\u0131 Tu\u011fgeneral Cengiz Demir, siyasi parti temsilcileri ile \u00e7ok say\u0131da vatanda\u015f kat\u0131ld\u0131. Sayg\u0131 duru\u015fu ve \u0130stiklal Mar\u015f\u0131\u2019n\u0131n ard\u0131ndan protokol \u00fcyeleri, siyasi parti temsilcileri ile kamu kurumlar\u0131 Atat\u00fcrk an\u0131t\u0131na \u00e7elenk koydu. CHP Edirne \u0130l Te\u015fkilat\u0131 Cumhuriyet Bayram\u0131 t\u00f6renlerinin iptal edilmesine tepki g\u00f6sterdi. Cumhuriyet resepsiyonu ve kokteylinin iptal edilmesinin normal kar\u015f\u0131lad\u0131klar\u0131n\u0131 belirten CHP Edirne \u0130l Ba\u015fkan\u0131 \u015e\u00fckr\u00fc Civaro\u011flu, &#8220;Ancak sabahki genelge ile bayram ge\u00e7it t\u00f6renlerinin iptal edildi\u011fini \u00f6\u011frendik. Biz Cumhuriyet Bayram\u0131 y\u00fcr\u00fcy\u00fc\u015f\u00fcn\u00fcn iptal edilmesini do\u011fru bulmuyoruz. Ac\u0131, \u00fcz\u00fcnt\u00fc, e\u011flence, co\u015fku ayr\u0131 \u015fey, cumhuriyeti ya\u015famak ayr\u0131 \u015fey. Cumhuriyet bayram\u0131n\u0131 kutlama, sadece kutlama de\u011fil, anmad\u0131r da. Ac\u0131m\u0131z ve \u00fcz\u00fcnt\u00fcm\u00fcz \u00e7ok b\u00fcy\u00fck. Ancak Cumhuriyetin ayakta sa\u011flam durmas\u0131 gerekmektedir bu ac\u0131lar\u0131n sar\u0131lmas\u0131 i\u00e7in. Halk\u0131m\u0131zla birlikte cumhuriyetin var oldu\u011funu, ayakta durdu\u011funu dosta d\u00fc\u015fmana g\u00f6stermek i\u00e7in 29 Ekim y\u00fcr\u00fcy\u00fc\u015f\u00fcn\u00fc halk\u0131m\u0131z ile birlikte yar\u0131n saat 10.30\u2019da yapaca\u011f\u0131z&#8221; dedi.<\/p>\n<p style=\"text-align: justify;\">CHP Edirne Milletvekili Recep G\u00fcrkan ise, &#8220;\u00dclke olarak zor g\u00fcnlerden ge\u00e7iyoruz. Cumhuriyet olmazsa bir hafta sonra kutlayaca\u011f\u0131m\u0131z kurban bayram\u0131 da olmazd\u0131. \u00dclke, zor g\u00fcnler ge\u00e7irirken davul ve zurnalarla oynayal\u0131m, e\u011flenelim ve resepsiyonlar yapal\u0131m demiyoruz. Cumhuriyet bayram\u0131 balosu iptal oldu ve CHP dahil kimse sesimizi \u00e7\u0131kartmad\u0131k. \u00c7\u00fcnk\u00fc \u00fclkemiz zor g\u00fcnler ge\u00e7iriyor. Ancak 74 milyonu bir arada tutan ortak payda olan Cumhuriyetin ve \u00fclkemizin b\u00f6l\u00fcnmez b\u00fct\u00fcnl\u00fc\u011f\u00fcn\u00fc koruyacak tek kurum Cumhuriyet\u2019in kendisidir. Cumhuriyet\u2019in ge\u00e7it t\u00f6renleri Van\u2019daki deprem gerek\u00e7e g\u00f6sterilerek iptal edilmesi bize g\u00f6re \u00e7ok yanl\u0131\u015f bir karard\u0131r ve asla tasvip etmedi\u011fimiz ve etmeyece\u011fimiz bir karard\u0131r. Van\u2019daki deprem yaralar\u0131n\u0131n sar\u0131lmas\u0131, ter\u00f6r\u00fcn sona ermesi ve T\u00fcrkiye Cumhuriyeti Devleti\u2019nin T\u00fcrk milletinin sonsuza kadar ya\u015famas\u0131 i\u00e7in cumhuriyet gerekmektedir. Bu iptal karar\u0131n\u0131 alanlar hangi gerek\u00e7elerle ald\u0131 bilmiyoruz.&#8221;dedi.<\/p>\n<p style=\"text-align: justify;\"><strong>HALK Y\u00dcR\u00dcY\u00dc\u015e\u00dcNE DAVET\u00a0<\/strong><\/p>\n<p style=\"text-align: justify;\">CHP Edirne \u0130l Te\u015fkilat\u0131, siyasi hi\u00e7bir parti afi\u015fi ve bayra\u011f\u0131 ta\u015f\u0131madan halk\u0131 ve di\u011fer partileri T\u00fcrk bayraklar\u0131 ile yar\u0131n saat 10.30\u2019da t\u00f6renlerin daha \u00f6nce yap\u0131ld\u0131\u011f\u0131 Talatpa\u015fa Caddesi \u00fczerinde toplanmaya t\u00f6ren y\u00fcr\u00fcy\u00fc\u015f\u00fc yapmaya davet etti.<\/p>\n<p style=\"text-align: justify;\"><strong>&#8220;T\u00d6RENDE DANS\u00d6Z OYNATILMIYOR&#8221;\u00a0<\/strong><\/p>\n<p style=\"text-align: justify;\">K\u0131rklareli\u2019ndeki t\u00f6renlere ise Vali Mustafa Yaman Belediye Ba\u015fkan\u0131 Cavit \u00c7a\u011flayan, 55\u2019nci Mekanize Piyade Tugay Komutan\u0131 Tu\u011fgeneral Sinan Yayla, Cumhuriyet Ba\u015fsavc\u0131s\u0131 O\u011fuz Ayd\u0131n, CHP Milletvekili Turgut Dibek askeri erkan ve \u00f6\u011frenciler kat\u0131ld\u0131. Yap\u0131lan sayg\u0131 duru\u015funun ard\u0131ndan \u0130stiklal Mar\u015f\u0131 s\u00f6ylenerek Atat\u00fcrk An\u0131t\u0131&#8217;na \u00e7elenkler b\u0131rak\u0131ld\u0131. T\u00f6renin ard\u0131ndan K\u0131rklareli CHP il te\u015fkilat\u0131, Van\u2019da ya\u015fanan deprem nedeniyle Cumhuriyet Bayram\u0131 resmi ge\u00e7it t\u00f6renlerinin Ba\u015fbakanl\u0131k genelgesiyle iptal edilmesine tepki g\u00f6sterdi. CHP\u2019li K\u0131rklareli Milletvekili Turgut Dibek, cumhuriyet tarihinde ilk kez b\u00f6yle bir tablo ile kar\u015f\u0131la\u015ft\u0131klar\u0131n\u0131 ifade ederek \u015funlar\u0131 s\u00f6yledi:<\/p>\n<p style=\"text-align: justify;\">&#8220;Van\u2019da ya\u015fanan deprem felaketi ile t\u00fcm vatanda\u015flar\u0131m\u0131z \u00fcz\u00fclm\u00fc\u015f ve hepimizin ac\u0131s\u0131 ger\u00e7ekten b\u00fcy\u00fckt\u00fcr. Ba\u015fbakanl\u0131k bug\u00fcn kutlamas\u0131na ba\u015flad\u0131\u011f\u0131m\u0131z \u00fclkemizin en b\u00fcy\u00fck ulusal bayram\u0131 olan cumhuriyet bayram\u0131n\u0131n yar\u0131nki ge\u00e7it t\u00f6renlerinin yap\u0131lmayaca\u011f\u0131, bayram\u0131n sadece \u00e7elenk program\u0131 ve valiliklerdeki kabul t\u00f6reni ile kutlanaca\u011f\u0131na dair bir genelge yay\u0131nlam\u0131\u015ft\u0131r. Bunu kabul etmek m\u00fcmk\u00fcn de\u011fildir. Cumhuriyet Bayram\u0131 b\u00f6yle bir genelge ile iktidar\u0131n kafas\u0131ndaki cumhuriyet d\u00fc\u015fmanl\u0131\u011f\u0131n\u0131 ortaya \u00e7\u0131karan d\u00fc\u015f\u00fcncelerle engellenecek bir bayram de\u011fildir. Sava\u015f dahi \u00e7\u0131ksa biz bu bayram\u0131 kutlamak zorunday\u0131z. Ge\u00e7it t\u00f6renlerinde bu \u00fclkede dans\u00f6z oynat\u0131lm\u0131yor. Cumhuriyet Bayram\u0131 t\u00f6renlerinde vatanda\u015flar\u0131m\u0131z o b\u00fct\u00fcnl\u00fcklerini peki\u015ftirerek mutlu oluyor. Bunun mutlaka d\u00fczeltilesi gerekir. Bu genelge t\u00f6rene iki saat kala yay\u0131nland\u0131. Bu bir denemedir. Bu bir meydan okumad\u0131r. AKP\u2019nin kafas\u0131nda bir tek \u015fey vard\u0131r. Laik ve demokratik cumhuriyetle hesapla\u015fmad\u0131r. Bunun zeminleri zaten yava\u015f yava\u015f haz\u0131rland\u0131 ve g\u00f6r\u00fcyoruz&#8221;<\/p>\n<p style=\"text-align: justify;\"><strong>TEK\u0130RDA\u011e\u2019DAK\u0130 T\u00d6RENLER\u00a0<\/strong><\/p>\n<p style=\"text-align: justify;\">Tekirda\u011f\u2019daki t\u00f6renler de H\u00fck\u00fcmet Caddesi \u00fczerinde Atat\u00fcrk an\u0131t\u0131nda d\u00fczenlendi. T\u00f6rene Tekirda\u011f Valisi Z\u00fcbeyir Kemelek, Belediye Ba\u015fkan\u0131 Adem Dalg\u0131\u00e7, 8\u2019nci Z\u0131rhl\u0131 Tugay Komutan\u0131 Tu\u011fgeneral \u00d6mer Faruk K\u00fc\u00e7\u00fck, Tekirda\u011f Cumhuriyet Ba\u015fsavc\u0131s\u0131 Fevzi B\u00fcy\u00fckt\u00fcmt\u00fcrk, siyasi parti temsilcileri ile \u00f6\u011frenciler kat\u0131ld\u0131.<\/p>\n<p style=\"text-align: justify;\">An\u0131ta \u00e7elenklerin konulmas\u0131n\u0131n ard\u0131ndan konu\u015fma yapan Tekirda\u011f Valisi Z\u00fcbeyir Kemelek, Cumhuriyet\u2019in kurulu\u015funun 88\u2019inci y\u0131l d\u00f6n\u00fcm\u00fc nedeniyle \u00e7ok gururlu oldu\u011funu belirterek &#8220;Tarihimizin en b\u00fcy\u00fck \u00e7a\u011fda\u015fla\u015fma projesi olan Cumhuriyet kar\u015f\u0131m\u0131za \u00e7\u0131kan zorluklar\u0131n a\u015f\u0131lmas\u0131 konusunda bizlere g\u00fc\u00e7 vermektedir. \u0130\u015faret etti\u011finiz \u00c7a\u011fda\u015f uygarl\u0131k d\u00fczeyine emin ad\u0131mlarla ilerleyen T\u00fcrk milleti Cumhuriyet de\u011ferlerini bug\u00fcn oldu\u011fu gibi gelecekte de ya\u015fatma kararl\u0131l\u0131\u011f\u0131ndad\u0131r. Geli\u015fme ve kalk\u0131nmakta bize yol g\u00f6steren ilke ve ink\u0131laplar\u0131n\u0131z Cumhuriyeti sonsuza dek ya\u015fatma g\u00f6revimizi yerine getirmede rehberimiz olmay\u0131 s\u00fcrd\u00fcrecektir&#8221; dedi.<\/p>\n<p style=\"text-align: justify;\"><a href=\"http:\/\/www.hurriyet.com.tr\/gundem\/19111802.asp\" target=\"_blank\">Kaynak : H\u00fcrriyet.com.tr<\/a><\/p>\n","protected":false},"excerpt":{"rendered":"<p style=\"text-align: center;\">\n<p style=\"text-align: justify;\">Cumhuriyet\u2019in kurulu\u015funun 88\u2019inci y\u0131l d\u00f6n\u00fcm\u00fc kutlamalar\u0131 Edirne, Tekirda\u011f ve K\u0131rklareli\u2019nde Atat\u00fcrk An\u0131t\u0131\u2019na \u00e7elenk konulmas\u0131yla ba\u015flad\u0131. CHP\u2019li K\u0131rklareli Milletvekili Turgut Dibek, Ba\u015fbakanl\u0131k genelgesiyle resmi ge\u00e7it t\u00f6renlerinin iptal edilmesine tepki g\u00f6stererek, &#8220;Ge\u00e7it t\u00f6renlerinde bu \u00fclkede dans\u00f6z oynat\u0131lm\u0131yor&#8221; dedi. CHP Edirne \u0130l Te\u015fkilat\u0131 ise yar\u0131n sabah saat 10.30\u2019da vatanda\u015flar\u0131 bayraklar\u0131 ile daha \u00f6nce <\/p>\n","protected":false},"author":1,"featured_media":0,"comment_status":"open","ping_status":"open","sticky":false,"template":"","format":"standard","meta":{"footnotes":""},"categories":[105],"tags":[],"class_list":["post-41706","post","type-post","status-publish","format-standard","hentry","category-gundem","odd"],"_links":{"self":[{"href":"http:\/\/www.korhanyilmaz.com\/index.php?rest_route=\/wp\/v2\/posts\/41706","targetHints":{"allow":["GET"]}}],"collection":[{"href":"http:\/\/www.korhanyilmaz.com\/index.php?rest_route=\/wp\/v2\/posts"}],"about":[{"href":"http:\/\/www.korhanyilmaz.com\/index.php?rest_route=\/wp\/v2\/types\/post"}],"author":[{"embeddable":true,"href":"http:\/\/www.korhanyilmaz.com\/index.php?rest_route=\/wp\/v2\/users\/1"}],"replies":[{"embeddable":true,"href":"http:\/\/www.korhanyilmaz.com\/index.php?rest_route=%2Fwp%2Fv2%2Fcomments&post=41706"}],"version-history":[{"count":0,"href":"http:\/\/www.korhanyilmaz.com\/index.php?rest_route=\/wp\/v2\/posts\/41706\/revisions"}],"wp:attachment":[{"href":"http:\/\/www.korhanyilmaz.com\/index.php?rest_route=%2Fwp%2Fv2%2Fmedia&parent=41706"}],"wp:term":[{"taxonomy":"category","embeddable":true,"href":"http:\/\/www.korhanyilmaz.com\/index.php?rest_route=%2Fwp%2Fv2%2Fcategories&post=41706"},{"taxonomy":"post_tag","embeddable":true,"href":"http:\/\/www.korhanyilmaz.com\/index.php?rest_route=%2Fwp%2Fv2%2Ftags&post=41706"}],"curies":[{"name":"wp","href":"https:\/\/api.w.org\/{rel}","templated":true}]}}