{"id":41700,"date":"2011-10-28T21:49:30","date_gmt":"2011-10-28T18:49:30","guid":{"rendered":"http:\/\/www.korhanyilmaz.com\/?p=41700"},"modified":"2011-10-28T23:32:36","modified_gmt":"2011-10-28T20:32:36","slug":"ak-parti-milletvekili-hayatini-kaybetti","status":"publish","type":"post","link":"http:\/\/www.korhanyilmaz.com\/?p=41700","title":{"rendered":"Ak Parti milletvekili hayat\u0131n\u0131 kaybetti"},"content":{"rendered":"<p style=\"text-align: center;\"><a href=\"http:\/\/www.korhanyilmaz.com\/wp-content\/uploads\/2011\/10\/3039.jpg\"  class=\"lightview\"><img loading=\"lazy\" decoding=\"async\" class=\"aligncenter  wp-image-41701\" src=\"http:\/\/www.korhanyilmaz.com\/wp-content\/uploads\/2011\/10\/3039.jpg\" alt=\"\" width=\"336\" height=\"223\" \/><\/a><\/p>\n<p style=\"text-align: justify;\">Ak Parti Ordu milletvekili Harun \u00c7ak\u0131r ge\u00e7irdi\u011fi kalp krizi sonucu ya\u015fam\u0131n\u0131 yitirdi.<\/p>\n<p style=\"text-align: justify;\">1954 y\u0131l\u0131nda Ordu\u2019da do\u011fan \u00c7ak\u0131r, ilk, orta ve lise \u00f6\u011frenimini Ordu\u2019da tamamlad\u0131ktan sonra 1977 y\u0131l\u0131nda Ankara \u00dcniversitesi Dil ve Tarih &#8211; Co\u011frafya Fak\u00fcltesi&#8217;nden mezun oldu. \u0130\u015f hayat\u0131na 1978 y\u0131l\u0131nda Ankara\u2019da T\u00fcrk Standardlar\u0131 Enstit\u00fcs\u00fc\u2019nde uzman olarak ba\u015flad\u0131.<!--more--><\/p>\n<p style=\"text-align: justify;\">Ayn\u0131 kurumda s\u0131ras\u0131yla Yay\u0131n ve Tan\u0131tma M\u00fcd\u00fcr\u00fc (1980 \u2013 1987), T\u00fcketicinin Korunmas\u0131 M\u00fcd\u00fcr\u00fc (1987 \u2013 1989), Standard Haz\u0131rlama Dairesi Ba\u015fkan\u0131 (1989 \u2013 1991), Ara\u015ft\u0131rma Planlama ve Koordinasyon Dairesi Ba\u015fkan\u0131 (1991 \u2013 2005), Ar-Ge Merkezi Ba\u015fkanl\u0131\u011f\u0131 ve \u0130zleme Dairesi Ba\u015fkanl\u0131\u011f\u0131 (2006 \u2013 2011) g\u00f6revlerinde bulundu. \u00c7ak\u0131r, evli ve iki \u00e7ocuk babas\u0131yd\u0131.<\/p>\n<p style=\"text-align: justify;\"><a href=\"http:\/\/www.radikal.com.tr\/Radikal.aspx?aType=RadikalDetayV3&amp;ArticleID=1067828&amp;Date=28.10.2011&amp;CategoryID=78\" target=\"_blank\">Kaynak : Radikal.com.tr<\/a><\/p>\n","protected":false},"excerpt":{"rendered":"<p style=\"text-align: center;\">\n<p style=\"text-align: justify;\">Ak Parti Ordu milletvekili Harun \u00c7ak\u0131r ge\u00e7irdi\u011fi kalp krizi sonucu ya\u015fam\u0131n\u0131 yitirdi.<\/p>\n<p style=\"text-align: justify;\">1954 y\u0131l\u0131nda Ordu\u2019da do\u011fan \u00c7ak\u0131r, ilk, orta ve lise \u00f6\u011frenimini Ordu\u2019da tamamlad\u0131ktan sonra 1977 y\u0131l\u0131nda Ankara \u00dcniversitesi Dil ve Tarih &#8211; Co\u011frafya Fak\u00fcltesi&#8217;nden mezun oldu. \u0130\u015f hayat\u0131na 1978 y\u0131l\u0131nda Ankara\u2019da T\u00fcrk Standardlar\u0131 Enstit\u00fcs\u00fc\u2019nde uzman olarak ba\u015flad\u0131.<\/p>\n","protected":false},"author":1,"featured_media":0,"comment_status":"open","ping_status":"open","sticky":false,"template":"","format":"standard","meta":{"footnotes":""},"categories":[105],"tags":[],"class_list":["post-41700","post","type-post","status-publish","format-standard","hentry","category-gundem","odd"],"_links":{"self":[{"href":"http:\/\/www.korhanyilmaz.com\/index.php?rest_route=\/wp\/v2\/posts\/41700","targetHints":{"allow":["GET"]}}],"collection":[{"href":"http:\/\/www.korhanyilmaz.com\/index.php?rest_route=\/wp\/v2\/posts"}],"about":[{"href":"http:\/\/www.korhanyilmaz.com\/index.php?rest_route=\/wp\/v2\/types\/post"}],"author":[{"embeddable":true,"href":"http:\/\/www.korhanyilmaz.com\/index.php?rest_route=\/wp\/v2\/users\/1"}],"replies":[{"embeddable":true,"href":"http:\/\/www.korhanyilmaz.com\/index.php?rest_route=%2Fwp%2Fv2%2Fcomments&post=41700"}],"version-history":[{"count":0,"href":"http:\/\/www.korhanyilmaz.com\/index.php?rest_route=\/wp\/v2\/posts\/41700\/revisions"}],"wp:attachment":[{"href":"http:\/\/www.korhanyilmaz.com\/index.php?rest_route=%2Fwp%2Fv2%2Fmedia&parent=41700"}],"wp:term":[{"taxonomy":"category","embeddable":true,"href":"http:\/\/www.korhanyilmaz.com\/index.php?rest_route=%2Fwp%2Fv2%2Fcategories&post=41700"},{"taxonomy":"post_tag","embeddable":true,"href":"http:\/\/www.korhanyilmaz.com\/index.php?rest_route=%2Fwp%2Fv2%2Ftags&post=41700"}],"curies":[{"name":"wp","href":"https:\/\/api.w.org\/{rel}","templated":true}]}}