{"id":41689,"date":"2011-10-27T11:15:53","date_gmt":"2011-10-27T08:15:53","guid":{"rendered":"http:\/\/www.korhanyilmaz.com\/?p=41689"},"modified":"2011-10-28T07:43:16","modified_gmt":"2011-10-28T04:43:16","slug":"bu-habere-sigara-icmeyen-de-pes-diyecek","status":"publish","type":"post","link":"http:\/\/www.korhanyilmaz.com\/?p=41689","title":{"rendered":"Bu Habere Sigara \u0130\u00e7meyen de Pes Diyecek"},"content":{"rendered":"<p style=\"text-align: justify;\"><a href=\"http:\/\/www.korhanyilmaz.com\/wp-content\/uploads\/2011\/10\/3037.jpg\"  class=\"lightview\"><img loading=\"lazy\" decoding=\"async\" class=\"aligncenter size-full wp-image-41690\" title=\"\" src=\"http:\/\/www.korhanyilmaz.com\/wp-content\/uploads\/2011\/10\/3037.jpg\" alt=\"\" width=\"250\" height=\"175\" \/><\/a><\/p>\n<p style=\"text-align: justify;\">Maliye\u2019nin 13 Ekim\u2019de sigaraya yapt\u0131\u011f\u0131 \u00d6TV zamm\u0131ndaki hatay\u0131 Merkez Bankas\u0131 farketti. Zamm\u0131n enflasyona etkisinin beklentilerden fazla olaca\u011f\u0131n\u0131 hesaplayan Merkez, durumu Maliye\u2019ye bildirdi. Maliye \u00d6TV oran\u0131n\u0131 y\u00fczde 69\u2019dan y\u00fczde 65\u2019e \u00e7ekince 9 liral\u0131k sigaran\u0131n fiyat\u0131 8 liraya indi.\u00a0<!--more--><\/p>\n<p style=\"text-align: justify;\">H\u00fck\u00fcmet karar\u0131yla 13 Ekim\u2019de sigaraya yap\u0131lan \u00d6TV art\u0131\u015f\u0131nda Maliye Bakanl\u0131\u011f\u0131\u2019n\u0131n yapt\u0131\u011f\u0131 hesap hatas\u0131, Merkez Bankas\u0131\u2019ndan d\u00f6nd\u00fc. Maliye Bakanl\u0131\u011f\u0131\u2019n\u0131n haz\u0131rlad\u0131\u011f\u0131 \u00d6TV art\u0131\u015flar\u0131nda, t\u00fct\u00fcn \u00fcr\u00fcnleri i\u00e7in yap\u0131lan \u00d6TV art\u0131\u015f oran\u0131n\u0131n yanl\u0131\u015f hesapland\u0131\u011f\u0131, \u00d6TV art\u0131\u015f\u0131n\u0131n hesaplanaca\u011f\u0131 matrah\u0131n KDV hari\u00e7 tutulmadan belirlendi\u011fi, bu yanl\u0131\u015f hesap nedeniyle \u201c\u00d6TV\u2019den KDV al\u0131nmas\u0131n\u0131n yan\u0131nda, KDV tutar\u0131ndan da \u00d6TV al\u0131nmas\u0131 sonucuna yola\u00e7t\u0131\u011f\u0131 ve do\u011frusal olmayan bir vergileme \u015femas\u0131 \u00e7\u0131kt\u0131\u011f\u0131\u201d tespit edildi.<\/p>\n<p style=\"text-align: justify;\">Merkez Bankas\u0131\u2019n\u0131n tespit etti\u011fi bu durumun enflasyonda da 2 puanl\u0131k bir art\u0131\u015fa neden olaca\u011f\u0131na dikkat \u00e7ekilerek, konuyla ilgili Hazine M\u00fcste\u015farl\u0131\u011f\u0131 \u00fcst d\u00fczey y\u00f6netimi ve ba\u011fl\u0131 oldu\u011fu Ba\u015fbakan Yard\u0131mc\u0131s\u0131 Ali Babacan uyar\u0131ld\u0131. Bunun \u00fczerine d\u00fcn sabah Resmi Gazete\u2019de yay\u0131mlanarak y\u00fcr\u00fcrl\u00fc\u011fe giren yeni kararla da t\u00fct\u00fcn ve t\u00fct\u00fcn mam\u00fcllerinde 13 Ekim\u2019de y\u00fczde 69\u2019a \u00e7\u0131kar\u0131lan \u00d6TV oran\u0131, y\u00fczde 65\u2019e indirildi. Yeni oran\u0131n geriye d\u00f6n\u00fck olarak 13 Ekim\u2019den itibaren uygulamaya girece\u011fi ve 2012 y\u0131l\u0131 sonuna kadar ge\u00e7erli olaca\u011f\u0131 da kararda yer ald\u0131.<\/p>\n<p style=\"text-align: justify;\">\u00a0<strong>Merkez\u2019in toplant\u0131s\u0131nda farkedildi\u00a0<\/strong><\/p>\n<p style=\"text-align: justify;\">Edinilen bilgilere g\u00f6re s\u00f6zkonusu geli\u015fme, 20 Ekim\u2019de ger\u00e7ekle\u015fen Para Politikas\u0131 Kurulu Toplant\u0131s\u0131\u2019nda g\u00fcndeme geldi. Merkez Bankas\u0131, \u00d6TV art\u0131\u015f\u0131yla ilgili hesab\u0131n, genel vergi art\u0131\u015flar\u0131 hesab\u0131ndan farkl\u0131 bir \u015fekilde hesapland\u0131\u011f\u0131n\u0131 ortaya koydu. Banka, 13 Ekim\u2019deki \u00d6TV art\u0131\u015f\u0131n\u0131n ard\u0131ndan, \u2018vergi art\u0131\u015flar\u0131n\u0131n enflasyon hesab\u0131na etkisi\u2019 konusu \u00e7al\u0131\u015fma kapsam\u0131nda ortaya \u00e7\u0131kar\u0131lan hatay\u0131 toplant\u0131da g\u00fcndeme ta\u015f\u0131d\u0131. Bu hatan\u0131n enflasyona en az 2 puanl\u0131k ilave bir art\u0131\u015f getirece\u011fini vurgulayan Merkez, Maliye Bakanl\u0131\u011f\u0131\u2019n\u0131n t\u00fct\u00fcn mamullerinde yapt\u0131\u011f\u0131 \u00d6TV art\u0131\u015f\u0131n\u0131 yeniba\u015ftan hesaplamas\u0131 ve yanl\u0131\u015f hesaptan do\u011fan fazlal\u0131\u011f\u0131n yeni bir Bakanlar Kurulu karar\u0131yla geri al\u0131nmas\u0131n\u0131 istedi. Konunun Ba\u015fbakan Yard\u0131mc\u0131s\u0131 Ali Babacan\u2019a aktar\u0131lmas\u0131n\u0131n ard\u0131ndan, Babacan\u2019\u0131n talimat\u0131yla yeni karar haz\u0131rland\u0131. Merkez Bankas\u0131 Ba\u015fkan\u0131 Erdem Ba\u015f\u00e7\u0131, t\u00fct\u00fcn \u00fcr\u00fcnlerindeki \u00d6TV art\u0131\u015f\u0131yla ilgili sorulara, Enflasyon Raporu\u2019nda \u00f6zel bir kutu yaparak yer verdiklerini s\u00f6yledi. S\u00f6z konusu metin incelendi\u011finde, Maliye Bakanl\u0131\u011f\u0131\u2019n\u0131n d\u00fczeltme yapmas\u0131na neden olan hesaplama hatas\u0131n\u0131n matematiksel olarak ortaya konuldu\u011fu anla\u015f\u0131ld\u0131.<\/p>\n<p style=\"text-align: justify;\"><strong>Hatay\u0131 grafikle a\u00e7\u0131klad\u0131\u00a0<\/strong><\/p>\n<p style=\"text-align: justify;\">Merkez Bankas\u0131 bu anlat\u0131m\u0131n ard\u0131ndan yap\u0131lan hatay\u0131 form\u00fcl ve grafikle a\u00e7\u0131klad\u0131. Hata Enflasyon Raporu\u2019nda \u015f\u00f6yle yer ald\u0131:<\/p>\n<p style=\"text-align: justify;\">\u201c\u00d6rne\u011fin \u00d6TV oran\u0131n\u0131n y\u00fczde 50\u2019den y\u00fczde 51\u2019e y\u00fckselmesi, nihai t\u00fct\u00fcn \u00fcr\u00fcnleri fiyatlar\u0131n\u0131 y\u00fczde 2.96, y\u00fczde 69\u2019dan 70\u2019e y\u00fckselmesi, y\u00fczde 6.78, y\u00fczde 79\u2019dan y\u00fczde y\u00fczde 80\u2019e \u00e7\u0131kar\u0131lmas\u0131 ise y\u00fczde 21.07 art\u0131rmakt\u0131r. Dolay\u0131s\u0131yla, oran y\u00fckseldik\u00e7e \u00d6TV oran\u0131-fiyat art\u0131\u015f e\u011frisi daha da dikle\u015fmektedir. Sonu\u00e7 olarak t\u00fct\u00fcn \u00fcr\u00fcnlerinin vergilendirilmesinde \u00f6zg\u00fcn bir yakla\u015f\u0131m kullan\u0131ld\u0131\u011f\u0131ndan, \u00d6TV oranlar\u0131n\u0131n seviyesi yap\u0131lacak vergi ayarlamalar\u0131n\u0131n fiyatlara yans\u0131ma oran\u0131n\u0131 belirlemektedir. Dolay\u0131s\u0131yla, \u00d6TV oran\u0131 y\u00fckseldik\u00e7e, t\u00fct\u00fcn fiyatlar\u0131nda belirli bir fiyat art\u0131\u015f\u0131na ula\u015fmak i\u00e7in oranlarda daha d\u00fc\u015f\u00fck bir ayarlama yeterli olacakt\u0131r.\u201d<\/p>\n<p style=\"text-align: justify;\"><strong>\u015eirketler fiyatlar\u0131 d\u00fc\u015f\u00fcrd\u00fc\u00a0<\/strong><\/p>\n<p style=\"text-align: justify;\">Maliye\u2019nin d\u00fczeltmesinden sonra sigara \u015firketleri yeni \u00d6TV oranlar\u0131n\u0131 baz alarak fiyatlar\u0131 d\u00fc\u015f\u00fcrd\u00fc. Sigara fiyatlar\u0131 y\u00fczde 65\u2019lik \u00d6TV oran\u0131yla ortalama 1 lira civar\u0131nda indi. 13 Ekim\u2019deki vergi zamm\u0131ndan \u00f6nce sigarada \u00d6TV\u2008y\u00fczde 63\u2019t\u00fc.<\/p>\n<p style=\"text-align: justify;\"><strong>\u2018Vergiler y\u00fcksek de\u011fil\u2019\u00a0<\/strong><\/p>\n<p style=\"text-align: justify;\">D\u00dcN TBMM Plan ve B\u00fct\u00e7e Komisyonu\u2019na 2012 Y\u0131l\u0131 Merkezi Y\u00f6netim B\u00fct\u00e7e Kanunu Tasar\u0131s\u0131\u2019n\u0131n sunu\u015funu yapan \u015eim\u015fek, kamuoyundaki alg\u0131n\u0131n aksine 2002\u2019den bu yana akaryak\u0131t \u00fcr\u00fcnleri \u00fczerindeki vergi y\u00fck\u00fcn\u00fc art\u0131rmad\u0131klar\u0131n\u0131 aksine azaltt\u0131klar\u0131n\u0131 s\u00f6yledi. \u015eim\u015fek, T\u00fcrkiye\u2019de vergi y\u00fck\u00fcn\u00fcn \u00e7ok y\u00fcksek oldu\u011funa dair kanaatin de yanl\u0131\u015f oldu\u011funu belirtti. \u015eim\u015fek 13 Ekim\u2019de i\u00e7ki, sigara, l\u00fcks otomobil ve cep telefonundaki \u00d6TV\u2019yi art\u0131rd\u0131ktan sonra zamlar i\u00e7in \u2018g\u00fcncelleme\u2019 deyince b\u00fcy\u00fck tepki toplam\u0131\u015ft\u0131.<\/p>\n<p style=\"text-align: justify;\"><strong>\u20182012 enflasyonunu kurtard\u0131k arkada\u015flar\u2019\u00a0<\/strong><\/p>\n<p style=\"text-align: justify;\">Merkez Ba\u015fkan\u0131 Erdem Ba\u015f\u00e7\u0131, d\u00fcn Enflasyon Raporu ve Eylem Plan\u0131\u2019n\u0131 a\u00e7\u0131klad\u0131\u011f\u0131 toplant\u0131da enflasyon hesab\u0131n\u0131, sigaraya getirilen \u00d6TV art\u0131\u015f\u0131n\u0131 d\u00fcn sabah saatlerinde yap\u0131lan y\u00fczde 65\u2019lik yeni oran\u0131 dikkate alarak yapt\u0131klar\u0131n\u0131 s\u00f6yledi. Ba\u015f\u00e7\u0131, yeni haliyle sigaraya getirilen vergi art\u0131\u015f\u0131n\u0131n enflasyona y\u00fczde 0.6\u2019l\u0131k art\u0131\u015f getirdi\u011fini belirtti. Yeni oran\u0131n 2012 sonuna kadar ge\u00e7erli olaca\u011f\u0131n\u0131 hat\u0131rlatan Ba\u015f\u00e7\u0131, \u201cSigarayla ilgili yeni bir d\u00fczenleme gelmemesi durumunda 2012 enflasyonunu kurtard\u0131k arkada\u015flar\u201d dedi. Ba\u015f\u00e7\u0131, \u201cVergi art\u0131\u015f\u0131n\u0131n enflasyona olumsuz etkisi olaca\u011f\u0131 konusunda H\u00fck\u00fcmeti uyard\u0131n\u0131z m\u0131?\u201d y\u00f6n\u00fcndeki soru \u00fczerine, \u201cYasam\u0131zda bulunan h\u00fck\u00fcmete dan\u0131\u015fmanl\u0131k g\u00f6revimizi yapt\u0131k\u201d dedi.<\/p>\n<p style=\"text-align: justify;\"><a href=\"http:\/\/www.odatv.com\/n.php?n=bu-habere-sigara-icende-icmeyende-pes-diyecek-2710111200\" target=\"_blank\">Kaynak : Odatv.com<\/a><\/p>\n","protected":false},"excerpt":{"rendered":"<p style=\"text-align: justify;\">\n<p style=\"text-align: justify;\">Maliye\u2019nin 13 Ekim\u2019de sigaraya yapt\u0131\u011f\u0131 \u00d6TV zamm\u0131ndaki hatay\u0131 Merkez Bankas\u0131 farketti. Zamm\u0131n enflasyona etkisinin beklentilerden fazla olaca\u011f\u0131n\u0131 hesaplayan Merkez, durumu Maliye\u2019ye bildirdi. Maliye \u00d6TV oran\u0131n\u0131 y\u00fczde 69\u2019dan y\u00fczde 65\u2019e \u00e7ekince 9 liral\u0131k sigaran\u0131n fiyat\u0131 8 liraya indi. <\/p>\n","protected":false},"author":1,"featured_media":0,"comment_status":"open","ping_status":"open","sticky":false,"template":"","format":"standard","meta":{"footnotes":""},"categories":[7],"tags":[],"class_list":["post-41689","post","type-post","status-publish","format-standard","hentry","category-ekonomi","odd"],"_links":{"self":[{"href":"http:\/\/www.korhanyilmaz.com\/index.php?rest_route=\/wp\/v2\/posts\/41689","targetHints":{"allow":["GET"]}}],"collection":[{"href":"http:\/\/www.korhanyilmaz.com\/index.php?rest_route=\/wp\/v2\/posts"}],"about":[{"href":"http:\/\/www.korhanyilmaz.com\/index.php?rest_route=\/wp\/v2\/types\/post"}],"author":[{"embeddable":true,"href":"http:\/\/www.korhanyilmaz.com\/index.php?rest_route=\/wp\/v2\/users\/1"}],"replies":[{"embeddable":true,"href":"http:\/\/www.korhanyilmaz.com\/index.php?rest_route=%2Fwp%2Fv2%2Fcomments&post=41689"}],"version-history":[{"count":0,"href":"http:\/\/www.korhanyilmaz.com\/index.php?rest_route=\/wp\/v2\/posts\/41689\/revisions"}],"wp:attachment":[{"href":"http:\/\/www.korhanyilmaz.com\/index.php?rest_route=%2Fwp%2Fv2%2Fmedia&parent=41689"}],"wp:term":[{"taxonomy":"category","embeddable":true,"href":"http:\/\/www.korhanyilmaz.com\/index.php?rest_route=%2Fwp%2Fv2%2Fcategories&post=41689"},{"taxonomy":"post_tag","embeddable":true,"href":"http:\/\/www.korhanyilmaz.com\/index.php?rest_route=%2Fwp%2Fv2%2Ftags&post=41689"}],"curies":[{"name":"wp","href":"https:\/\/api.w.org\/{rel}","templated":true}]}}