{"id":41680,"date":"2011-10-27T12:26:47","date_gmt":"2011-10-27T09:26:47","guid":{"rendered":"http:\/\/www.korhanyilmaz.com\/?p=41680"},"modified":"2011-10-28T07:31:01","modified_gmt":"2011-10-28T04:31:01","slug":"deprem-vergileri-duble-yola-gitmis","status":"publish","type":"post","link":"http:\/\/www.korhanyilmaz.com\/?p=41680","title":{"rendered":"Deprem vergileri duble yola gitmi\u015f!"},"content":{"rendered":"<p style=\"text-align: center;\"><a href=\"http:\/\/www.korhanyilmaz.com\/wp-content\/uploads\/2011\/10\/3035.jpg\"  class=\"lightview\"><img loading=\"lazy\" decoding=\"async\" class=\"aligncenter  wp-image-41681\" src=\"http:\/\/www.korhanyilmaz.com\/wp-content\/uploads\/2011\/10\/3035.jpg\" alt=\"\" width=\"324\" height=\"216\" \/><\/a><\/p>\n<p style=\"text-align: justify;\">Van depreminden sonra yeniden kamuoyunun g\u00fcndemine gelen vergiler i\u00e7in Maliye Bakan\u0131 Mehmet \u015eim\u015fek konu\u015ftu: Toplanan vergilerin sa\u011fl\u0131k, e\u011fitim, duble yollar gibi 74 milyonun ihtiyac\u0131n\u0131 kar\u015f\u0131lamak i\u00e7in kullan\u0131ld\u0131.<!--more--><\/p>\n<p style=\"text-align: justify;\">ANKARA &#8211; T\u00fct\u00fcn ve sigara ka\u00e7ak\u00e7\u0131l\u0131\u011f\u0131 ile m\u00fccadele eylem plan\u0131n\u0131 a\u00e7\u0131klad\u0131\u011f\u0131 bas\u0131n toplant\u0131s\u0131nda konu\u015fan \u015eim\u015fek&#8217;e, 1999 depreminden sonra \u00e7\u0131kar\u0131lan vergiler neticesinde yakla\u015f\u0131k 46 ila 48 milyar liral\u0131k gelir elde edildi\u011fi ve bu vergilerin nereye harcand\u0131\u011f\u0131 soruldu. \u015eim\u015fek, toplanan vergilerin sa\u011fl\u0131k, e\u011fitim, duble yollar gibi 74 milyonun ihtiyac\u0131n\u0131 kar\u015f\u0131lamak i\u00e7in kullan\u0131ld\u0131\u011f\u0131n\u0131 s\u00f6yledi. \u015eim\u015fek, uluslararas\u0131 vergi uygulamalar\u0131nda da &#8216;tek bir harcama i\u00e7in vergi toplanmas\u0131&#8217; mant\u0131\u011f\u0131n\u0131n do\u011fru bulunmad\u0131\u011f\u0131n\u0131n alt\u0131n\u0131 da \u00e7izdi.<\/p>\n<p style=\"text-align: justify;\">Maliye Bakan\u0131, bu vergilerin kendilerinden \u00f6nceki h\u00fck\u00fcmet d\u00f6neminde \u2018ge\u00e7ici\u2019 olarak \u00e7\u0131kar\u0131ld\u0131\u011f\u0131n\u0131; ancak daha sonra yine kendilerinden \u00f6nceki h\u00fck\u00fcmet taraf\u0131ndan \u2018kal\u0131c\u0131\u2019 hale getirildi\u011fini anlatt\u0131. Dolay\u0131s\u0131yla kendi h\u00fck\u00fcmetleri d\u00f6neminde \u2018deprem\u2019 ad\u0131 alt\u0131nda bir vergi uygulamaya koymad\u0131klar\u0131n\u0131, mevcut \u015fekliyle vergi al\u0131m\u0131na devam ettiklerini s\u00f6yledi. Bakan \u015eim\u015fek, 46 ila 48 milyar lira topland\u0131\u011f\u0131na ili\u015fkin rakam\u0131n ise do\u011fru olup olmad\u0131\u011f\u0131na bakmas\u0131 gerekti\u011fini belirtti. \u015eim\u015fek, sadece sa\u011fl\u0131k harcamalar\u0131na 1 y\u0131l i\u00e7in 44 milyar lira aktar\u0131ld\u0131\u011f\u0131na vurgu yapt\u0131.<\/p>\n<p style=\"text-align: justify;\"><strong>MAA\u015eINI BA\u011eI\u015eLAYACAK\u00a0<\/strong><\/p>\n<p style=\"text-align: justify;\">\u015eim\u015fek ayr\u0131ca, h\u00fck\u00fcmet olarak deprem yaralar\u0131n\u0131n sar\u0131lmas\u0131 i\u00e7in ellerinden geleni yapt\u0131klar\u0131n\u0131 belirtirken, bireysel olarak bir ayl\u0131k maa\u015f\u0131n\u0131 depremzedeler i\u00e7in ba\u011f\u0131\u015flayaca\u011f\u0131n\u0131 da duyurdu.<\/p>\n<p style=\"text-align: justify;\"><strong>DEPREM VERG\u0130S\u0130 NED\u0130R?\u00a0<\/strong><\/p>\n<p style=\"text-align: justify;\">Marmara depremi sonras\u0131nda deprem yaralar\u0131n\u0131 sarmak ve depreme d\u00f6n\u00fck \u00e7al\u0131\u015fmalar i\u00e7in 26 Kas\u0131m 1999\u2019da \u00e7\u0131kar\u0131lan 4481 say\u0131l\u0131 kanun ile Ek Gelir, Ek Kurumlar, Ek Emlak ve Ek Motorlu Ta\u015f\u0131tlar vergisi getirildi. Ayr\u0131ca \u00d6zel \u0130leti\u015fim ve \u00d6zel \u0130\u015flem Vergisi ad\u0131 alt\u0131nda iki yeni vergi uygulamaya girdi. \u00d6zel \u0130leti\u015fim ve \u00d6zel \u0130\u015flem Vergisi uygulamalar\u0131 \u00f6nce baz\u0131 kanunlarla uzat\u0131ld\u0131. 2003 y\u0131l\u0131 sonunda \u00f6zel i\u015flem vergisi kald\u0131r\u0131larak; \u00f6zel ileti\u015fim vergisi kal\u0131c\u0131 hale getirildi. Buna g\u00f6re telefon kullanan ve telefon abonesi olan herkes, aboneli\u011finin ba\u015f\u0131nda, \u00d6zel \u0130leti\u015fim Vergisi \u00f6d\u00fcyor. Yeni aboneler i\u00e7in \u00f6denecek vergi tutar\u0131 her y\u0131l ba\u015f\u0131nda, yeniden de\u011ferleme oran\u0131nda art\u0131r\u0131l\u0131yor. 2011 y\u0131l\u0131 i\u00e7in 34 lira olarak belirlenen yeni abone vergisi; 2012 y\u0131l\u0131nda y\u00fczde 10 civar\u0131nda artarak 38 liraya y\u00fckselecek.<\/p>\n<p style=\"text-align: justify;\">Telefon aboneleri ayr\u0131ca konu\u015fma \u00fccretlerinin y\u00fczde 25\u2019i oran\u0131nda da \u00f6zel ileti\u015fim vergisi \u00f6d\u00fcyor. Maliye, 2011 y\u0131l\u0131nda 4.4 milyar lira \u00f6zel ileti\u015fim vergisi toplamay\u0131 planl\u0131yor. Bu y\u0131l\u0131n 9 ay\u0131nda toplanan vergi ise 3.3 milyara ula\u015fm\u0131\u015f bulunuyor.<\/p>\n<p style=\"text-align: justify;\"><a href=\"http:\/\/www.radikal.com.tr\/Radikal.aspx?aType=RadikalDetayV3&amp;ArticleID=1067662&amp;Date=28.10.2011&amp;CategoryID=80\" target=\"_blank\">Kaynak : Radikal.com.tr<\/a><\/p>\n","protected":false},"excerpt":{"rendered":"<p style=\"text-align: center;\">\n<p style=\"text-align: justify;\">Van depreminden sonra yeniden kamuoyunun g\u00fcndemine gelen vergiler i\u00e7in Maliye Bakan\u0131 Mehmet \u015eim\u015fek konu\u015ftu: Toplanan vergilerin sa\u011fl\u0131k, e\u011fitim, duble yollar gibi 74 milyonun ihtiyac\u0131n\u0131 kar\u015f\u0131lamak i\u00e7in kullan\u0131ld\u0131.<\/p>\n","protected":false},"author":1,"featured_media":0,"comment_status":"open","ping_status":"open","sticky":false,"template":"","format":"standard","meta":{"footnotes":""},"categories":[7],"tags":[],"class_list":["post-41680","post","type-post","status-publish","format-standard","hentry","category-ekonomi","odd"],"_links":{"self":[{"href":"http:\/\/www.korhanyilmaz.com\/index.php?rest_route=\/wp\/v2\/posts\/41680","targetHints":{"allow":["GET"]}}],"collection":[{"href":"http:\/\/www.korhanyilmaz.com\/index.php?rest_route=\/wp\/v2\/posts"}],"about":[{"href":"http:\/\/www.korhanyilmaz.com\/index.php?rest_route=\/wp\/v2\/types\/post"}],"author":[{"embeddable":true,"href":"http:\/\/www.korhanyilmaz.com\/index.php?rest_route=\/wp\/v2\/users\/1"}],"replies":[{"embeddable":true,"href":"http:\/\/www.korhanyilmaz.com\/index.php?rest_route=%2Fwp%2Fv2%2Fcomments&post=41680"}],"version-history":[{"count":0,"href":"http:\/\/www.korhanyilmaz.com\/index.php?rest_route=\/wp\/v2\/posts\/41680\/revisions"}],"wp:attachment":[{"href":"http:\/\/www.korhanyilmaz.com\/index.php?rest_route=%2Fwp%2Fv2%2Fmedia&parent=41680"}],"wp:term":[{"taxonomy":"category","embeddable":true,"href":"http:\/\/www.korhanyilmaz.com\/index.php?rest_route=%2Fwp%2Fv2%2Fcategories&post=41680"},{"taxonomy":"post_tag","embeddable":true,"href":"http:\/\/www.korhanyilmaz.com\/index.php?rest_route=%2Fwp%2Fv2%2Ftags&post=41680"}],"curies":[{"name":"wp","href":"https:\/\/api.w.org\/{rel}","templated":true}]}}