{"id":4168,"date":"2009-02-28T09:13:25","date_gmt":"2009-02-28T07:13:25","guid":{"rendered":"http:\/\/www.korhanyilmaz.com\/?p=4168"},"modified":"2009-02-28T09:13:25","modified_gmt":"2009-02-28T07:13:25","slug":"gurbuz-capan-veli-kucuk-benden-10-milyon-dolar-harac-istedi","status":"publish","type":"post","link":"http:\/\/www.korhanyilmaz.com\/?p=4168","title":{"rendered":"G\u00fcrb\u00fcz \u00c7apan: Veli K\u00fc\u00e7\u00fck benden 10 milyon dolar hara\u00e7 istedi"},"content":{"rendered":"<p><img loading=\"lazy\" decoding=\"async\" class=\"aligncenter size-full wp-image-4169\" title=\"G\u00fcrb\u00fcz \u00c7apan: Veli K\u00fc\u00e7\u00fck benden 10 milyon dolar hara\u00e7 istedi\" src=\"http:\/\/www.korhanyilmaz.com\/wp-content\/uploads\/2009\/02\/fft27_mf128024.jpeg\" alt=\"G\u00fcrb\u00fcz \u00c7apan: Veli K\u00fc\u00e7\u00fck benden 10 milyon dolar hara\u00e7 istedi\" width=\"322\" height=\"97\" \/><\/p>\n<p style=\"text-align: justify;\"><strong>Ergenekon tutuklusu eski Esenyurt Belediye Ba\u015fkan\u0131 G\u00fcrb\u00fcz \u00c7apan Silivri Cezaevi&#8217;nde inceleme yapan TBMM \u0130nsan Haklar\u0131 Komisyonu&#8217;na &#8220;Veli K\u00fc\u00e7\u00fck benden 10 milyon dolar hara\u00e7 istedi&#8221; dedi.<\/strong><\/p>\n<p style=\"text-align: justify;\">TBMM \u0130nsan Haklar\u0131n\u0131 \u0130nceleme Komisyonu b\u00fcnyesinde AKP&#8217;li Murat Y\u0131ld\u0131r\u0131m, Fatih Ar\u0131kan, Mithat Ekici, CHP&#8217;li Malik Ecder \u00d6zdemir ve MHP&#8217;li G\u00fcrcan Da\u011fda\u015f&#8217;dan olu\u015fan Cezaevi Alt Komisyonu \u00f6nceki g\u00fcn Silivri Ceza \u0130nfaz Kurumu Yerle\u015fkesi&#8217;ne gitti. Alt komisyon, yerle\u015fkede bulunan \u00fc\u00e7 cezaevinde inceleme yapt\u0131. Cezaevinde girdikleri her ko\u011fu\u015fta vekillere &#8220;Banyo ve tuvaletler bile kamerayla izleniyor&#8221; \u015fik\u00e2yeti iletildi.<br \/>\nCezaevinde ortak \u015fik\u00e2yetlerden biri de &#8216;ses yal\u0131t\u0131ms\u0131zl\u0131\u011f\u0131&#8217; oldu. Vekiller, merdiven trabzanlar\u0131na as\u0131l\u0131 battaniyeler g\u00f6rd\u00fc. Tutuklu ve h\u00fck\u00fcml\u00fcler, battaniyelerin kurutmak i\u00e7in mi as\u0131ld\u0131\u011f\u0131 y\u00f6n\u00fcndeki sorulara, &#8220;Ses yal\u0131t\u0131m\u0131 o kadar k\u00f6t\u00fc ki, yere \u00e7atal d\u00fc\u015fse, di\u011fer ko\u011fu\u015flara bu b\u00fcy\u00fck bir g\u00fcr\u00fclt\u00fc olarak yans\u0131yor, konu\u015ftu\u011fumuzda ko\u011fu\u015f duvarlar\u0131ndan sesler \u00e7\u0131nl\u0131yor. \u00c7o\u011fumuzda y\u00fczde 30-40 d\u00fczeyinde i\u015fitme kayb\u0131 olu\u015ftu. \u0130\u015fitme duyumuzu kaybetme riski var&#8221; yan\u0131t\u0131n\u0131 verdiler. <!--more--><br \/>\nErgenekon tutuklusu gazeteci Tuncay \u00d6zkan, milletvekillerine Silivri&#8217;den \u00f6nce Metris Cezaevi&#8217;nde 17 g\u00fcn &#8216;h\u00fccrede tecritte&#8217; kald\u0131\u011f\u0131n\u0131 ve burada kald\u0131\u011f\u0131 d\u00f6nemde i\u015fkenceden \u00f6len Engin \u00c7eber&#8217;in i\u015fkenceden gelen seslerini duydu\u011funu s\u00f6yledi.<br \/>\nEski \u0130stanbul Organize Su\u00e7lar M\u00fcd\u00fcr\u00fc Adil Serdar Sa\u00e7an, Ba\u015fbakan Erdo\u011fan&#8217;\u0131 belediye ba\u015fkan\u0131yken 27 dosyadan &#8216;san\u0131k&#8217; olarak sorgulad\u0131\u011f\u0131n\u0131 ifade ederek, &#8220;Bunu kine d\u00f6n\u00fc\u015ft\u00fcrm\u00fc\u015f bir ba\u015fbakanla kar\u015f\u0131 kar\u015f\u0131yay\u0131m&#8221; diye konu\u015ftu.<br \/>\nG\u00fcrb\u00fcz \u00c7apan&#8217;sa Veli K\u00fc\u00e7\u00fck&#8217;\u00fcn kendisinden 10 milyon dolar hara\u00e7 istedi\u011fini de iddia ederek, &#8220;Ayn\u0131 kefeye koyuyorlar, benden hara\u00e7 istemi\u015f adam, ben nas\u0131l, Ergenekoncu olurum&#8221; dedi. Haftada iki g\u00fcn\u00fc iki saat s\u00fcreyle s\u0131cak su verilmesini de ele\u015ftiren \u00c7apan &#8220;B\u0131rak\u0131n y\u0131kanmay\u0131 bir M\u00fcsl\u00fcman abdest alacak su bile bulamaz burada&#8221; dedi.\n<\/p>\n<p style=\"text-align: justify;\"><span style=\"color: #888888;\">Kaynak : YURDAG\u00dcL \u015e\u0130M\u015eEK \/ Radikal Gazetesi<\/span><\/p>\n","protected":false},"excerpt":{"rendered":"<\/p>\n<p style=\"text-align: justify;\">Ergenekon tutuklusu eski Esenyurt Belediye Ba\u015fkan\u0131 G\u00fcrb\u00fcz \u00c7apan Silivri Cezaevi&#8217;nde inceleme yapan TBMM \u0130nsan Haklar\u0131 Komisyonu&#8217;na &#8220;Veli K\u00fc\u00e7\u00fck benden 10 milyon dolar hara\u00e7 istedi&#8221; dedi.<\/p>\n<p style=\"text-align: justify;\">TBMM \u0130nsan Haklar\u0131n\u0131 \u0130nceleme Komisyonu b\u00fcnyesinde AKP&#8217;li Murat Y\u0131ld\u0131r\u0131m, Fatih Ar\u0131kan, Mithat Ekici, CHP&#8217;li Malik Ecder \u00d6zdemir ve MHP&#8217;li G\u00fcrcan Da\u011fda\u015f&#8217;dan olu\u015fan Cezaevi Alt Komisyonu <\/p>\n","protected":false},"author":1,"featured_media":0,"comment_status":"open","ping_status":"closed","sticky":false,"template":"","format":"standard","meta":{"footnotes":""},"categories":[105],"tags":[],"class_list":["post-4168","post","type-post","status-publish","format-standard","hentry","category-gundem","odd"],"_links":{"self":[{"href":"http:\/\/www.korhanyilmaz.com\/index.php?rest_route=\/wp\/v2\/posts\/4168","targetHints":{"allow":["GET"]}}],"collection":[{"href":"http:\/\/www.korhanyilmaz.com\/index.php?rest_route=\/wp\/v2\/posts"}],"about":[{"href":"http:\/\/www.korhanyilmaz.com\/index.php?rest_route=\/wp\/v2\/types\/post"}],"author":[{"embeddable":true,"href":"http:\/\/www.korhanyilmaz.com\/index.php?rest_route=\/wp\/v2\/users\/1"}],"replies":[{"embeddable":true,"href":"http:\/\/www.korhanyilmaz.com\/index.php?rest_route=%2Fwp%2Fv2%2Fcomments&post=4168"}],"version-history":[{"count":0,"href":"http:\/\/www.korhanyilmaz.com\/index.php?rest_route=\/wp\/v2\/posts\/4168\/revisions"}],"wp:attachment":[{"href":"http:\/\/www.korhanyilmaz.com\/index.php?rest_route=%2Fwp%2Fv2%2Fmedia&parent=4168"}],"wp:term":[{"taxonomy":"category","embeddable":true,"href":"http:\/\/www.korhanyilmaz.com\/index.php?rest_route=%2Fwp%2Fv2%2Fcategories&post=4168"},{"taxonomy":"post_tag","embeddable":true,"href":"http:\/\/www.korhanyilmaz.com\/index.php?rest_route=%2Fwp%2Fv2%2Ftags&post=4168"}],"curies":[{"name":"wp","href":"https:\/\/api.w.org\/{rel}","templated":true}]}}