{"id":41671,"date":"2011-10-27T20:01:23","date_gmt":"2011-10-27T17:01:23","guid":{"rendered":"http:\/\/www.korhanyilmaz.com\/?p=41671"},"modified":"2011-10-28T07:09:58","modified_gmt":"2011-10-28T04:09:58","slug":"vanda-aci-bilanco-agirlasiyor","status":"publish","type":"post","link":"http:\/\/www.korhanyilmaz.com\/?p=41671","title":{"rendered":"Van&#8217;da ac\u0131 bilan\u00e7o a\u011f\u0131rla\u015f\u0131yor"},"content":{"rendered":"<p style=\"text-align: center;\"><a href=\"http:\/\/www.korhanyilmaz.com\/wp-content\/uploads\/2011\/10\/3033.jpg\"  class=\"lightview\"><img loading=\"lazy\" decoding=\"async\" class=\"aligncenter  wp-image-41672\" src=\"http:\/\/www.korhanyilmaz.com\/wp-content\/uploads\/2011\/10\/3033.jpg\" alt=\"\" width=\"322\" height=\"241\" \/><\/a><\/p>\n<p style=\"text-align: justify;\">Ba\u015fbakanl\u0131k Afet ve Acil Durum Y\u00f6netimi Ba\u015fkanl\u0131\u011f\u0131 (AFAD), Van&#8217;da meydana gelen depremde bug\u00fcn saat 21.30 itibar\u0131yla hayat\u0131n\u0131 kaybedenlerin say\u0131s\u0131n\u0131n 550, yaralananlar\u0131n say\u0131s\u0131n\u0131n 2 bin 300 oldu\u011funu a\u00e7\u0131klad\u0131. Van&#8217;da d\u00fcnden itibaren aral\u0131klarla devam eden ya\u011fmur ise sabah saatlerinde yerini kar ya\u011f\u0131\u015f\u0131na b\u0131rakt\u0131.<!--more--><\/p>\n<p style=\"text-align: justify;\">Van- Deprem b\u00f6lgesinde havan\u0131n so\u011fumas\u0131 ve zaman zaman da ya\u011fmurun etkili olmas\u0131 nedeniyle depremzedeler g\u00fc\u00e7 \u015fartlar alt\u0131nda ya\u015famlar\u0131n\u0131 s\u00fcrd\u00fcrmeye \u00e7al\u0131\u015f\u0131yor. En vahim haberse Van Valisi\u2019nden geldi. Van Valisi M\u00fcnir Karalo\u011flu, 2 bin 200 konutun kullan\u0131lamaz halde oldu\u011funu belirtti\u011fi k\u00f6ylerde hen\u00fcz bir \u00e7al\u0131\u015fman\u0131n olmad\u0131\u011f\u0131n\u0131 s\u00f6yledi. K\u0131\u015f\u0131n Van\u2019da \u00e7ok sert ge\u00e7ti\u011finin alt\u0131n\u0131 \u00e7izen Karalo\u011flu, \u201cK\u0131\u015f\u0131 \u00e7ad\u0131rda ge\u00e7irme imkan\u0131m\u0131z yok. \u00d6nce prefabrik ev daha sonrada kal\u0131c\u0131 konutlar yap\u0131lmal\u0131\u201d dedi.<\/p>\n<p style=\"text-align: justify;\"><strong>269 hastaya nakil\u00a0<\/strong><\/p>\n<p style=\"text-align: justify;\">T\u00fcrkiye Odalar ve Borsalar Birli\u011fi Ba\u015fkan\u0131 Rifat Hisarc\u0131kl\u0131o\u011flu ba\u015fkanl\u0131\u011f\u0131nda \u201cBirli\u011fe \u00c7a\u011fr\u0131 Platformu\u201d \u00fcyesi 23 STK Ba\u015fkan\u0131 Van\u2019a giderek incelemelerde bulundu. \u0130lk olarak Van\u2019da bulunan Sivil Savunma B\u00f6lge M\u00fcd\u00fcrl\u00fc\u011f\u00fc\u2019ndeki kriz merkezini ziyaret eden platform \u00fcyelerine b\u00f6lgedeki durumu anlatan Vali M\u00fcnir Karalo\u011flu, il merkezinde 6 binan\u0131n tamamen y\u0131k\u0131ld\u0131\u011f\u0131n\u0131, 3 binada arama kurtarma \u00e7al\u0131\u015fmalar\u0131n\u0131n devam etti\u011fini, Erci\u015f\u2019te ise 85 binan\u0131n y\u0131k\u0131ld\u0131\u011f\u0131n\u0131 65 binada \u00e7al\u0131\u015fmalar\u0131n devam etti\u011fini anlatt\u0131. Karalo\u011flu, Erci\u015f\u2019te 1709 ki\u015finin arama kurtarma \u00e7al\u0131\u015fmas\u0131nda g\u00f6rev yapt\u0131\u011f\u0131n\u0131 belirterek, 6 helikopterin, 2 ambulans u\u00e7a\u011f\u0131n \u00e7evre illere 269 hastay\u0131 nakil etti\u011fini s\u00f6yledi.<\/p>\n<p style=\"text-align: justify;\"><strong>G\u00f6\u00e7 haz\u0131rl\u0131\u011f\u0131 var\u00a0<\/strong><\/p>\n<p style=\"text-align: justify;\">Halen \u00e7ad\u0131r almayanlar evlerinin \u00e7evresine kurduklar\u0131 derme \u00e7atma baraka ve naylondan yap\u0131lan bar\u0131naklarda ya\u015famlar\u0131n\u0131 s\u00fcrd\u00fcrmeye \u00e7al\u0131\u015f\u0131rken \u00e7ocuklar\u0131n hastalanmaya ba\u015flad\u0131\u011f\u0131 belirtildi. Depremde evleri a\u011f\u0131r hasar g\u00f6ren aileler y\u0131k\u0131lmak \u00fczere olan evlerine girerek e\u015fyalar\u0131n\u0131 binalardan \u00e7\u0131karmaya \u00e7al\u0131\u015f\u0131yor. Baz\u0131 ki\u015filer balkon ve pencerelerden halatlara ba\u011flad\u0131klar\u0131 e\u015fyalar\u0131n\u0131 sark\u0131tarak kurtarmaya \u00e7al\u0131\u015f\u0131rken baz\u0131 aileler ba\u015fka kentlere g\u00f6\u00e7 etmeye haz\u0131rlan\u0131yor.<\/p>\n<p style=\"text-align: justify;\"><strong>Hastalar\u0131n durumu iyi\u00a0<\/strong><\/p>\n<p style=\"text-align: justify;\">Depremin ard\u0131ndan T\u00fcrkiye\u2019nin d\u00f6rt bir yan\u0131ndan b\u00f6lgeye gelen sa\u011fl\u0131k ekipleri, yo\u011fun bir \u00e7al\u0131\u015fma y\u00fcr\u00fct\u00fcyor. Erci\u015f il\u00e7e spor salonunda olu\u015fturulan Sahra Hastanesi\u2019ndeki sa\u011fl\u0131k organizasyonundan sorumlu \u0130stanbul Sa\u011fl\u0131k M\u00fcd\u00fcr Yard\u0131mc\u0131s\u0131 Do\u00e7. Dr. Do\u011fa\u00e7 Niyazi \u00d6z\u00e7elik, \u201cTransfer ve nakil \u00e7al\u0131\u015fmalar\u0131nda g\u00f6rev al\u0131yoruz, 2 b\u00f6lgede hastane kurduk, 1\u2019i poliklinik, 3 b\u00f6lgede hizmet veriyoruz. Kalbi durmu\u015f pek \u00e7ok hastay\u0131 \u00e7evirdik. Yo\u011fun bak\u0131mlara g\u00f6nderdik. Kurtard\u0131\u011f\u0131m\u0131z hastalar\u0131n pek \u00e7o\u011funu ya\u015fatt\u0131k\u201d dedi.<\/p>\n<p style=\"text-align: justify;\"><strong>Van&#8217;da kar ya\u011f\u0131\u015f\u0131\u00a0<\/strong><\/p>\n<p style=\"text-align: justify;\">Kentte 23 Ekimde meydana gelen 7.2 b\u00fcy\u00fckl\u00fc\u011f\u00fcndeki depremin ard\u0131ndan \u00e7ad\u0131rlarda ve kendi imkanlar\u0131 ile olu\u015fturduklar\u0131 yerlerde bar\u0131nmaya \u00e7al\u0131\u015fan depremzedeler, g\u00fcne karla uyand\u0131.<\/p>\n<p style=\"text-align: justify;\">D\u00fcnden itibaren etkili olan ve aral\u0131klarla devam eden ya\u011fmurun ard\u0131ndan sabah erken saatlerden itibaren kar ya\u011f\u0131\u015f\u0131 ba\u015flad\u0131.<\/p>\n<p style=\"text-align: justify;\">Meteoroloji B\u00f6lge M\u00fcd\u00fcrl\u00fc\u011f\u00fc yetkilileri, kentte bug\u00fcnden itibaren \u00fc\u00e7 g\u00fcn s\u00fcresince kar ya\u011f\u0131\u015f\u0131 beklendi\u011fini belirterek, bug\u00fcn i\u00e7in beklenen en d\u00fc\u015f\u00fck hava s\u0131cakl\u0131\u011f\u0131n\u0131n 3, en y\u00fcksek hava s\u0131cakl\u0131\u011f\u0131n\u0131n ise 9 derece olarak tahmin edildi\u011fini bildirdiler.<\/p>\n<p style=\"text-align: justify;\"><a href=\"http:\/\/www.cumhuriyet.com.tr\/?hn=288662\" target=\"_blank\">Kaynak : Cumhuriyet Haber Portal\u0131<\/a><\/p>\n","protected":false},"excerpt":{"rendered":"<p style=\"text-align: center;\">\n<p style=\"text-align: justify;\">Ba\u015fbakanl\u0131k Afet ve Acil Durum Y\u00f6netimi Ba\u015fkanl\u0131\u011f\u0131 (AFAD), Van&#8217;da meydana gelen depremde bug\u00fcn saat 21.30 itibar\u0131yla hayat\u0131n\u0131 kaybedenlerin say\u0131s\u0131n\u0131n 550, yaralananlar\u0131n say\u0131s\u0131n\u0131n 2 bin 300 oldu\u011funu a\u00e7\u0131klad\u0131. Van&#8217;da d\u00fcnden itibaren aral\u0131klarla devam eden ya\u011fmur ise sabah saatlerinde yerini kar ya\u011f\u0131\u015f\u0131na b\u0131rakt\u0131.<\/p>\n","protected":false},"author":1,"featured_media":0,"comment_status":"open","ping_status":"open","sticky":false,"template":"","format":"standard","meta":{"footnotes":""},"categories":[105],"tags":[],"class_list":["post-41671","post","type-post","status-publish","format-standard","hentry","category-gundem","odd"],"_links":{"self":[{"href":"http:\/\/www.korhanyilmaz.com\/index.php?rest_route=\/wp\/v2\/posts\/41671","targetHints":{"allow":["GET"]}}],"collection":[{"href":"http:\/\/www.korhanyilmaz.com\/index.php?rest_route=\/wp\/v2\/posts"}],"about":[{"href":"http:\/\/www.korhanyilmaz.com\/index.php?rest_route=\/wp\/v2\/types\/post"}],"author":[{"embeddable":true,"href":"http:\/\/www.korhanyilmaz.com\/index.php?rest_route=\/wp\/v2\/users\/1"}],"replies":[{"embeddable":true,"href":"http:\/\/www.korhanyilmaz.com\/index.php?rest_route=%2Fwp%2Fv2%2Fcomments&post=41671"}],"version-history":[{"count":0,"href":"http:\/\/www.korhanyilmaz.com\/index.php?rest_route=\/wp\/v2\/posts\/41671\/revisions"}],"wp:attachment":[{"href":"http:\/\/www.korhanyilmaz.com\/index.php?rest_route=%2Fwp%2Fv2%2Fmedia&parent=41671"}],"wp:term":[{"taxonomy":"category","embeddable":true,"href":"http:\/\/www.korhanyilmaz.com\/index.php?rest_route=%2Fwp%2Fv2%2Fcategories&post=41671"},{"taxonomy":"post_tag","embeddable":true,"href":"http:\/\/www.korhanyilmaz.com\/index.php?rest_route=%2Fwp%2Fv2%2Ftags&post=41671"}],"curies":[{"name":"wp","href":"https:\/\/api.w.org\/{rel}","templated":true}]}}