{"id":41667,"date":"2011-10-26T16:48:26","date_gmt":"2011-10-26T13:48:26","guid":{"rendered":"http:\/\/www.korhanyilmaz.com\/?p=41667"},"modified":"2011-10-26T21:07:14","modified_gmt":"2011-10-26T18:07:14","slug":"461-olu-1352-yarali","status":"publish","type":"post","link":"http:\/\/www.korhanyilmaz.com\/?p=41667","title":{"rendered":"461 \u00f6l\u00fc, 1352 yaral\u0131"},"content":{"rendered":"<p style=\"text-align: justify;\"><a href=\"http:\/\/www.korhanyilmaz.com\/wp-content\/uploads\/2011\/10\/3032.jpg\"  class=\"lightview\"><img loading=\"lazy\" decoding=\"async\" class=\"aligncenter size-full wp-image-41668\" title=\"\" src=\"http:\/\/www.korhanyilmaz.com\/wp-content\/uploads\/2011\/10\/3032.jpg\" alt=\"\" width=\"250\" height=\"150\" \/><\/a><\/p>\n<p style=\"text-align: justify;\">Ba\u015fbakanl\u0131k Afet ve Acil Durum Y\u00f6netimi Ba\u015fkanl\u0131\u011f\u0131 (AFAD) saat 09.00 itibariyle Richter \u00f6l\u00e7e\u011fine g\u00f6re 7.2 b\u00fcy\u00fckl\u00fc\u011f\u00fcndeki Van depreminde 461 ki\u015finin \u00f6ld\u00fc\u011f\u00fcn\u00fc, 1352 ki\u015finin yaraland\u0131\u011f\u0131n\u0131 a\u00e7\u0131klad\u0131. Ba\u015fbakan Erdo\u011fan da, Geni\u015fletilmi\u015f \u0130l Ba\u015fkanlar\u0131 Toplant\u0131s\u0131&#8217;nda Van&#8217;da meydana gelen depremde kay\u0131plar\u0131n 63&#8217;\u00fcn\u00fcn \u00f6\u011fretmenler oldu\u011funu a\u00e7\u0131klad\u0131.\u00a0<!--more--><\/p>\n<p style=\"text-align: justify;\">A\u00e7\u0131klamada, AFAD Ba\u015fkanl\u0131\u011f\u0131 taraf\u0131ndan Van Valili\u011fi emrine acil ihtiya\u00e7lar\u0131n kar\u015f\u0131lanmas\u0131 i\u00e7in ilk a\u015famada 3 milyon TL acil yard\u0131m \u00f6dene\u011fi g\u00f6nderildi\u011fi, Ba\u015fbakanl\u0131k taraf\u0131ndan ba\u015flat\u0131lan yard\u0131m kampanyas\u0131nda 1.728 milyon TL topland\u0131\u011f\u0131, 48 il ve 39 kurumdan arama kurtarma, sa\u011fl\u0131k ve ilk yard\u0131m personeli ile ekipmanlar\u0131, 22 THY, 22 askeri ve 8 \u00f6zel kargo u\u00e7a\u011f\u0131 olmak \u00fczere toplam 52 u\u00e7ak ve ara\u00e7larla b\u00f6lgeye sevk edildi\u011fi belirtildi.<\/p>\n<p style=\"text-align: justify;\">AFAD Ba\u015fkanl\u0131\u011f\u0131&#8217;ndan yap\u0131lan a\u00e7\u0131klamada \u015f\u00f6yle devam edildi: &#8220;\u00c7ad\u0131r ve battaniye ihtiyac\u0131n\u0131n kar\u015f\u0131lanmas\u0131 i\u00e7in 5 sivil, 3 askeri olmak \u00fczere toplam 8 u\u00e7akla ula\u015f\u0131m zinciri olu\u015fturulmu\u015f olup, sevkiyat devam etmektedir. Karayolu ile de ihtiya\u00e7 malzemelerinin nakli s\u00fcrmektedir. Kal\u0131c\u0131 konutlar\u0131n in\u015fas\u0131 i\u00e7in TOK\u0130\u2019ye talimat verilmi\u015f olup, afetzede konutlar\u0131 en k\u0131sa s\u00fcrede tamamlanacakt\u0131r. Ge\u00e7ici bar\u0131nma amac\u0131yla da yeteri kadar konteyn\u0131r\u0131n \u00fcretimi i\u00e7in \u00e7al\u0131\u015fmalara ba\u015flanm\u0131\u015ft\u0131r ve en k\u0131sa zamanda b\u00f6lgede kurulmas\u0131 planlanm\u0131\u015ft\u0131r. Toplam 3.755 arama-kurtarma, 860 sa\u011fl\u0131k personeli, 16 arama k\u00f6pe\u011fi, 595 i\u015f makinesi ve ara\u00e7, 7\u2019si hava ambulans\u0131 olmak \u00fczere 140 ambulans, 33 jenerat\u00f6r, 95 seyyar tuvalet, 17.836 \u00e7ad\u0131r, 60 prefabrik ev, 76.560 battaniye, 1.120 g\u0131da paketi, 10.064 g\u0131da kolisi, 36 seyyar mutfak, 3.051 mutfak seti, 5.139 katalitik soba, 425 uyku tulumu, 1 mobil f\u0131r\u0131n ve 13 ton kumanya g\u00f6nderilmi\u015ftir. 3 \u00f6\u011f\u00fcn s\u0131cak yemek da\u011f\u0131t\u0131m\u0131na ba\u015flanm\u0131\u015f olup, g\u0131da, kumanya ve di\u011fer t\u00fcketim malzemelerinin sevki devam etmektedir. Kamu hizmetlerinin y\u00fcr\u00fct\u00fclmesi ve afetzede vatanda\u015flar\u0131m\u0131za psikososyal destek verilmesi i\u00e7in 30 adet sahra \u00e7ad\u0131r\u0131 g\u00f6nderilmi\u015ftir.<\/p>\n<p style=\"text-align: justify;\">Ba\u015fkanl\u0131\u011f\u0131m\u0131zca havayolu ile gelecek olan uluslararas\u0131 yard\u0131mlar\u0131n kabul\u00fc i\u00e7in Erzurum lojistik merkez olarak belirlenmi\u015f olup, bu merkezin kurulmas\u0131 ve gelen yard\u0131mlar\u0131n Van\u2019a transferini sa\u011flamak \u00fczere Erzurum Valili\u011fi g\u00f6revlendirilmi\u015ftir. Karayolu ile gelecek olan uluslararas\u0131 yard\u0131mlar\u0131n kabul\u00fc i\u00e7in de Van Valili\u011fi\u2019nce Lojistik Kabul Merkezi kurulmu\u015ftur. \u0130lgili bakanl\u0131klar; arama-kurtarma, ge\u00e7ici bar\u0131nma, enkaz kald\u0131rma, sa\u011fl\u0131k, psikososyal destek \u00e7al\u0131\u015fmalar\u0131n\u0131n kesintisiz olarak y\u00fcr\u00fct\u00fclmesi amac\u0131yla, afet ve acil durum merkezleri ikinci bir bildirime kadar 7 g\u00fcn 24 saat \u00e7al\u0131\u015fma esas\u0131na g\u00f6re faaliyete ge\u00e7irilmi\u015ftir. Van Valili\u011fi emrine; psikolojik ve sosyal destek hizmetlerinin verilebilmesi i\u00e7in uygun nitelikte ve yeterli say\u0131da personel g\u00f6revlendirilmi\u015ftir. Ba\u015fkanl\u0131\u011f\u0131m\u0131zdan g\u00f6nderilen 20 ki\u015filik teknik heyet, \u00e7e\u015fitli illerden g\u00f6revlendirilen 200 teknik personelle birlikte \u00f6n hasar tespit \u00e7al\u0131\u015fmalar\u0131na ba\u015flam\u0131\u015ft\u0131r. \u00c7al\u0131\u015fmalar k\u0131sa s\u00fcrede bitirilecektir. Arama-kurtarma ve ilk yard\u0131m \u00e7al\u0131\u015fmalar\u0131 kesintisiz olarak devam etmektedir.&#8221;<\/p>\n<p style=\"text-align: justify;\"><strong>BA\u015eBAKAN ERDO\u011eAN: 63 \u00d6\u011eRETMEN HAYATINI KAYBETT\u0130<\/strong><\/p>\n<p style=\"text-align: justify;\">Ba\u015fbakan Erdo\u011fan, partisinin Geni\u015fletilmi\u015f \u0130l Ba\u015fkanlar\u0131 Toplant\u0131s\u0131&#8217;nda Van&#8217;da meydana gelen 7.2 b\u00fcy\u00fckl\u00fc\u011f\u00fcndeki depremle ilgili a\u00e7\u0131klamalarda bulundu. Erdo\u011fan Van&#8217;daki depremde 63 \u00f6\u011fretmenin hayat\u0131n\u0131 kaybetti\u011fini a\u00e7\u0131klad\u0131. \u0130\u015fte Erdo\u011fan&#8217;\u0131n konu\u015fmas\u0131ndan sat\u0131r ba\u015flar\u0131:<\/p>\n<p style=\"text-align: justify;\">Toplamda maalesef 63 \u00f6\u011fretmenimiz hayat\u0131n\u0131 kaybetti. Ailelerine ve e\u011fitimi camiam\u0131za ba\u015fsa\u011fl\u0131\u011f\u0131 diliyorum.<\/p>\n<p style=\"text-align: justify;\">Televizyonlar\u0131n verdi\u011fi ilk bilgilerde \u2018Van Havaalan\u0131 kullan\u0131lamaz durumda\u2019 deniyordu. \u0130lk andan itibaren Van Havaalan\u0131 kullan\u0131l\u0131yordu. Bu da yanl\u0131\u015f bir haberdi.<\/p>\n<p style=\"text-align: justify;\">B\u00f6lgeye 28 seyyar baz istasyonu g\u00f6nderildi. GSM \u015firketlerimizi tebrik ediyorum bu boyutta bir felakete ra\u011fmen ileti\u015fim sa\u011flanmas\u0131 y\u00f6n\u00fcnde \u00e7ok iyi bir \u00e7al\u0131\u015fma ortaya koydular. Depremzedelere \u00fccretsiz g\u00f6r\u00fc\u015fme imkan\u0131 tan\u0131d\u0131lar.<\/p>\n<p style=\"text-align: justify;\">Beyanname ve vergilerin bildirimi ve \u00f6deme s\u00fcreleri ileri bir tarihe ertelendi. \u00c7al\u0131\u015fma Bakanl\u0131\u011f\u0131m\u0131z deprem b\u00f6lgesinde k\u0131sa \u00e7al\u0131\u015fma \u00f6dene\u011fini devreye ald\u0131.<\/p>\n<p style=\"text-align: justify;\">Bir sendikam\u0131z\u0131n in\u015faat\u0131 s\u00fcren bir konut projesi var. g\u00f6r\u00fc\u015fmelerimiz s\u00fcr\u00fcyor anla\u015f\u0131rsak o konutlar\u0131 al\u0131p onlara ba\u015fka konut yapmak suretiyle depremzedelerin sorununu bu yolla \u00e7\u00f6zelim istiyoruz. 600 \u00f6\u011frenci kapasiteli yeni bir \u00f6\u011frenci yurdu yapaca\u011f\u0131z.<\/p>\n<p style=\"text-align: justify;\">Van ve Erci\u015f\u2019teki t\u00fcm spor tesisleri ve sahalar \u00e7ad\u0131rken ve hastanelere ayr\u0131ld\u0131. Gaz \u015febekesindeki hasarlar onar\u0131ld\u0131, do\u011falgaz kesintisiz olarak veriliyor.<\/p>\n<p style=\"text-align: justify;\"><a href=\"http:\/\/www.hurriyet.com.tr\/gundem\/19087482.asp\" target=\"_blank\">Kaynak : H\u00fcrriyet.com.tr<\/a><\/p>\n","protected":false},"excerpt":{"rendered":"<p style=\"text-align: justify;\">\n<p style=\"text-align: justify;\">Ba\u015fbakanl\u0131k Afet ve Acil Durum Y\u00f6netimi Ba\u015fkanl\u0131\u011f\u0131 (AFAD) saat 09.00 itibariyle Richter \u00f6l\u00e7e\u011fine g\u00f6re 7.2 b\u00fcy\u00fckl\u00fc\u011f\u00fcndeki Van depreminde 461 ki\u015finin \u00f6ld\u00fc\u011f\u00fcn\u00fc, 1352 ki\u015finin yaraland\u0131\u011f\u0131n\u0131 a\u00e7\u0131klad\u0131. Ba\u015fbakan Erdo\u011fan da, Geni\u015fletilmi\u015f \u0130l Ba\u015fkanlar\u0131 Toplant\u0131s\u0131&#8217;nda Van&#8217;da meydana gelen depremde kay\u0131plar\u0131n 63&#8217;\u00fcn\u00fcn \u00f6\u011fretmenler oldu\u011funu a\u00e7\u0131klad\u0131. <\/p>\n","protected":false},"author":1,"featured_media":0,"comment_status":"open","ping_status":"open","sticky":false,"template":"","format":"standard","meta":{"footnotes":""},"categories":[105],"tags":[],"class_list":["post-41667","post","type-post","status-publish","format-standard","hentry","category-gundem","odd"],"_links":{"self":[{"href":"http:\/\/www.korhanyilmaz.com\/index.php?rest_route=\/wp\/v2\/posts\/41667","targetHints":{"allow":["GET"]}}],"collection":[{"href":"http:\/\/www.korhanyilmaz.com\/index.php?rest_route=\/wp\/v2\/posts"}],"about":[{"href":"http:\/\/www.korhanyilmaz.com\/index.php?rest_route=\/wp\/v2\/types\/post"}],"author":[{"embeddable":true,"href":"http:\/\/www.korhanyilmaz.com\/index.php?rest_route=\/wp\/v2\/users\/1"}],"replies":[{"embeddable":true,"href":"http:\/\/www.korhanyilmaz.com\/index.php?rest_route=%2Fwp%2Fv2%2Fcomments&post=41667"}],"version-history":[{"count":0,"href":"http:\/\/www.korhanyilmaz.com\/index.php?rest_route=\/wp\/v2\/posts\/41667\/revisions"}],"wp:attachment":[{"href":"http:\/\/www.korhanyilmaz.com\/index.php?rest_route=%2Fwp%2Fv2%2Fmedia&parent=41667"}],"wp:term":[{"taxonomy":"category","embeddable":true,"href":"http:\/\/www.korhanyilmaz.com\/index.php?rest_route=%2Fwp%2Fv2%2Fcategories&post=41667"},{"taxonomy":"post_tag","embeddable":true,"href":"http:\/\/www.korhanyilmaz.com\/index.php?rest_route=%2Fwp%2Fv2%2Ftags&post=41667"}],"curies":[{"name":"wp","href":"https:\/\/api.w.org\/{rel}","templated":true}]}}